{"id":300192,"date":"2022-04-11T10:14:25","date_gmt":"2022-04-11T10:14:25","guid":{"rendered":"https:\/\/dimensionturistica.com\/es\/?p=300192"},"modified":"2022-04-11T10:14:26","modified_gmt":"2022-04-11T10:14:26","slug":"volver-a-viajar-con-lentes-de-asombro-el-financiero","status":"publish","type":"post","link":"https:\/\/dimensionturistica.com\/es\/volver-a-viajar-con-lentes-de-asombro-el-financiero\/","title":{"rendered":"Volver a viajar con lentes de asombro \u2013 El Financiero"},"content":{"rendered":"<p> <br \/>\n<\/p>\n<div id=\"\">\n<p class=\"default__StyledText-xb1qmn-0 kYamVn body-paragraph\">Viajar es un rompimiento. Es un acto que arranca con la variaci\u00f3n de la cotidianidad y que coloca al sujeto en una soltura determinada para recorrer una distancia.<\/p>\n<p class=\"default__StyledText-xb1qmn-0 kYamVn body-paragraph\">Pueden ser muchos o pocos kil\u00f3metros. Pueden cruzarse fronteras o no. El viaje no es un traslado easy, es una disposici\u00f3n al encuentro con otras latitudes, ambientes, formas, historias, personas y alimentos.<\/p>\n<p class=\"default__StyledText-xb1qmn-0 kYamVn body-paragraph\">En su conceptualizaci\u00f3n m\u00e1s amplia, el viaje inicia en el momento en que alguien lo propone. Se previaja en la investigaci\u00f3n y decisi\u00f3n de opciones. Se viaja en una ventana de tiempo en la que influyen muchas cosas. Y se postviaja en la conversaci\u00f3n y el recuerdo casu\u00edstico.<\/p>\n<p class=\"default__StyledText-xb1qmn-0 kYamVn body-paragraph\">Si en su esencia un viaje es una vivencia personal\u00edsima, \u00bfqu\u00e9 debemos procurar para permitirnos el asombro espont\u00e1neo y la maximizaci\u00f3n de la experiencia? Aqu\u00ed tres puntos para la reflexi\u00f3n:<\/p>\n<p class=\"default__StyledText-xb1qmn-0 kYamVn body-paragraph\"><b>1) Evitemos la tiran\u00eda del perfeccionismo.- <\/b>Todo viaje se vive entre la planeaci\u00f3n maximizada y la improvisaci\u00f3n obligada. Jerarquizamos nuestras preferencias y armonizamos lo mejor posible nuestras posibilidades.<\/p>\n<p class=\"default__StyledText-xb1qmn-0 kYamVn body-paragraph\">Pero los imponderables son parte intr\u00ednseca de m\u00e1s de un viaje. Y son la disposici\u00f3n emocional correcta y la habilidad para administrar opciones las que nos permiten procurar el resultado deseado concientizando la complejidad del proceso.<\/p>\n<p class=\"default__StyledText-xb1qmn-0 kYamVn body-paragraph\"><b>2) Permit\u00e1monos la curiosidad en su expresi\u00f3n m\u00e1s easy.- <\/b>Escuchemos los sonidos y las conversaciones. Observemos la belleza de lo pure y los rasgos de la construcci\u00f3n del hombre. Leamos lo que el sitio tenga que ofrecernos y percibamos el ambiente en su m\u00e1xima expresi\u00f3n.<\/p>\n<p class=\"default__StyledText-xb1qmn-0 kYamVn body-paragraph\">Pero por encima de todo lo anterior, ejerzamos en plenitud el arte de hacer preguntas que nos permitan entender por qu\u00e9 ah\u00ed las cosas fueron como fueron o son como son.<\/p>\n<p class=\"default__StyledText-xb1qmn-0 kYamVn body-paragraph\"><b>3) Impregn\u00e9monos de diferentes elementos culturales.-<\/b> Y es que no se sale de viaje para extra\u00f1ar voluntariamente lo que se dej\u00f3, sino para aproximarnos con lo distinto y crecer la frontera de nuestra compresi\u00f3n y disfrute.<\/p>\n<p class=\"default__StyledText-xb1qmn-0 kYamVn body-paragraph\">Alimentados por la curiosidad, conversemos, interactuemos, convivamos con destreza y respeto con los locales. Dejemos que las palabras detonen conexiones y estas produzcan momentos sensitivos relevantes.<\/p>\n<p class=\"default__StyledText-xb1qmn-0 kYamVn body-paragraph\">Viajamos por m\u00faltiples razones. En este siglo, el ser humano viaja a m\u00e1s lugares, con frecuencias mayores y a m\u00e1s latitudes. Y aun cuando la period digital nos permite viajar reconociendo lugares y haci\u00e9ndonos sentir familiarizados, pocas cosas superan la agradable sensaci\u00f3n de llegar a un sitio \u2013que nos es novedoso\u2013 con la emoci\u00f3n por descubrir lo que el lugar tenga que ofrecernos.<\/p>\n<p class=\"default__StyledText-xb1qmn-0 kYamVn body-paragraph\">Los viajes \u2013al presupuesto de cada quien\u2013 se constituyen en vivencias intencionadas que, en su mejor expresi\u00f3n, enriquecen nuestro conocimiento de la complejidad del mundo y sus culturas y producen v\u00ednculos sensibles multifactoriales.<\/p>\n<p class=\"default__StyledText-xb1qmn-0 kYamVn body-paragraph\">\u201cHay que trabajar el asombro desde lo cotidiano\u201d le escuch\u00e9 decir hace poco al fil\u00f3sofo espa\u00f1ol Jos\u00e9 Carlos Ruiz S\u00e1nchez. Y s\u00ed. Nada m\u00e1s recomendable para el ser humano que un perpetuo deseo de conocer lo que hay m\u00e1s all\u00e1 los l\u00edmites de su cotidianidad en un buen y bien trabajado viaje.<\/p>\n<\/div>\n\n<p><em> &#8221; Fuentes www.elfinanciero.com.mx &#8221; <\/em><\/p>\n","protected":false},"excerpt":{"rendered":"<p>Viajar es un rompimiento. Es un acto que arranca con la variaci\u00f3n de la cotidianidad y que coloca al sujeto en una soltura determinada para recorrer una distancia. Pueden ser muchos o pocos kil\u00f3metros. Pueden cruzarse fronteras o no. El viaje no es un traslado easy, es una disposici\u00f3n al encuentro con otras latitudes, ambientes, [&hellip;]<\/p>\n","protected":false},"author":4,"featured_media":300193,"comment_status":"open","ping_status":"closed","sticky":false,"template":"","format":"standard","meta":{"om_disable_all_campaigns":false,"jnews-multi-image_gallery":[],"jnews_single_post":[],"jnews_primary_category":[],"jnews_social_meta":[],"footnotes":""},"categories":[39],"tags":[544,681],"class_list":["post-300192","post","type-post","status-publish","format-standard","has-post-thumbnail","hentry","category-viajes","tag-turismo","tag-viaje"],"_links":{"self":[{"href":"https:\/\/dimensionturistica.com\/es\/wp-json\/wp\/v2\/posts\/300192","targetHints":{"allow":["GET"]}}],"collection":[{"href":"https:\/\/dimensionturistica.com\/es\/wp-json\/wp\/v2\/posts"}],"about":[{"href":"https:\/\/dimensionturistica.com\/es\/wp-json\/wp\/v2\/types\/post"}],"author":[{"embeddable":true,"href":"https:\/\/dimensionturistica.com\/es\/wp-json\/wp\/v2\/users\/4"}],"replies":[{"embeddable":true,"href":"https:\/\/dimensionturistica.com\/es\/wp-json\/wp\/v2\/comments?post=300192"}],"version-history":[{"count":0,"href":"https:\/\/dimensionturistica.com\/es\/wp-json\/wp\/v2\/posts\/300192\/revisions"}],"wp:featuredmedia":[{"embeddable":true,"href":"https:\/\/dimensionturistica.com\/es\/wp-json\/wp\/v2\/media\/300193"}],"wp:attachment":[{"href":"https:\/\/dimensionturistica.com\/es\/wp-json\/wp\/v2\/media?parent=300192"}],"wp:term":[{"taxonomy":"category","embeddable":true,"href":"https:\/\/dimensionturistica.com\/es\/wp-json\/wp\/v2\/categories?post=300192"},{"taxonomy":"post_tag","embeddable":true,"href":"https:\/\/dimensionturistica.com\/es\/wp-json\/wp\/v2\/tags?post=300192"}],"curies":[{"name":"wp","href":"https:\/\/api.w.org\/{rel}","templated":true}]}}