{"id":299856,"date":"2022-04-10T15:53:10","date_gmt":"2022-04-10T15:53:10","guid":{"rendered":"https:\/\/dimensionturistica.com\/es\/?p=299856"},"modified":"2022-04-10T15:53:10","modified_gmt":"2022-04-10T15:53:10","slug":"avanza-el-proyecto-integral-reserva-de-la-biosfera-de-las-islas-marias-semar-abandera-el-sector-naval-batallon-de-infanteria-de-marina-y-ensar","status":"publish","type":"post","link":"https:\/\/dimensionturistica.com\/es\/avanza-el-proyecto-integral-reserva-de-la-biosfera-de-las-islas-marias-semar-abandera-el-sector-naval-batallon-de-infanteria-de-marina-y-ensar\/","title":{"rendered":"Avanza el proyecto integral \u00abReserva de la Biosfera de Las Islas Mar\u00edas\u00bb, SEMAR abandera el sector naval, Batall\u00f3n de Infanter\u00eda de Marina y ENSAR"},"content":{"rendered":"<p><img decoding=\"async\" class=\"size-medium wp-image-299866 alignright\" src=\"https:\/\/dimensionturistica.com\/es\/wp-content\/uploads\/2022\/04\/Fotografia-04-300x200.jpg\" alt=\"\" width=\"300\" height=\"200\" srcset=\"https:\/\/dimensionturistica.com\/es\/wp-content\/uploads\/2022\/04\/Fotografia-04-300x200.jpg 300w, https:\/\/dimensionturistica.com\/es\/wp-content\/uploads\/2022\/04\/Fotografia-04-768x512.jpg 768w, https:\/\/dimensionturistica.com\/es\/wp-content\/uploads\/2022\/04\/Fotografia-04-750x500.jpg 750w, https:\/\/dimensionturistica.com\/es\/wp-content\/uploads\/2022\/04\/Fotografia-04.jpg 1024w\" sizes=\"(max-width: 300px) 100vw, 300px\" \/>Como parte del Proyecto Integral \u201cReserva de la Bi\u00f3sfera de Islas Mar\u00edas\u201d, Nayarit, la Secretar\u00eda \u00abde Marina-Armada de M\u00e9xico, en coordinaci\u00f3n con las Secretar\u00edas de Medio Ambiente y Recursos Naturales (Semarnat) y Turismo (Sectur), as\u00ed como otras instituciones del gobierno federal, esta ma\u00f1ana realizaron una serie de actividades, encabezadas por el Licenciado Andr\u00e9s Manuel L\u00f3pez Obrador, Presidente Constitucional de los Estados Unidos Mexicanos y Comandante Supremo de las Fuerzas Armadas.<\/p>\n<p>Dichos eventos son la continuaci\u00f3n del proyecto integral, creado en marzo del a\u00f1o. 2019, que tiene como objetivo transformar el ex-centro penitenciario, en un espacio para promover la conservaci\u00f3n del medio ambiente y el turismo de bajo impacto, mismo que hoy, se ve materializado con un avance significativo; destacando que desde su creaci\u00f3n, fue establecida una comisi\u00f3n interinstitucional integrada por las dependencias ya mencionadas.<br \/>\nLas actividades este d\u00eda iniciaron con la Ceremonia de Abanderamiento del Sector Naval de Islas <img decoding=\"async\" class=\"size-medium wp-image-299867 alignleft\" src=\"https:\/\/dimensionturistica.com\/es\/wp-content\/uploads\/2022\/04\/Fotografia-03-300x196.jpg\" alt=\"\" width=\"300\" height=\"196\" srcset=\"https:\/\/dimensionturistica.com\/es\/wp-content\/uploads\/2022\/04\/Fotografia-03-300x196.jpg 300w, https:\/\/dimensionturistica.com\/es\/wp-content\/uploads\/2022\/04\/Fotografia-03-768x502.jpg 768w, https:\/\/dimensionturistica.com\/es\/wp-content\/uploads\/2022\/04\/Fotografia-03-750x490.jpg 750w, https:\/\/dimensionturistica.com\/es\/wp-content\/uploads\/2022\/04\/Fotografia-03.jpg 1024w\" sizes=\"(max-width: 300px) 100vw, 300px\" \/>Mar\u00edas (NAVISMAR), de la Compa\u00f1\u00eda Independiente de Infanter\u00eda de Marina (CIIM) N\u00fam.41, as\u00ed como de la Estaci\u00f3n Naval de B\u00fasqueda, Rescate y Vigilancia Mar\u00edtima (ENSAR) Islas Mar\u00edas; unidades de MARINA representadas por el personal naval que se encuentra comisionado para cumplir con la misi\u00f3n de esta Instituci\u00f3n y hacer posible, mediante un trabajo conjunto, este proyecto para conservar la bi\u00f3sfera de esa zona del territorio mexicano.<br \/>\nLa Ceremonia de abanderamiento de las Unidades Navales fue presidida por el Presidente de la Rep\u00fablica, en compa\u00f1\u00eda de la Dra. Beatriz Guti\u00e9rrez M\u00fcller, su esposa; Almirante Jos\u00e9 Rafael Ojeda Dur\u00e1n, Secretario de Marina y Alto Mando de la Armada de M\u00e9xico; General Luis Cresencio Sandoval, Secretario de la Defensa Nacional; Dr. Miguel \u00c1ngel Navarro Quintero, Gobernador del Estado de Nayarit; y Mtro. Rub\u00e9n Rocha Moya, Gobernador del Estado de Sinaloa; as\u00ed como de autoridades civiles, militares y navalesEn su oportunidad, el secretario de Turismo de Baja California, Miguel Agui\u00f1iga Rodr\u00edguez, reconoci\u00f3 el trabajo en conjunto que se realiza con Sectur federal para dar impulso a la variada oferta de la entidad, en especial al turismo de salud y bienestar, que tiene un gran potencial en el destino.<br \/>\nEn el evento estuvieron presentes tambi\u00e9n, el subsecretario de Turismo, Humberto Hern\u00e1ndez-Haddad, y la alcaldesa de Playas de Rosarito, Araceli Brown Figueredo.<br \/>\nAs\u00ed como, representantes de las secretar\u00edas de Relaciones Exteriores, de Marina, de la Funci\u00f3n<img decoding=\"async\" class=\"size-medium wp-image-299868 alignleft\" src=\"https:\/\/dimensionturistica.com\/es\/wp-content\/uploads\/2022\/04\/Fotografia-02-300x216.jpg\" alt=\"\" width=\"300\" height=\"216\" srcset=\"https:\/\/dimensionturistica.com\/es\/wp-content\/uploads\/2022\/04\/Fotografia-02-300x216.jpg 300w, https:\/\/dimensionturistica.com\/es\/wp-content\/uploads\/2022\/04\/Fotografia-02-768x552.jpg 768w, https:\/\/dimensionturistica.com\/es\/wp-content\/uploads\/2022\/04\/Fotografia-02-120x86.jpg 120w, https:\/\/dimensionturistica.com\/es\/wp-content\/uploads\/2022\/04\/Fotografia-02-750x539.jpg 750w, https:\/\/dimensionturistica.com\/es\/wp-content\/uploads\/2022\/04\/Fotografia-02.jpg 1024w\" sizes=\"(max-width: 300px) 100vw, 300px\" \/> P\u00fablica, de Cultura; de la Procuradur\u00eda Federal del Consumidor (Profeco), de Caminos y Puentes Federales, los c\u00f3nsules titulares de M\u00e9xico en San Diego, Los \u00c1ngeles, Santa Ana, Cal\u00e9xico; entre otros.<br \/>\nDurante ese evento, se dio lectura al Acuerdo Secretarial de Abanderamiento de las Unidades Navales: 476\/2019, por el cual se crea el NAVISMAR, en el Estado de Nayarit;<br \/>\n547\/2019, por el cual se crea la CIIM-41; 548\/2019, por el cual se crea la ENSAR Islas Mar\u00edas. Posterior a este acto, el Presidente de la Rep\u00fablica tom\u00f3 protesta al personal naval y procedi\u00f3 a entregarles el l\u00e1baro patrio, concluyendo con los honores correspondientes con pito marinero.<br \/>\nActo seguido, se realiz\u00f3 la entrega del Museo de Sitio Islas Mar\u00edas, donde el presidente dirigi\u00f3 unas palabras, enfatizando que la prisi\u00f3n ahora es un centro para la cultura, el conocimiento, la historia y la literatura, adem\u00e1s para la defensa del medio ambiente. Mencion\u00f3 que el proyecto se va a consolidar en unos meses para que todos los mexicanos puedan conocer ese para\u00edso, por lo que la isla se abrir\u00e1 a los visitantes. Durante su participaci\u00f3n, tambi\u00e9n refiri\u00f3 que el pueblo es el motor que transforma y por \u00e9ste, se est\u00e1n llevando a cabo cambios muy importantes en el pa\u00eds. Finaliz\u00f3 agradeciendo a las Fuerzas Armadas y a las instituciones su apoyo y esfuerzo, recalcando que hoy se est\u00e1 constatando el avance de este proyecto.<br \/>\nPosteriormente, se llev\u00f3 a cabo un recorrido en compa\u00f1\u00eda de autoridades y representantes de las dependencias, entre otros, el Lic. Miguel Torruco Marqu\u00e9s, Secretario de Turismo; e Ing. Mar\u00eda Luisa Albores Gonz\u00e1lez, Secretaria de Medio Ambiente y Recursos Naturales, donde cada una de las instituciones encargadas dio la explicaci\u00f3n correspondiente a su \u00e1rea de responsabilidad.<br \/>\nDurante el desarrollo, por parte de Sectur, se explic\u00f3 c\u00f3mo funcionar\u00e1 el Centro de Atenci\u00f3n a Visitantes, que es la primera parada a donde llegar\u00e1n todos los excursionistas y el punto de encuentro. Adem\u00e1s, se mencionaron las ocho actividades y experiencias propuestas, apegadas al plan de manejo del archipi\u00e9lago, que ofrecer\u00e1 el nuevo producto tur\u00edstico mexicano:<br \/>\n1. Vivir la experiencia del traslado en un barco.<br \/>\n2. Desembarcar en el muelle de Puerto Balleto en la Isla Mar\u00eda Madre.<br \/>\n3. Recorrido por el Museo de Sitio y prisi\u00f3n contigua.<br \/>\n4. Senderismo a El Faro y al Cristo.<br \/>\n5. Recorrido en bicicleta por las Islas Mar\u00edas.<br \/>\n6. Safari fotogr\u00e1fico.<br \/>\n7. Atardecer en el Mirador del Centro Cultural.<br \/>\n8. Visita a los sitios de inter\u00e9s tur\u00edstico en Balleto<\/p>\n","protected":false},"excerpt":{"rendered":"<p>Como parte del Proyecto Integral \u201cReserva de la Bi\u00f3sfera de Islas Mar\u00edas\u201d, Nayarit, la Secretar\u00eda \u00abde Marina-Armada de M\u00e9xico, en coordinaci\u00f3n con las Secretar\u00edas de Medio Ambiente y Recursos Naturales (Semarnat) y Turismo (Sectur), as\u00ed como otras instituciones del gobierno federal, esta ma\u00f1ana realizaron una serie de actividades, encabezadas por el Licenciado Andr\u00e9s Manuel L\u00f3pez [&hellip;]<\/p>\n","protected":false},"author":1,"featured_media":299869,"comment_status":"open","ping_status":"closed","sticky":false,"template":"","format":"standard","meta":{"om_disable_all_campaigns":false,"jnews-multi-image_gallery":[],"jnews_single_post":{"source_name":"","source_url":"","via_name":"","via_url":"","override_template":"0","override":[{"template":"1","single_blog_custom":"","parallax":"1","fullscreen":"1","layout":"right-sidebar","sidebar":"default-sidebar","second_sidebar":"default-sidebar","sticky_sidebar":"1","share_position":"top","share_float_style":"share-monocrhome","show_share_counter":"1","show_view_counter":"1","show_featured":"1","show_post_meta":"1","show_post_author":"1","show_post_author_image":"1","show_post_date":"1","post_date_format":"default","post_date_format_custom":"Y\/m\/d","show_post_category":"1","show_post_reading_time":"0","post_reading_time_wpm":"300","show_zoom_button":"0","zoom_button_out_step":"2","zoom_button_in_step":"3","show_post_tag":"1","show_prev_next_post":"1","show_popup_post":"1","number_popup_post":"1","show_author_box":"0","show_post_related":"0","show_inline_post_related":"0"}],"override_image_size":"0","image_override":[{"single_post_thumbnail_size":"crop-500","single_post_gallery_size":"crop-500"}],"trending_post":"0","trending_post_position":"meta","trending_post_label":"Trending","sponsored_post":"0","sponsored_post_label":"Sponsored by","sponsored_post_name":"","sponsored_post_url":"","sponsored_post_logo_enable":"0","sponsored_post_logo":"","sponsored_post_desc":"","disable_ad":"0"},"jnews_primary_category":{"id":""},"jnews_social_meta":{"fb_title":"","fb_description":"","fb_image":"","twitter_title":"","twitter_description":"","twitter_image":""},"footnotes":""},"categories":[39],"tags":[],"class_list":["post-299856","post","type-post","status-publish","format-standard","has-post-thumbnail","hentry","category-viajes"],"_links":{"self":[{"href":"https:\/\/dimensionturistica.com\/es\/wp-json\/wp\/v2\/posts\/299856","targetHints":{"allow":["GET"]}}],"collection":[{"href":"https:\/\/dimensionturistica.com\/es\/wp-json\/wp\/v2\/posts"}],"about":[{"href":"https:\/\/dimensionturistica.com\/es\/wp-json\/wp\/v2\/types\/post"}],"author":[{"embeddable":true,"href":"https:\/\/dimensionturistica.com\/es\/wp-json\/wp\/v2\/users\/1"}],"replies":[{"embeddable":true,"href":"https:\/\/dimensionturistica.com\/es\/wp-json\/wp\/v2\/comments?post=299856"}],"version-history":[{"count":0,"href":"https:\/\/dimensionturistica.com\/es\/wp-json\/wp\/v2\/posts\/299856\/revisions"}],"wp:featuredmedia":[{"embeddable":true,"href":"https:\/\/dimensionturistica.com\/es\/wp-json\/wp\/v2\/media\/299869"}],"wp:attachment":[{"href":"https:\/\/dimensionturistica.com\/es\/wp-json\/wp\/v2\/media?parent=299856"}],"wp:term":[{"taxonomy":"category","embeddable":true,"href":"https:\/\/dimensionturistica.com\/es\/wp-json\/wp\/v2\/categories?post=299856"},{"taxonomy":"post_tag","embeddable":true,"href":"https:\/\/dimensionturistica.com\/es\/wp-json\/wp\/v2\/tags?post=299856"}],"curies":[{"name":"wp","href":"https:\/\/api.w.org\/{rel}","templated":true}]}}