{"id":299718,"date":"2022-04-10T03:42:49","date_gmt":"2022-04-10T03:42:49","guid":{"rendered":"https:\/\/dimensionturistica.com\/es\/?p=299718"},"modified":"2022-04-10T03:42:50","modified_gmt":"2022-04-10T03:42:50","slug":"firman-carta-de-intencion-egrem-y-el-grupo-de-viajes-bojorquez","status":"publish","type":"post","link":"https:\/\/dimensionturistica.com\/es\/firman-carta-de-intencion-egrem-y-el-grupo-de-viajes-bojorquez\/","title":{"rendered":"Firman carta de intenci\u00f3n EGREM y el Grupo de Viajes Boj\u00f3rquez"},"content":{"rendered":"<p> <br \/>\n<\/p>\n<div id=\"\">\n\t\t\t\t\t\t\t\t&#13;<\/p>\n<p><img decoding=\"async\" src=\"http:\/\/www.acn.cu\/images\/2020\/Mayo\/0-29-egrem-tempo-cubano.jpg\" alt=\"\"\/><\/p>\n<p>&#13;<\/p>\n<p>La Habana, 9 abr (ACN) En el marco de la<strong> feria de negocios del pageant San Remo Music Awards Cuba 2022<\/strong> se realiz\u00f3 la firma de una carta de intenci\u00f3n, fruto del acercamiento previo entre la Empresa de Grabaciones y Ediciones Musicales (Egrem) y el Grupo Viajes Boj\u00f3rquez, que contin\u00faa apostando por Cuba como destino tur\u00edstico.<\/p>\n<p>&#13;<\/p>\n<p>Jes\u00fas Armando Boj\u00f3rquez Patr\u00f3n, presidente de Operadora Tur\u00edstica S.A de M\u00e9xico y Mario \u00c1ngel Escalona Serrano, director de la Egrem, rubricaron el documento que persigue como objetivos fundamentales realizar acciones para promocionar la m\u00fasica cubana, realizar estudios para la identificaci\u00f3n de oportunidades comerciales y de intercambio cultural entre ambas compa\u00f1\u00edas y en los territorios respectivos.<\/p>\n<p>&#13;<\/p>\n<p>Lea: <a rel=\"nofollow noopener\" target=\"_blank\" title=\"Rumbo a la final del concurso San Remo Music Awards Cuba 2022 (+Fotos)\" itemprop=\"url\" href=\"http:\/\/www.acn.cu\/cultura\/92902-rumbo-a-la-final-del-concurso-san-remo-music-awards-cuba-2022-fotos\">Rumbo a la final del concurso San Remo Music Awards Cuba 2022 (+Fotos)<\/a><\/p>\n<p>&#13;<\/p>\n<p>El empresario mexicano agradeci\u00f3 a la disquera m\u00e1s antigua de la isla caribe\u00f1a por la oportunidad de potenciar esta alternativa de promover la m\u00fasica que es esencia de Cuba y se distingue a nivel mundial.<\/p>\n<p>&#13;<\/p>\n<p>Asimismo, dijo que aprovechar\u00e1n estos grandes eventos que piensan realizar para tambi\u00e9n promover el gran talento de los artistas cubanos en M\u00e9xico y posteriormente a nivel mundial y latinoamericano.<\/p>\n<p>&#13;<\/p>\n<p>El tambi\u00e9n presidente de la Asociaci\u00f3n de Cultura y Turismo de Am\u00e9rica Latina afirm\u00f3 que se nota el acercamiento entre ambos pa\u00edses y eso permitir\u00e1 que se acreciente ese cari\u00f1o que ha unido a las dos naciones por muchos a\u00f1os.<\/p>\n<p>&#13;<\/p>\n<blockquote class=\"twitter-tweet\"><p>&#13;<\/p>\n<p dir=\"ltr\" lang=\"es\">Iniciamos esta ma\u00f1ana en la Feria de Negocios de San Remo Music Awards con stand listo y presentaci\u00f3n de la cartera de nuestros eventos, productos y servicios. <a rel=\"nofollow noopener\" target=\"_blank\" href=\"https:\/\/twitter.com\/hashtag\/CubaEsM%C3%BAsica?src=hash&amp;ref_src=twsrc%5Etfw\">#CubaEsM\u00fasica<\/a> <a rel=\"nofollow noopener\" target=\"_blank\" href=\"https:\/\/twitter.com\/hashtag\/CubaEsCultura?src=hash&amp;ref_src=twsrc%5Etfw\">#CubaEsCultura<\/a> <a rel=\"nofollow noopener\" target=\"_blank\" href=\"https:\/\/twitter.com\/hashtag\/M%C3%BAsicaCubana?src=hash&amp;ref_src=twsrc%5Etfw\">#M\u00fasicaCubana<\/a> <a rel=\"nofollow noopener\" target=\"_blank\" href=\"https:\/\/twitter.com\/hashtag\/sanremomusicawardscuba?src=hash&amp;ref_src=twsrc%5Etfw\">#sanremomusicawardscuba<\/a> <a rel=\"nofollow noopener\" target=\"_blank\" href=\"https:\/\/twitter.com\/hashtag\/FeriaDeNegocios?src=hash&amp;ref_src=twsrc%5Etfw\">#FeriaDeNegocios<\/a> <a rel=\"nofollow noopener\" target=\"_blank\" href=\"https:\/\/t.co\/QTYrRew1KM\">pic.twitter.com\/QTYrRew1KM<\/a><\/p>\n<p>&#13;<br \/>\n\u2014 Indira Fajardo (@indirafajardo11) <a rel=\"nofollow noopener\" target=\"_blank\" href=\"https:\/\/twitter.com\/indirafajardo11\/status\/1511742374594203658?ref_src=twsrc%5Etfw\">April 6, 2022<\/a><\/p><\/blockquote>\n<p>&#13;<br \/>\n&#13;<\/p>\n<p>Anunci\u00f3 que a trav\u00e9s del sistema de Viajes Boj\u00f3rquez se operan nueve vuelos ch\u00e1rter, procedentes de Canc\u00fan, M\u00e9rida y Ciudad de M\u00e9xico con destinos a La Habana y Holgu\u00edn, y se espera que esos vuelos se incrementen pr\u00f3ximamente.<\/p>\n<p>&#13;<\/p>\n<p>Entre los acuerdos importantes de este documento se pretende, adem\u00e1s, incluir dentro del paquete tur\u00edstico un recorrido de los visitantes extranjeros por centros culturales cubanos como las Casas de la M\u00fasica Egrem, \u201cpara que los mexicanos realmente vibren y sientan ese amor por la m\u00fasica, para que la gente se sienta parte de ese ritmo cubano\u201d.<\/p>\n<p>&#13;<\/p>\n<p>Boj\u00f3rquez mencion\u00f3 tambi\u00e9n que como parte del acuerdo firmado se realizar\u00e1n giras por M\u00e9xico con los m\u00fasicos cubanos y se buscar\u00e1n espacios para presentaciones art\u00edsticas, adem\u00e1s de contactar estudios para coproducciones musicales.<\/p>\n<p>&#13;<\/p>\n<p>Por su parte, Mario Escalona dijo que este espacio de intercambio y colaboraci\u00f3n entre ambas empresas aspira a mantener estos lazos de manera permanente, buscando que tenga una mayor eficiencia comercial y una difusi\u00f3n y promoci\u00f3n m\u00e1s fuerte de la m\u00fasica cubana en el territorio latinoamericano.<\/p>\n<p>&#13;<\/p>\n<p>\u201cEn el caso particular de M\u00e9xico, nos une una red de importantes eventos que vamos a realizar de diferentes espacios de comunicaci\u00f3n para nuestros artistas, y de manera muy especial se les brindar\u00e1 a los visitantes mexicanos ofertas tanto discogr\u00e1ficas como de otros productos que podr\u00e1n adquirir en los centros culturales cubanos\u201d, expres\u00f3.<\/p>\n<p>&#13;<\/p>\n<p>Agradeci\u00f3 a la C\u00e1mara de Comercio por el acompa\u00f1amiento para poder ratificar que como parte de la secci\u00f3n de cultura que forman la Egrem y el sistema de empresas, encontraran siempre nuevas propuestas como se han definido y se seguir\u00e1n multiplicando los efectos que tiene el arte de Cuba para el mundo garantizando una difusi\u00f3n de la obra de los artistas cubanos con su creaci\u00f3n.<\/p>\n<p>&#13;<\/p>\n<p>El documento tambi\u00e9n propone el acercamiento a organizadores de eventos, festivales de la m\u00fasica y a empresarios cubanos interesados en proyectos de franquicia de estos festivales.<\/p>\n<p>&#13;<\/p>\n<p>Se anunci\u00f3 la participaci\u00f3n de Boj\u00f3rquez en el Pageant Chocolate con Caf\u00e9 y la presentaci\u00f3n por territorio mexicano de este evento que lidera el cubano Waldo Mendoza, comenzando por el territorio de Guanajuato, as\u00ed como la presentaci\u00f3n de la cartera de eventos Egrem y los artistas involucrados en estas actividades.<\/p>\n<p>&#13;<\/p>\n<p>Organizaciones de giras Egrem en territorios con franquicia de Boj\u00f3rquez, participaci\u00f3n de artistas en eventos como \u201cCuba a Bordo\u201d y la presencia de Boj\u00f3rquez en la Feria Internacional del Libro de La Habana con la presentaci\u00f3n de un stand conjunto con la casa discogr\u00e1fica cubana, que permita la profundizaci\u00f3n en estas negociaciones, son algunas de las actividades.<\/p>\n<\/p><\/div>\n<p><script async src=\"\/\/platform.twitter.com\/widgets.js\" charset=\"utf-8\"><\/script><br \/>\n<br \/><\/p>\n<p><em> &#8221; Fuentes www.acn.cu &#8221; <\/em><\/p>\n","protected":false},"excerpt":{"rendered":"<p>&#13; &#13; La Habana, 9 abr (ACN) En el marco de la feria de negocios del pageant San Remo Music Awards Cuba 2022 se realiz\u00f3 la firma de una carta de intenci\u00f3n, fruto del acercamiento previo entre la Empresa de Grabaciones y Ediciones Musicales (Egrem) y el Grupo Viajes Boj\u00f3rquez, que contin\u00faa apostando por Cuba [&hellip;]<\/p>\n","protected":false},"author":4,"featured_media":299719,"comment_status":"open","ping_status":"closed","sticky":false,"template":"","format":"standard","meta":{"om_disable_all_campaigns":false,"jnews-multi-image_gallery":[],"jnews_single_post":[],"jnews_primary_category":[],"jnews_social_meta":[],"footnotes":""},"categories":[39],"tags":[43750,956],"class_list":["post-299718","post","type-post","status-publish","format-standard","has-post-thumbnail","hentry","category-viajes","tag-carta-de-intencion-egrem-y-el-grupo-de-viajes-bojorquez","tag-cuba"],"_links":{"self":[{"href":"https:\/\/dimensionturistica.com\/es\/wp-json\/wp\/v2\/posts\/299718","targetHints":{"allow":["GET"]}}],"collection":[{"href":"https:\/\/dimensionturistica.com\/es\/wp-json\/wp\/v2\/posts"}],"about":[{"href":"https:\/\/dimensionturistica.com\/es\/wp-json\/wp\/v2\/types\/post"}],"author":[{"embeddable":true,"href":"https:\/\/dimensionturistica.com\/es\/wp-json\/wp\/v2\/users\/4"}],"replies":[{"embeddable":true,"href":"https:\/\/dimensionturistica.com\/es\/wp-json\/wp\/v2\/comments?post=299718"}],"version-history":[{"count":0,"href":"https:\/\/dimensionturistica.com\/es\/wp-json\/wp\/v2\/posts\/299718\/revisions"}],"wp:featuredmedia":[{"embeddable":true,"href":"https:\/\/dimensionturistica.com\/es\/wp-json\/wp\/v2\/media\/299719"}],"wp:attachment":[{"href":"https:\/\/dimensionturistica.com\/es\/wp-json\/wp\/v2\/media?parent=299718"}],"wp:term":[{"taxonomy":"category","embeddable":true,"href":"https:\/\/dimensionturistica.com\/es\/wp-json\/wp\/v2\/categories?post=299718"},{"taxonomy":"post_tag","embeddable":true,"href":"https:\/\/dimensionturistica.com\/es\/wp-json\/wp\/v2\/tags?post=299718"}],"curies":[{"name":"wp","href":"https:\/\/api.w.org\/{rel}","templated":true}]}}