{"id":299553,"date":"2022-04-09T18:45:53","date_gmt":"2022-04-09T18:45:53","guid":{"rendered":"https:\/\/dimensionturistica.com\/es\/?p=299553"},"modified":"2022-04-09T18:49:14","modified_gmt":"2022-04-09T18:49:14","slug":"iberia-incorpora-un-tercer-a350-en-el-primer-trimestre-del-ano","status":"publish","type":"post","link":"https:\/\/dimensionturistica.com\/es\/iberia-incorpora-un-tercer-a350-en-el-primer-trimestre-del-ano\/","title":{"rendered":"Iberia incorpora un tercer A350 en el primer trimestre del a\u00f1o"},"content":{"rendered":"<p>Como s\u00edntoma de la recuperaci\u00f3n gradual de Iberia y ligado al despliegue de su programa de verano, en el que la compa\u00f1\u00eda recuperar\u00e1 ya el 85 por ciento de su capacidad pre-pandemia, Iberia est\u00e1 retomando su calendario de entrega de aviones con gran celeridad.<br \/>\nLa semana pasada lleg\u00f3 un nuevo A350 \u201cVolando\u201d con matr\u00edcula EC-NMZ, que es el tercero que se incorpora a la flota de Iberia en apenas un mes.<br \/>\nEste avi\u00f3n, que lleva el nombre de la canci\u00f3n con la que Iberia recibi\u00f3 su primer A350 en 2018, es<img decoding=\"async\" class=\" wp-image-299557 alignleft\" src=\"https:\/\/dimensionturistica.com\/es\/wp-content\/uploads\/2022\/04\/iberia_475109880241758_thumb-300x172.jpeg\" alt=\"\" width=\"429\" height=\"246\" srcset=\"https:\/\/dimensionturistica.com\/es\/wp-content\/uploads\/2022\/04\/iberia_475109880241758_thumb-300x172.jpeg 300w, https:\/\/dimensionturistica.com\/es\/wp-content\/uploads\/2022\/04\/iberia_475109880241758_thumb.jpeg 730w\" sizes=\"(max-width: 429px) 100vw, 429px\" \/> el \u00faltimo que lleva la configuraci\u00f3n de cabina actual. Los otros ocho que est\u00e1 previsto que se incorporen hasta 2024 incluir\u00e1n novedades en las cabinas Business, Turista Premium y Turista que mejorar\u00e1n la experiencia de viaje de los clientes de Iberia.<br \/>\nEstos aviones son los m\u00e1s silenciosos del mercado y, adem\u00e1s, entre un 30 y un 35 por ciento m\u00e1s eficientes en cuanto a consumo de combustible y emisiones de CO2, gracias a los materiales de \u00faltima generaci\u00f3n con los que est\u00e1 construido y al avanzado dise\u00f1o de sus motores Rolls-Royce Trent XWB.<br \/>\nLa semana pasada la aerol\u00ednea tambi\u00e9n recibi\u00f3 un nuevo A320neo, con matr\u00edcula EC-NTO y nombre \u201cLa Mu\u00f1oza\u201d, en alusi\u00f3n a las instalaciones en Madrid que albergan los hangares y talleres de Iberia Mantenimiento. Todos los aviones de Iberia de este modelo han recibido nombres relacionados con la aviaci\u00f3n, como \u201cPatrulla \u00c1guila\u201d, \u201cGetafe, cuna del avi\u00f3n\u201d o \u201cAmelia Earhart\u201d.<br \/>\nA320neo &#8211; La Mu\u00f1oza 2Est\u00e1 previsto tambi\u00e9n que a lo largo de este a\u00f1o y, hasta 2023, se incorporen a la flota de Iberia un total de seis Airbus A320neo para operar las rutas de corto y medio radio. \u201cLa Mu\u00f1oza\u201d es el tercero de los tres primeros aviones que se han incorporado en febrero y marzo, y los tres siguientes lo har\u00e1n en los pr\u00f3ximos meses hasta sumar las 14 unidades de este modelo.<br \/>\nTodos estos A320neo cuentan ya con la cabina \u201cAirspace\u201d, con interiores m\u00e1s confortables para los clientes, maleteros m\u00e1s amplios para el equipaje de mano, m\u00e1s espacio a bordo para los pasajeros por el redise\u00f1o de los paneles laterales, una nueva iluminaci\u00f3n ambiental en cabina (\u201cmood light\u201d) y lavabos con acabado antibacteriano, entre otras mejoras.<br \/>\nEl A320neo es el avi\u00f3n m\u00e1s avanzado tecnol\u00f3gicamente y eficiente de la flota de corto y medio radio de Iberia. Equipado con motores CFM de tipo Leap-1A, es un 50% m\u00e1s silencioso y entre un 15% y un 20% m\u00e1s respetuoso con el medio ambiente, pues emite 5.000 toneladas menos de CO2 al a\u00f1o y un 50% menos de NOx.<br \/>\nA finales de 2023 est\u00e1 previsto tambi\u00e9n que llegue el primer avi\u00f3n del pedido de ocho unidades del A321XLR que IAG realiz\u00f3 para Iberia en 2019. Este nuevo modelo de avi\u00f3n le permitir\u00e1 a la aerol\u00ednea operar nuevos destinos transatl\u00e1nticos e incrementar frecuencias en mercados clave.<br \/>\nCon la incorporaci\u00f3n del \u00faltimo A350, la flota actual del Grupo Iberia est\u00e1 compuesta por 143 aviones, 77 de Iberia, de las familias A350, A330 y A320; 21 de Iberia Express de la familia A320; y otros 45 de Air Nostrum.<\/p>\n<p>&nbsp;<\/p>\n","protected":false},"excerpt":{"rendered":"<p>Como s\u00edntoma de la recuperaci\u00f3n gradual de Iberia y ligado al despliegue de su programa de verano, en el que la compa\u00f1\u00eda recuperar\u00e1 ya el 85 por ciento de su capacidad pre-pandemia, Iberia est\u00e1 retomando su calendario de entrega de aviones con gran celeridad. La semana pasada lleg\u00f3 un nuevo A350 \u201cVolando\u201d con matr\u00edcula EC-NMZ, [&hellip;]<\/p>\n","protected":false},"author":1,"featured_media":299558,"comment_status":"open","ping_status":"closed","sticky":false,"template":"","format":"standard","meta":{"om_disable_all_campaigns":false,"jnews-multi-image_gallery":[],"jnews_single_post":{"source_name":"","source_url":"","via_name":"","via_url":"","override_template":"0","override":[{"template":"1","single_blog_custom":"","parallax":"1","fullscreen":"1","layout":"right-sidebar","sidebar":"default-sidebar","second_sidebar":"default-sidebar","sticky_sidebar":"1","share_position":"top","share_float_style":"share-monocrhome","show_share_counter":"1","show_view_counter":"1","show_featured":"1","show_post_meta":"1","show_post_author":"1","show_post_author_image":"1","show_post_date":"1","post_date_format":"default","post_date_format_custom":"Y\/m\/d","show_post_category":"1","show_post_reading_time":"0","post_reading_time_wpm":"300","show_zoom_button":"0","zoom_button_out_step":"2","zoom_button_in_step":"3","show_post_tag":"1","show_prev_next_post":"1","show_popup_post":"1","number_popup_post":"1","show_author_box":"0","show_post_related":"0","show_inline_post_related":"0"}],"override_image_size":"0","image_override":[{"single_post_thumbnail_size":"crop-500","single_post_gallery_size":"crop-500"}],"trending_post":"0","trending_post_position":"meta","trending_post_label":"Trending","sponsored_post":"0","sponsored_post_label":"Sponsored by","sponsored_post_name":"","sponsored_post_url":"","sponsored_post_logo_enable":"0","sponsored_post_logo":"","sponsored_post_desc":"","disable_ad":"0"},"jnews_primary_category":{"id":""},"jnews_social_meta":{"fb_title":"","fb_description":"","fb_image":"","twitter_title":"","twitter_description":"","twitter_image":""},"footnotes":""},"categories":[40],"tags":[],"class_list":["post-299553","post","type-post","status-publish","format-standard","has-post-thumbnail","hentry","category-industria"],"_links":{"self":[{"href":"https:\/\/dimensionturistica.com\/es\/wp-json\/wp\/v2\/posts\/299553","targetHints":{"allow":["GET"]}}],"collection":[{"href":"https:\/\/dimensionturistica.com\/es\/wp-json\/wp\/v2\/posts"}],"about":[{"href":"https:\/\/dimensionturistica.com\/es\/wp-json\/wp\/v2\/types\/post"}],"author":[{"embeddable":true,"href":"https:\/\/dimensionturistica.com\/es\/wp-json\/wp\/v2\/users\/1"}],"replies":[{"embeddable":true,"href":"https:\/\/dimensionturistica.com\/es\/wp-json\/wp\/v2\/comments?post=299553"}],"version-history":[{"count":0,"href":"https:\/\/dimensionturistica.com\/es\/wp-json\/wp\/v2\/posts\/299553\/revisions"}],"wp:featuredmedia":[{"embeddable":true,"href":"https:\/\/dimensionturistica.com\/es\/wp-json\/wp\/v2\/media\/299558"}],"wp:attachment":[{"href":"https:\/\/dimensionturistica.com\/es\/wp-json\/wp\/v2\/media?parent=299553"}],"wp:term":[{"taxonomy":"category","embeddable":true,"href":"https:\/\/dimensionturistica.com\/es\/wp-json\/wp\/v2\/categories?post=299553"},{"taxonomy":"post_tag","embeddable":true,"href":"https:\/\/dimensionturistica.com\/es\/wp-json\/wp\/v2\/tags?post=299553"}],"curies":[{"name":"wp","href":"https:\/\/api.w.org\/{rel}","templated":true}]}}