{"id":299529,"date":"2022-04-09T18:17:09","date_gmt":"2022-04-09T18:17:09","guid":{"rendered":"https:\/\/dimensionturistica.com\/es\/?p=299529"},"modified":"2022-04-09T18:17:09","modified_gmt":"2022-04-09T18:17:09","slug":"viva-aerobus-inaugura-nueva-ruta-entre-medellin-colombia-y-la-cdmx-y-cancun","status":"publish","type":"post","link":"https:\/\/dimensionturistica.com\/es\/viva-aerobus-inaugura-nueva-ruta-entre-medellin-colombia-y-la-cdmx-y-cancun\/","title":{"rendered":"Viva Aerobus inaugura nueva ruta entre \u00abMedell\u00edn Colombia y La CDMX y Canc\u00fan\u00bb"},"content":{"rendered":"<p><img decoding=\"async\" class=\"size-medium wp-image-299533 alignleft\" src=\"https:\/\/dimensionturistica.com\/es\/wp-content\/uploads\/2022\/04\/Viva-Aerobus_Nuevas-rutas-Medellin-4-225x300.jpeg\" alt=\"\" width=\"225\" height=\"300\" srcset=\"https:\/\/dimensionturistica.com\/es\/wp-content\/uploads\/2022\/04\/Viva-Aerobus_Nuevas-rutas-Medellin-4-225x300.jpeg 225w, https:\/\/dimensionturistica.com\/es\/wp-content\/uploads\/2022\/04\/Viva-Aerobus_Nuevas-rutas-Medellin-4-750x1000.jpeg 750w, https:\/\/dimensionturistica.com\/es\/wp-content\/uploads\/2022\/04\/Viva-Aerobus_Nuevas-rutas-Medellin-4.jpeg 768w\" sizes=\"(max-width: 225px) 100vw, 225px\" \/>Viva Aerobus, la aerol\u00ednea de ultra bajo costo de M\u00e9xico, inici\u00f3 la operaci\u00f3n de sus dos nuevas rutas internacionales desde Medell\u00edn (MDE) a la Ciudad de M\u00e9xico (MEX) y Canc\u00fan (CUN).<br \/>\nEl evento inaugural, celebrado en el Aeropuerto de Rionegro, cont\u00f3 con la participaci\u00f3n de autoridades y representantes de la Alcald\u00eda y del Bureau de Medell\u00edn, de ProColombia, del Aeropuerto Jos\u00e9 Mar\u00eda C\u00f3rdova y AIRPLAN \u2013operador de dicho aeropuerto-, y de la aerol\u00ednea mexicana Viva Aerobus, quienes cortaron el list\u00f3n inaugural de estas dos nuevas rutas.<br \/>\nCon 186 pasajeros y un factor de ocupaci\u00f3n del 100%, aterriz\u00f3 a las 10:30 horas en el Aeropuerto de Medell\u00edn la aeronave Airbus A320, proveniente de la capital de M\u00e9xico, recibiendo el tradicional arco de agua. Y, hoy por la noche, hacia las 19:35 horas, har\u00e1 lo propio el vuelo VB442 desde Canc\u00fan.<br \/>\n&#8220;La llegada de Viva Aerobus desde Canc\u00fan y Ciudad de M\u00e9xico a Medell\u00edn representa una gran oportunidad en la atracci\u00f3n de viajeros internacionales hacia nuestros destinos. Para la temporada de Semana Santa, esperamos la llegada de m\u00e1s de 31.800 pasajeros extranjeros a Colombia, siendo M\u00e9xico el segundo pa\u00eds con mayor n\u00famero de reservas a\u00e9reas&#8221;, mencion\u00f3 Flavia Santoro, Presidenta de ProColombia.<br \/>\nMedell\u00edn \u2013 Ciudad de M\u00e9xico opera un vuelo diario a precios desde los USD $97 d\u00f3lares en viaje sencillo. Por su parte, Medell\u00edn \u2013 Canc\u00fan vuela los lunes, mi\u00e9rcoles y viernes con boletos desde los USD $76. Ambas rutas son operadas con aeronaves Airbus A320 con capacidad para 186 pasajeros. Estos aviones forman parte de la flota m\u00e1s joven de M\u00e9xico con una edad promedio de 5 a\u00f1os y la<img decoding=\"async\" class=\"size-medium wp-image-299530 alignright\" src=\"https:\/\/dimensionturistica.com\/es\/wp-content\/uploads\/2022\/04\/Viva-Aerobus_Nuevas-rutas-Medellin-1-300x169.jpeg\" alt=\"\" width=\"300\" height=\"169\" srcset=\"https:\/\/dimensionturistica.com\/es\/wp-content\/uploads\/2022\/04\/Viva-Aerobus_Nuevas-rutas-Medellin-1-300x169.jpeg 300w, https:\/\/dimensionturistica.com\/es\/wp-content\/uploads\/2022\/04\/Viva-Aerobus_Nuevas-rutas-Medellin-1-1024x576.jpeg 1024w, https:\/\/dimensionturistica.com\/es\/wp-content\/uploads\/2022\/04\/Viva-Aerobus_Nuevas-rutas-Medellin-1-768x432.jpeg 768w, https:\/\/dimensionturistica.com\/es\/wp-content\/uploads\/2022\/04\/Viva-Aerobus_Nuevas-rutas-Medellin-1-750x422.jpeg 750w, https:\/\/dimensionturistica.com\/es\/wp-content\/uploads\/2022\/04\/Viva-Aerobus_Nuevas-rutas-Medellin-1-1140x641.jpeg 1140w, https:\/\/dimensionturistica.com\/es\/wp-content\/uploads\/2022\/04\/Viva-Aerobus_Nuevas-rutas-Medellin-1.jpeg 1280w\" sizes=\"(max-width: 300px) 100vw, 300px\" \/> tercera m\u00e1s joven de toda Norteam\u00e9rica.<br \/>\n&#8220;M\u00e9xico representa el segundo mercado en importancia en llegada de visitantes no residentes a Medell\u00edn, en el a\u00f1o 2021 se recibieron 9.500 visitantes de este pa\u00eds. Se consolida como un mercado muy atractivo tanto para el turismo emisivo como el receptivo y por eso nos satisface que una nueva aerol\u00ednea como Viva Aerobus inicie operaciones desde el aeropuerto JMC&#8221;, dijo Ledys L\u00f3pez Zapata, Subsecretaria de Turismo de Medell\u00edn.<br \/>\nLa expansi\u00f3n de Viva Aerobus en Colombia responde a una creciente demanda que, con una propuesta de vuelos a precios bajos, permite dinamizar, a\u00fan m\u00e1s, uno de los tres mercados a\u00e9reos m\u00e1s grandes de Am\u00e9rica Latina. De acuerdo con la m\u00e1s reciente informaci\u00f3n de la Secretar\u00eda de Turismo de M\u00e9xico, la llegada de visitantes colombianos v\u00eda a\u00e9rea a M\u00e9xico report\u00f3 un incremento del 263.1% en febrero de 2022 en comparaci\u00f3n con febrero 2021. De esta manera, con m\u00e1s de 115 mil pasajeros colombianos en los dos primeros meses de este a\u00f1o (enero-febrero), Colombia se posicion\u00f3 como el tercer pa\u00eds que gener\u00f3 un mayor flujo de visitantes, tan s\u00f3lo detr\u00e1s de Estados Unidos y Canad\u00e1.<br \/>\nPor su parte, seg\u00fan lo reportado por el Gobierno de Colombia en su informe anual 2021 sobre las cifras del turismo, en 2021 M\u00e9xico ocup\u00f3 el tercer puesto entre los pa\u00edses que generaron un mayor <img decoding=\"async\" class=\"size-medium wp-image-299532 alignleft\" src=\"https:\/\/dimensionturistica.com\/es\/wp-content\/uploads\/2022\/04\/Viva-Aerobus_Nuevas-rutas-Medellin-3-300x169.jpeg\" alt=\"\" width=\"300\" height=\"169\" srcset=\"https:\/\/dimensionturistica.com\/es\/wp-content\/uploads\/2022\/04\/Viva-Aerobus_Nuevas-rutas-Medellin-3-300x169.jpeg 300w, https:\/\/dimensionturistica.com\/es\/wp-content\/uploads\/2022\/04\/Viva-Aerobus_Nuevas-rutas-Medellin-3-1024x575.jpeg 1024w, https:\/\/dimensionturistica.com\/es\/wp-content\/uploads\/2022\/04\/Viva-Aerobus_Nuevas-rutas-Medellin-3-768x431.jpeg 768w, https:\/\/dimensionturistica.com\/es\/wp-content\/uploads\/2022\/04\/Viva-Aerobus_Nuevas-rutas-Medellin-3-750x421.jpeg 750w, https:\/\/dimensionturistica.com\/es\/wp-content\/uploads\/2022\/04\/Viva-Aerobus_Nuevas-rutas-Medellin-3-1140x640.jpeg 1140w, https:\/\/dimensionturistica.com\/es\/wp-content\/uploads\/2022\/04\/Viva-Aerobus_Nuevas-rutas-Medellin-3.jpeg 1280w\" sizes=\"(max-width: 300px) 100vw, 300px\" \/>flujo de visitantes extranjeros no residentes a Colombia, tan s\u00f3lo detr\u00e1s de Estados Unidos y Venezuela, habiendo enviado a m\u00e1s de 81 mil viajeros. De forma paralela, M\u00e9xico se posicion\u00f3 como el segundo destino internacional favorito de los viajeros colombianos con un 16% del total del turismo emisor con m\u00e1s de 411 mil viajeros.<br \/>\nEn consecuencia, a menos de un a\u00f1o de la llegada de Viva Aerobus a Colombia con la apertura de sus vuelos desde Bogot\u00e1 a Canc\u00fan y a la Ciudad de M\u00e9xico; hoy ya suma cuatro rutas en este pa\u00eds que se convirti\u00f3 en su primer destino en Sudam\u00e9rica. Ahora, Medell\u00edn tambi\u00e9n conecta con dos ciudades bandera de M\u00e9xico por su diversificada oferta tur\u00edstica y por las oportunidades de negocio en ellas.<br \/>\nHist\u00f3ricamente M\u00e9xico se ha ubicado entre los cinco principales emisores de viajeros a Medell\u00edn, destino que ofrece experiencias que se ajustan al gusto de este turista interesado, seg\u00fan estudios de ProColombia, en conocer la cultura del lugar que visita, disfrutar de experiencias \u201ccity break\u201d y actividades relacionadas con moda y compras. La riqueza cultural de Medell\u00edn marcada por el maestro Fernando Botero, el arte urbano como expresi\u00f3n de transformaci\u00f3n, su vida nocturna y liderazgo como capital de la moda colombiana, hacen de Medell\u00edn un destino atractivo para el turista mexicano.<br \/>\n\u201cLe damos la m\u00e1s cordial bienvenida a Viva Aerobus y a todos sus pasajeros al Aeropuerto de Medell\u00edn, en donde les atenderemos con un servicio e infraestructura de primer nivel. Le deseamos el mayor de los \u00e9xitos a estas dos nuevas rutas que fortalecer\u00e1n la conectividad a\u00e9rea internacional de Antioquia\u201d, mencion\u00f3 Fredy Adolfo Jaramillo Giraldo, Gerente del Aeropuerto Jos\u00e9 Mar\u00eda C\u00f3rdova.<br \/>\nViva Aerobus, con 15 a\u00f1os de experiencia, aterriza con una propuesta de valor que se caracteriza por un enfoque en el cliente, flexibilidad, precios bajos y una conectividad integral. En este sentido, estos vuelos no s\u00f3lo enlazan a tres ciudades, tambi\u00e9n ponen a disposici\u00f3n de los pasajeros colombianos una red de rutas que conectan a Canc\u00fan y Ciudad de M\u00e9xico con m\u00e1s de 40 destinos al interior de M\u00e9xico.<br \/>\nResultado de este servicio, Viva Aerobus se ha posicionado como la aerol\u00ednea mexicana con la mayor tasa de crecimiento y una red de m\u00e1s de 130 rutas, m\u00e1s de 3,300 colaboradores y 56 aeronaves Airbus de \u00faltima generaci\u00f3n.<br \/>\n\u201cEstamos muy entusiasmados por la inauguraci\u00f3n de estas dos nuevas rutas para atender a los pasajeros de Colombia y M\u00e9xico con vuelos punto a punto, precios bajos, aviones nuevos y confiabilidad. Agradecemos profundamente la apertura y bienvenida que hemos recibido de Colombia, hemos obtenido una gran respuesta en la demanda de los pasajeros en uno de los mercados m\u00e1s grandes de Am\u00e9rica Latina\u201d, afirm\u00f3 Juan Carlos Zuazua, Director General de Viva Aerobus.<br \/>\nLos pasajeros pueden adquirir sus boletos en el sitio oficial de la aerol\u00ednea Viva: https: \/\/www.vivaaerobus.com\/mx, en las VivaTiendas, en la Viva App o llamando al Call Center (LADA sin costo) 0181 82 150 150<\/p>\n","protected":false},"excerpt":{"rendered":"<p>Viva Aerobus, la aerol\u00ednea de ultra bajo costo de M\u00e9xico, inici\u00f3 la operaci\u00f3n de sus dos nuevas rutas internacionales desde Medell\u00edn (MDE) a la Ciudad de M\u00e9xico (MEX) y Canc\u00fan (CUN). El evento inaugural, celebrado en el Aeropuerto de Rionegro, cont\u00f3 con la participaci\u00f3n de autoridades y representantes de la Alcald\u00eda y del Bureau de [&hellip;]<\/p>\n","protected":false},"author":1,"featured_media":299531,"comment_status":"open","ping_status":"closed","sticky":false,"template":"","format":"standard","meta":{"om_disable_all_campaigns":false,"jnews-multi-image_gallery":[],"jnews_single_post":{"source_name":"","source_url":"","via_name":"","via_url":"","override_template":"0","override":[{"template":"1","single_blog_custom":"","parallax":"1","fullscreen":"1","layout":"right-sidebar","sidebar":"default-sidebar","second_sidebar":"default-sidebar","sticky_sidebar":"1","share_position":"top","share_float_style":"share-monocrhome","show_share_counter":"1","show_view_counter":"1","show_featured":"1","show_post_meta":"1","show_post_author":"1","show_post_author_image":"1","show_post_date":"1","post_date_format":"default","post_date_format_custom":"Y\/m\/d","show_post_category":"1","show_post_reading_time":"0","post_reading_time_wpm":"300","show_zoom_button":"0","zoom_button_out_step":"2","zoom_button_in_step":"3","show_post_tag":"1","show_prev_next_post":"1","show_popup_post":"1","number_popup_post":"1","show_author_box":"0","show_post_related":"0","show_inline_post_related":"0"}],"override_image_size":"0","image_override":[{"single_post_thumbnail_size":"crop-500","single_post_gallery_size":"crop-500"}],"trending_post":"0","trending_post_position":"meta","trending_post_label":"Trending","sponsored_post":"0","sponsored_post_label":"Sponsored by","sponsored_post_name":"","sponsored_post_url":"","sponsored_post_logo_enable":"0","sponsored_post_logo":"","sponsored_post_desc":"","disable_ad":"0"},"jnews_primary_category":{"id":""},"jnews_social_meta":{"fb_title":"","fb_description":"","fb_image":"","twitter_title":"","twitter_description":"","twitter_image":""},"footnotes":""},"categories":[39],"tags":[],"class_list":["post-299529","post","type-post","status-publish","format-standard","has-post-thumbnail","hentry","category-viajes"],"_links":{"self":[{"href":"https:\/\/dimensionturistica.com\/es\/wp-json\/wp\/v2\/posts\/299529","targetHints":{"allow":["GET"]}}],"collection":[{"href":"https:\/\/dimensionturistica.com\/es\/wp-json\/wp\/v2\/posts"}],"about":[{"href":"https:\/\/dimensionturistica.com\/es\/wp-json\/wp\/v2\/types\/post"}],"author":[{"embeddable":true,"href":"https:\/\/dimensionturistica.com\/es\/wp-json\/wp\/v2\/users\/1"}],"replies":[{"embeddable":true,"href":"https:\/\/dimensionturistica.com\/es\/wp-json\/wp\/v2\/comments?post=299529"}],"version-history":[{"count":0,"href":"https:\/\/dimensionturistica.com\/es\/wp-json\/wp\/v2\/posts\/299529\/revisions"}],"wp:featuredmedia":[{"embeddable":true,"href":"https:\/\/dimensionturistica.com\/es\/wp-json\/wp\/v2\/media\/299531"}],"wp:attachment":[{"href":"https:\/\/dimensionturistica.com\/es\/wp-json\/wp\/v2\/media?parent=299529"}],"wp:term":[{"taxonomy":"category","embeddable":true,"href":"https:\/\/dimensionturistica.com\/es\/wp-json\/wp\/v2\/categories?post=299529"},{"taxonomy":"post_tag","embeddable":true,"href":"https:\/\/dimensionturistica.com\/es\/wp-json\/wp\/v2\/tags?post=299529"}],"curies":[{"name":"wp","href":"https:\/\/api.w.org\/{rel}","templated":true}]}}