{"id":299454,"date":"2022-04-09T14:38:54","date_gmt":"2022-04-09T14:38:54","guid":{"rendered":"https:\/\/dimensionturistica.com\/es\/?p=299454"},"modified":"2022-04-09T14:38:54","modified_gmt":"2022-04-09T14:38:54","slug":"inicia-miguel-torruco-gira-de-trabajo-por-baja-california","status":"publish","type":"post","link":"https:\/\/dimensionturistica.com\/es\/inicia-miguel-torruco-gira-de-trabajo-por-baja-california\/","title":{"rendered":"Inicia Miguel Torruco gira de trabajo por Baja California"},"content":{"rendered":"<p><img decoding=\"async\" class=\"size-medium wp-image-299456 alignleft\" src=\"https:\/\/dimensionturistica.com\/es\/wp-content\/uploads\/2022\/04\/Gira-Baja-California-6-300x225.jpeg\" alt=\"\" width=\"300\" height=\"225\" srcset=\"https:\/\/dimensionturistica.com\/es\/wp-content\/uploads\/2022\/04\/Gira-Baja-California-6-300x225.jpeg 300w, https:\/\/dimensionturistica.com\/es\/wp-content\/uploads\/2022\/04\/Gira-Baja-California-6-768x576.jpeg 768w, https:\/\/dimensionturistica.com\/es\/wp-content\/uploads\/2022\/04\/Gira-Baja-California-6-750x563.jpeg 750w, https:\/\/dimensionturistica.com\/es\/wp-content\/uploads\/2022\/04\/Gira-Baja-California-6.jpeg 1024w\" sizes=\"(max-width: 300px) 100vw, 300px\" \/>El secretario de Turismo del Gobierno de M\u00e9xico, Miguel Torruco Marqu\u00e9s, inici\u00f3 una gira de trabajo por el estado de Baja California, con el fin de impulsar, en conjunto con la gobernadora, Marina del Pilar Avila Olmeda, acciones en beneficio de la actividad tur\u00edstica en la entidad.<br \/>\nEn Mexicali, el titular de la Secretar\u00eda de Turismo (Sectur), acompa\u00f1ado por el subsecretario de Turismo, Humberto Hern\u00e1ndez-Haddad, fue recibido por el secretario de Turismo de Baja California, Miguel Agui\u00f1iga Rodr\u00edguez.<br \/>\nLuego se reuni\u00f3 con Jos\u00e9 Luis Dagnino L\u00f3pez, presidente del Concejo Fundacional de San Felipe, uno de los municipios m\u00e1s j\u00f3venes de M\u00e9xico, para juntos buscar estrategias tur\u00edsticas que permitan fortalecer este destino, entre ellas, las actividades de pesca.<br \/>\nLa comitiva, encabezada por el secretario de Turismo y la gobernadora, realiz\u00f3 un recorrido por<img decoding=\"async\" class=\"size-medium wp-image-299457 alignleft\" src=\"https:\/\/dimensionturistica.com\/es\/wp-content\/uploads\/2022\/04\/Gira-Baja-California-7-300x225.jpeg\" alt=\"\" width=\"300\" height=\"225\" srcset=\"https:\/\/dimensionturistica.com\/es\/wp-content\/uploads\/2022\/04\/Gira-Baja-California-7-300x225.jpeg 300w, https:\/\/dimensionturistica.com\/es\/wp-content\/uploads\/2022\/04\/Gira-Baja-California-7-1024x768.jpeg 1024w, https:\/\/dimensionturistica.com\/es\/wp-content\/uploads\/2022\/04\/Gira-Baja-California-7-768x576.jpeg 768w, https:\/\/dimensionturistica.com\/es\/wp-content\/uploads\/2022\/04\/Gira-Baja-California-7-750x563.jpeg 750w, https:\/\/dimensionturistica.com\/es\/wp-content\/uploads\/2022\/04\/Gira-Baja-California-7-1140x855.jpeg 1140w, https:\/\/dimensionturistica.com\/es\/wp-content\/uploads\/2022\/04\/Gira-Baja-California-7.jpeg 1156w\" sizes=\"(max-width: 300px) 100vw, 300px\" \/> \u201cLa Chinesca\u201d, barrio que resguarda la historia de la migraci\u00f3n china que arrib\u00f3 a esta ciudad en el siglo XIX, y que ahora es un nuevo producto ancla de este municipio.<br \/>\n\u201cEs un gusto visitar la c\u00e1lida Mexicali, ciudad en la que converge el turismo cultural, de aventura, rural y gastron\u00f3mico, y m\u00e1s a\u00fan, estar en este hist\u00f3rico sitio, \u2018La Chinesca\u2019, que representa un enorme potencial tur\u00edstico para Baja California\u201d, coment\u00f3 Torruco Marqu\u00e9s.<br \/>\nSe\u00f1al\u00f3 que en julio de 2019, se acord\u00f3, con autoridades estatales, empresarios y miembros de la comunidad china, este proyecto que ser\u00e1 un importante motivador de viaje y un detonador de la econom\u00eda de la ciudad.<br \/>\nIndic\u00f3 que desde su inauguraci\u00f3n en marzo de 2020, ha recibido con \u00e9xito a turistas nacionales y extranjeros, quienes a trav\u00e9s de un recorrido guiado pueden aprender m\u00e1s sobre la historia de China, sus costumbres y tradiciones.<br \/>\nAs\u00ed como apreciar los murales elaborados por artistas locales y la renovada calle Ju\u00e1rez, adem\u00e1s de descender a los s\u00f3tanos que ahora est\u00e1n habilitados como museos, destacando el Museo Wok, dedicado a la gastronom\u00eda china mexicalense.<br \/>\nTorruco Marqu\u00e9s declar\u00f3 que \u201cLa Chinesca\u201d es un atractivo que debemos promover y proyectar a nivel nacional e internacional, y trabajar en su adecuada integraci\u00f3n, a fin de convertirse en un <img decoding=\"async\" class=\"size-medium wp-image-299458 alignleft\" src=\"https:\/\/dimensionturistica.com\/es\/wp-content\/uploads\/2022\/04\/Gira-Baja-California-11-300x225.jpeg\" alt=\"\" width=\"300\" height=\"225\" srcset=\"https:\/\/dimensionturistica.com\/es\/wp-content\/uploads\/2022\/04\/Gira-Baja-California-11-300x225.jpeg 300w, https:\/\/dimensionturistica.com\/es\/wp-content\/uploads\/2022\/04\/Gira-Baja-California-11-768x576.jpeg 768w, https:\/\/dimensionturistica.com\/es\/wp-content\/uploads\/2022\/04\/Gira-Baja-California-11-750x563.jpeg 750w, https:\/\/dimensionturistica.com\/es\/wp-content\/uploads\/2022\/04\/Gira-Baja-California-11.jpeg 1024w\" sizes=\"(max-width: 300px) 100vw, 300px\" \/>factor de competitividad tur\u00edstica para Baja California y para M\u00e9xico.<br \/>\nM\u00e1s tarde, el secretario de Turismo sostuvo una reuni\u00f3n con los secretarios que participan de manera activa en el fortalecimiento de la industria tur\u00edstica en el estado, para acordar las siguientes estrategias que detonar\u00e1n el sector.<br \/>\nDe ah\u00ed se dirigieron al Mirador \u201cLa Rumorosa\u201d, en donde apreciaron la belleza de este ic\u00f3nico atractivo tur\u00edstico de Baja California.<br \/>\nEn su bienvenida, la mandataria estatal, Marina del Pilar Avila Olmeda, dijo: \u201cNos da much\u00edsimo gusto recibirlo porque estamos haciendo grandes esfuerzos en nuestro estado, que se dar\u00e1n de la mano del secretario Miguel Torruco, que sabemos el gran impulso que le ha dado al turismo en M\u00e9xico\u201d.<br \/>\n\u201cS\u00e9 que Baja California se convertir\u00e1 en unos de los puntos m\u00e1s visitados por parte de los mexicanos y tambi\u00e9n quienes vengan del extranjero, para que vengan a degustar de la comida que tenemos en nuestro estado, la gastronom\u00eda, las playas, el Pac\u00edfico, el Golfo, tambi\u00e9n las monta\u00f1as, nuestro valles, como el Valle de San Quint\u00edn, el Valle de Guadalupe, el Valle de Mexicali y San Felipe\u201d, agreg\u00f3 Avila Olmeda.<\/p>\n<p>&nbsp;<\/p>\n","protected":false},"excerpt":{"rendered":"<p>El secretario de Turismo del Gobierno de M\u00e9xico, Miguel Torruco Marqu\u00e9s, inici\u00f3 una gira de trabajo por el estado de Baja California, con el fin de impulsar, en conjunto con la gobernadora, Marina del Pilar Avila Olmeda, acciones en beneficio de la actividad tur\u00edstica en la entidad. En Mexicali, el titular de la Secretar\u00eda de [&hellip;]<\/p>\n","protected":false},"author":1,"featured_media":299455,"comment_status":"open","ping_status":"closed","sticky":false,"template":"","format":"standard","meta":{"om_disable_all_campaigns":false,"jnews-multi-image_gallery":[],"jnews_single_post":{"source_name":"","source_url":"","via_name":"","via_url":"","override_template":"0","override":[{"template":"1","single_blog_custom":"","parallax":"1","fullscreen":"1","layout":"right-sidebar","sidebar":"default-sidebar","second_sidebar":"default-sidebar","sticky_sidebar":"1","share_position":"top","share_float_style":"share-monocrhome","show_share_counter":"1","show_view_counter":"1","show_featured":"1","show_post_meta":"1","show_post_author":"1","show_post_author_image":"1","show_post_date":"1","post_date_format":"default","post_date_format_custom":"Y\/m\/d","show_post_category":"1","show_post_reading_time":"0","post_reading_time_wpm":"300","show_zoom_button":"0","zoom_button_out_step":"2","zoom_button_in_step":"3","show_post_tag":"1","show_prev_next_post":"1","show_popup_post":"1","number_popup_post":"1","show_author_box":"0","show_post_related":"0","show_inline_post_related":"0"}],"override_image_size":"0","image_override":[{"single_post_thumbnail_size":"crop-500","single_post_gallery_size":"crop-500"}],"trending_post":"0","trending_post_position":"meta","trending_post_label":"Trending","sponsored_post":"0","sponsored_post_label":"Sponsored by","sponsored_post_name":"","sponsored_post_url":"","sponsored_post_logo_enable":"0","sponsored_post_logo":"","sponsored_post_desc":"","disable_ad":"0"},"jnews_primary_category":{"id":""},"jnews_social_meta":{"fb_title":"","fb_description":"","fb_image":"","twitter_title":"","twitter_description":"","twitter_image":""},"footnotes":""},"categories":[39],"tags":[],"class_list":["post-299454","post","type-post","status-publish","format-standard","has-post-thumbnail","hentry","category-viajes"],"_links":{"self":[{"href":"https:\/\/dimensionturistica.com\/es\/wp-json\/wp\/v2\/posts\/299454","targetHints":{"allow":["GET"]}}],"collection":[{"href":"https:\/\/dimensionturistica.com\/es\/wp-json\/wp\/v2\/posts"}],"about":[{"href":"https:\/\/dimensionturistica.com\/es\/wp-json\/wp\/v2\/types\/post"}],"author":[{"embeddable":true,"href":"https:\/\/dimensionturistica.com\/es\/wp-json\/wp\/v2\/users\/1"}],"replies":[{"embeddable":true,"href":"https:\/\/dimensionturistica.com\/es\/wp-json\/wp\/v2\/comments?post=299454"}],"version-history":[{"count":0,"href":"https:\/\/dimensionturistica.com\/es\/wp-json\/wp\/v2\/posts\/299454\/revisions"}],"wp:featuredmedia":[{"embeddable":true,"href":"https:\/\/dimensionturistica.com\/es\/wp-json\/wp\/v2\/media\/299455"}],"wp:attachment":[{"href":"https:\/\/dimensionturistica.com\/es\/wp-json\/wp\/v2\/media?parent=299454"}],"wp:term":[{"taxonomy":"category","embeddable":true,"href":"https:\/\/dimensionturistica.com\/es\/wp-json\/wp\/v2\/categories?post=299454"},{"taxonomy":"post_tag","embeddable":true,"href":"https:\/\/dimensionturistica.com\/es\/wp-json\/wp\/v2\/tags?post=299454"}],"curies":[{"name":"wp","href":"https:\/\/api.w.org\/{rel}","templated":true}]}}