{"id":299178,"date":"2022-04-08T22:31:56","date_gmt":"2022-04-08T22:31:56","guid":{"rendered":"https:\/\/dimensionturistica.com\/es\/?p=299178"},"modified":"2022-04-08T22:31:56","modified_gmt":"2022-04-08T22:31:56","slug":"el-festival-internacional-de-cine-guanajuato-celebra-su-xxv-aniversario-presentando-su-imagen-oficial-y-el-tema-que-abordara-la-quintaescencia","status":"publish","type":"post","link":"https:\/\/dimensionturistica.com\/es\/el-festival-internacional-de-cine-guanajuato-celebra-su-xxv-aniversario-presentando-su-imagen-oficial-y-el-tema-que-abordara-la-quintaescencia\/","title":{"rendered":"El Festival Internacional de Cine Guanajuato celebra su XXV Aniversario presentando su Imagen Oficial y el tema que abordar\u00e1: La Quintaescencia."},"content":{"rendered":"<p><img decoding=\"async\" class=\"size-full wp-image-299187 alignright\" src=\"https:\/\/dimensionturistica.com\/es\/wp-content\/uploads\/2022\/04\/ALLENDE.jpg\" alt=\"\" width=\"298\" height=\"167\" \/>El GIFF se realizar\u00e1 del 21 al 31 de julio en Le\u00f3n, San Miguel de Allende e Irapuato.<br \/>\nEl Festival Internacional de Cine Guanajuato celebra 25 a\u00f1os de contribuir a la cohesi\u00f3n cultural y al \u00e9xito de la industria cinematografica mexicana. Para festejar su Edici\u00f3n de Plata, GIFF presenta su Imagen Oficial que fue realizada por Anali Jaramillo y el tema que abordar\u00e1: La Quintaescencia.<br \/>\nDe la plata nacimos, hoy nuestra esencia celebramos. GIFF se inspira de La Quintaesencia, t\u00e9rmino atribuido al elemento que compone el alma y la esencia del esp\u00edritu, el cual en la tradici\u00f3n alquimista se refer\u00eda al extracto de una part\u00edcula que se separaba del elemento dominante.<br \/>\nLa plata como material original del celuloide y mineral caracter\u00edstico de la regi\u00f3n del Baj\u00edo es tambi\u00e9n apelativo de celebraci\u00f3n por un cuarto de siglo. GIFF festeja su XXV Aniversario con el <img decoding=\"async\" class=\"size-medium wp-image-299188 alignright\" src=\"https:\/\/dimensionturistica.com\/es\/wp-content\/uploads\/2022\/04\/IRAPUATO-300x168.jpg\" alt=\"\" width=\"300\" height=\"168\" srcset=\"https:\/\/dimensionturistica.com\/es\/wp-content\/uploads\/2022\/04\/IRAPUATO-300x168.jpg 300w, https:\/\/dimensionturistica.com\/es\/wp-content\/uploads\/2022\/04\/IRAPUATO.jpg 357w\" sizes=\"(max-width: 300px) 100vw, 300px\" \/>entusiasmo intacto, reconocido globalmente por sus m\u00faltiples aportes en materia de producci\u00f3n y exhibici\u00f3n en el mundo cinematogr\u00e1fico, impulsando el talento, desarrollo y carrera de cientos de j\u00f3venes que desean ingresar al s\u00e9ptimo arte.<br \/>\nGIFF conmemora en 2022 una edici\u00f3n especial en la que se presenta en su forma m\u00e1s pura, esencial e inalterable. El Festival se realizar\u00e1 del 21 al 31 de julio y por sede, estas ser\u00e1n las fechas: Del 21 al 24 de Julio en la ciudad de Le\u00f3n, en San Miguel de Allende del 25 al 28 y en Irapuato del 28 al 31 del mismo mes.<br \/>\nA la usanza de quienes dominan con maestr\u00eda tanto la palabra como la proyecci\u00f3n de im\u00e1genes para transformarlas en actos notables, les invitamos a volver a nuestra esencia y celebrar el primer cuarto de siglo del Festival Internacional de Cine Guanajuato.<br \/>\n\u00a1M\u00e1s cine, por favor!<\/p>\n","protected":false},"excerpt":{"rendered":"<p>El GIFF se realizar\u00e1 del 21 al 31 de julio en Le\u00f3n, San Miguel de Allende e Irapuato. El Festival Internacional de Cine Guanajuato celebra 25 a\u00f1os de contribuir a la cohesi\u00f3n cultural y al \u00e9xito de la industria cinematografica mexicana. Para festejar su Edici\u00f3n de Plata, GIFF presenta su Imagen Oficial que fue realizada [&hellip;]<\/p>\n","protected":false},"author":1,"featured_media":299189,"comment_status":"open","ping_status":"closed","sticky":false,"template":"","format":"standard","meta":{"om_disable_all_campaigns":false,"jnews-multi-image_gallery":[],"jnews_single_post":{"source_name":"","source_url":"","via_name":"","via_url":"","override_template":"0","override":[{"template":"1","single_blog_custom":"","parallax":"1","fullscreen":"1","layout":"right-sidebar","sidebar":"default-sidebar","second_sidebar":"default-sidebar","sticky_sidebar":"1","share_position":"top","share_float_style":"share-monocrhome","show_share_counter":"1","show_view_counter":"1","show_featured":"1","show_post_meta":"1","show_post_author":"1","show_post_author_image":"1","show_post_date":"1","post_date_format":"default","post_date_format_custom":"Y\/m\/d","show_post_category":"1","show_post_reading_time":"0","post_reading_time_wpm":"300","show_zoom_button":"0","zoom_button_out_step":"2","zoom_button_in_step":"3","show_post_tag":"1","show_prev_next_post":"1","show_popup_post":"1","number_popup_post":"1","show_author_box":"0","show_post_related":"0","show_inline_post_related":"0"}],"override_image_size":"0","image_override":[{"single_post_thumbnail_size":"crop-500","single_post_gallery_size":"crop-500"}],"trending_post":"0","trending_post_position":"meta","trending_post_label":"Trending","sponsored_post":"0","sponsored_post_label":"Sponsored by","sponsored_post_name":"","sponsored_post_url":"","sponsored_post_logo_enable":"0","sponsored_post_logo":"","sponsored_post_desc":"","disable_ad":"0"},"jnews_primary_category":{"id":""},"jnews_social_meta":{"fb_title":"","fb_description":"","fb_image":"","twitter_title":"","twitter_description":"","twitter_image":""},"footnotes":""},"categories":[39],"tags":[],"class_list":["post-299178","post","type-post","status-publish","format-standard","has-post-thumbnail","hentry","category-viajes"],"_links":{"self":[{"href":"https:\/\/dimensionturistica.com\/es\/wp-json\/wp\/v2\/posts\/299178","targetHints":{"allow":["GET"]}}],"collection":[{"href":"https:\/\/dimensionturistica.com\/es\/wp-json\/wp\/v2\/posts"}],"about":[{"href":"https:\/\/dimensionturistica.com\/es\/wp-json\/wp\/v2\/types\/post"}],"author":[{"embeddable":true,"href":"https:\/\/dimensionturistica.com\/es\/wp-json\/wp\/v2\/users\/1"}],"replies":[{"embeddable":true,"href":"https:\/\/dimensionturistica.com\/es\/wp-json\/wp\/v2\/comments?post=299178"}],"version-history":[{"count":0,"href":"https:\/\/dimensionturistica.com\/es\/wp-json\/wp\/v2\/posts\/299178\/revisions"}],"wp:featuredmedia":[{"embeddable":true,"href":"https:\/\/dimensionturistica.com\/es\/wp-json\/wp\/v2\/media\/299189"}],"wp:attachment":[{"href":"https:\/\/dimensionturistica.com\/es\/wp-json\/wp\/v2\/media?parent=299178"}],"wp:term":[{"taxonomy":"category","embeddable":true,"href":"https:\/\/dimensionturistica.com\/es\/wp-json\/wp\/v2\/categories?post=299178"},{"taxonomy":"post_tag","embeddable":true,"href":"https:\/\/dimensionturistica.com\/es\/wp-json\/wp\/v2\/tags?post=299178"}],"curies":[{"name":"wp","href":"https:\/\/api.w.org\/{rel}","templated":true}]}}