{"id":298967,"date":"2022-04-08T16:05:17","date_gmt":"2022-04-08T16:05:17","guid":{"rendered":"https:\/\/dimensionturistica.com\/es\/?p=298967"},"modified":"2022-04-08T16:05:17","modified_gmt":"2022-04-08T16:05:17","slug":"iberojet-anuncia-aumento-de-frecuencias-en-su-nueva-ruta-barcelona-cancun","status":"publish","type":"post","link":"https:\/\/dimensionturistica.com\/es\/iberojet-anuncia-aumento-de-frecuencias-en-su-nueva-ruta-barcelona-cancun\/","title":{"rendered":"Iberojet anuncia aumento de frecuencias en su nueva ruta Barcelona-Canc\u00fan."},"content":{"rendered":"<p>La conectividad a\u00e9rea del Caribe Mexicano se fortalece cada vez m\u00e1s con la llegada de nuevos vuelos a Quintana Roo. Desde Europa el aumento de rutas y frecuencias que se tiene para este verano ser\u00e1 desde Barcelona, Lisboa y Madrid.<br \/>\nLa <img decoding=\"async\" class=\"size-medium wp-image-298974 alignright\" src=\"https:\/\/dimensionturistica.com\/es\/wp-content\/uploads\/2022\/04\/unnamed-7-300x201.jpg\" alt=\"\" width=\"300\" height=\"201\" srcset=\"https:\/\/dimensionturistica.com\/es\/wp-content\/uploads\/2022\/04\/unnamed-7-300x201.jpg 300w, https:\/\/dimensionturistica.com\/es\/wp-content\/uploads\/2022\/04\/unnamed-7-1024x685.jpg 1024w, https:\/\/dimensionturistica.com\/es\/wp-content\/uploads\/2022\/04\/unnamed-7-768x514.jpg 768w, https:\/\/dimensionturistica.com\/es\/wp-content\/uploads\/2022\/04\/unnamed-7-750x502.jpg 750w, https:\/\/dimensionturistica.com\/es\/wp-content\/uploads\/2022\/04\/unnamed-7-1140x762.jpg 1140w, https:\/\/dimensionturistica.com\/es\/wp-content\/uploads\/2022\/04\/unnamed-7.jpg 1280w\" sizes=\"(max-width: 300px) 100vw, 300px\" \/> del grupo \u00c1voris, anunci\u00f3 que, gracias a la respuesta de los viajeros reflejada en sus ventas, el aumento de una a dos frecuencias semanales de su nueva ruta Barcelona-Canc\u00fan, programado para iniciar en junio con vuelos los martes y domingo.<br \/>\nAsimismo, para la temporada de verano 2022, el vuelo Madrid-Canc\u00fan tendr\u00e1 6 frecuencias a la semana a bordo de en un Airbus 350 con capacidad para 432 plazas; mientras que desde Lisboa a Canc\u00fan, el vuelo que esta disponible actualmente, contin\u00faa con una frecuencia a la semana.<br \/>\nAdem\u00e1s, la aerol\u00ednea dio a conocer que en el periodo de mayo a octubre se tiene una venta disponible de 150 mil asientos hacia el Caribe Mexicano.<br \/>\nEl Aeropuerto Internacional de Canc\u00fan mantiene un promedio de 544 operaciones programadas al <img decoding=\"async\" class=\"size-medium wp-image-298975 alignleft\" src=\"https:\/\/dimensionturistica.com\/es\/wp-content\/uploads\/2022\/04\/unnamed-1-5-300x169.jpg\" alt=\"\" width=\"300\" height=\"169\" srcset=\"https:\/\/dimensionturistica.com\/es\/wp-content\/uploads\/2022\/04\/unnamed-1-5-300x169.jpg 300w, https:\/\/dimensionturistica.com\/es\/wp-content\/uploads\/2022\/04\/unnamed-1-5-1024x575.jpg 1024w, https:\/\/dimensionturistica.com\/es\/wp-content\/uploads\/2022\/04\/unnamed-1-5-768x431.jpg 768w, https:\/\/dimensionturistica.com\/es\/wp-content\/uploads\/2022\/04\/unnamed-1-5-750x421.jpg 750w, https:\/\/dimensionturistica.com\/es\/wp-content\/uploads\/2022\/04\/unnamed-1-5-1140x640.jpg 1140w, https:\/\/dimensionturistica.com\/es\/wp-content\/uploads\/2022\/04\/unnamed-1-5.jpg 1280w\" sizes=\"(max-width: 300px) 100vw, 300px\" \/>d\u00eda, 75 nacionales y 193 internacionales a destios como: Atlanta, Bogot\u00e1, Buenos Aires, Estambul, Frankfurt, Londres, Los \u00c1ngeles, Manchester, Nueva York, Panam\u00e1, Par\u00eds, Toronto, Viena, Washington y Zurich.<br \/>\nLos destinos tur\u00edsticos del Caribe Mexicano retomaron actividades en junio de 2020 gracias a las medidas de seguridad e higiene, as\u00ed como a protocolos para prevenir contagios durante la pandemia, adem\u00e1s del programa de vacunaci\u00f3n que contin\u00faa en lo activo.<\/p>\n","protected":false},"excerpt":{"rendered":"<p>La conectividad a\u00e9rea del Caribe Mexicano se fortalece cada vez m\u00e1s con la llegada de nuevos vuelos a Quintana Roo. Desde Europa el aumento de rutas y frecuencias que se tiene para este verano ser\u00e1 desde Barcelona, Lisboa y Madrid. La del grupo \u00c1voris, anunci\u00f3 que, gracias a la respuesta de los viajeros reflejada en [&hellip;]<\/p>\n","protected":false},"author":1,"featured_media":298973,"comment_status":"open","ping_status":"closed","sticky":false,"template":"","format":"standard","meta":{"om_disable_all_campaigns":false,"jnews-multi-image_gallery":[],"jnews_single_post":{"source_name":"","source_url":"","via_name":"","via_url":"","override_template":"0","override":[{"template":"1","single_blog_custom":"","parallax":"1","fullscreen":"1","layout":"right-sidebar","sidebar":"default-sidebar","second_sidebar":"default-sidebar","sticky_sidebar":"1","share_position":"top","share_float_style":"share-monocrhome","show_share_counter":"1","show_view_counter":"1","show_featured":"1","show_post_meta":"1","show_post_author":"1","show_post_author_image":"1","show_post_date":"1","post_date_format":"default","post_date_format_custom":"Y\/m\/d","show_post_category":"1","show_post_reading_time":"0","post_reading_time_wpm":"300","show_zoom_button":"0","zoom_button_out_step":"2","zoom_button_in_step":"3","show_post_tag":"1","show_prev_next_post":"1","show_popup_post":"1","number_popup_post":"1","show_author_box":"0","show_post_related":"0","show_inline_post_related":"0"}],"override_image_size":"0","image_override":[{"single_post_thumbnail_size":"crop-500","single_post_gallery_size":"crop-500"}],"trending_post":"0","trending_post_position":"meta","trending_post_label":"Trending","sponsored_post":"0","sponsored_post_label":"Sponsored by","sponsored_post_name":"","sponsored_post_url":"","sponsored_post_logo_enable":"0","sponsored_post_logo":"","sponsored_post_desc":"","disable_ad":"0"},"jnews_primary_category":{"id":""},"jnews_social_meta":{"fb_title":"","fb_description":"","fb_image":"","twitter_title":"","twitter_description":"","twitter_image":""},"footnotes":""},"categories":[39],"tags":[],"class_list":["post-298967","post","type-post","status-publish","format-standard","has-post-thumbnail","hentry","category-viajes"],"_links":{"self":[{"href":"https:\/\/dimensionturistica.com\/es\/wp-json\/wp\/v2\/posts\/298967","targetHints":{"allow":["GET"]}}],"collection":[{"href":"https:\/\/dimensionturistica.com\/es\/wp-json\/wp\/v2\/posts"}],"about":[{"href":"https:\/\/dimensionturistica.com\/es\/wp-json\/wp\/v2\/types\/post"}],"author":[{"embeddable":true,"href":"https:\/\/dimensionturistica.com\/es\/wp-json\/wp\/v2\/users\/1"}],"replies":[{"embeddable":true,"href":"https:\/\/dimensionturistica.com\/es\/wp-json\/wp\/v2\/comments?post=298967"}],"version-history":[{"count":0,"href":"https:\/\/dimensionturistica.com\/es\/wp-json\/wp\/v2\/posts\/298967\/revisions"}],"wp:featuredmedia":[{"embeddable":true,"href":"https:\/\/dimensionturistica.com\/es\/wp-json\/wp\/v2\/media\/298973"}],"wp:attachment":[{"href":"https:\/\/dimensionturistica.com\/es\/wp-json\/wp\/v2\/media?parent=298967"}],"wp:term":[{"taxonomy":"category","embeddable":true,"href":"https:\/\/dimensionturistica.com\/es\/wp-json\/wp\/v2\/categories?post=298967"},{"taxonomy":"post_tag","embeddable":true,"href":"https:\/\/dimensionturistica.com\/es\/wp-json\/wp\/v2\/tags?post=298967"}],"curies":[{"name":"wp","href":"https:\/\/api.w.org\/{rel}","templated":true}]}}