{"id":298873,"date":"2022-04-08T14:32:54","date_gmt":"2022-04-08T14:32:54","guid":{"rendered":"https:\/\/dimensionturistica.com\/es\/?p=298873"},"modified":"2022-04-08T14:32:54","modified_gmt":"2022-04-08T14:32:54","slug":"escapate-y-descubre-salvatierra-guanajuato","status":"publish","type":"post","link":"https:\/\/dimensionturistica.com\/es\/escapate-y-descubre-salvatierra-guanajuato\/","title":{"rendered":"\u00a1Esc\u00e1pate y descubre Salvatierra!, Guanajuato"},"content":{"rendered":"<p><img decoding=\"async\" class=\"size-full wp-image-298894 alignright\" src=\"https:\/\/dimensionturistica.com\/es\/wp-content\/uploads\/2022\/04\/tierra.jpg\" alt=\"\" width=\"260\" height=\"192\" \/>A tan s\u00f3lo una hora de la ciudad de Quer\u00e9taro y Morelia, Salvatierra es el pueblo m\u00e1gico donde podr\u00e1s disfrutar de estos d\u00edas de asueto acompa\u00f1ado de la familia o amigos. D\u00e9jate conquistar por las riquezas naturales, culturales y gastron\u00f3micas con las que cuenta este gran tesoro de Guanajuato y de las diversas actividades que ofrece para todo tipo de gustos.<br \/>\nActividades al aire libre<br \/>\nUna de las principales actividades que no te puedes perder es visitar el eco-parque \u201cEl Sabinal\u201d, a tan s\u00f3lo 10 minutos del centro de la ciudad, o pasear por el jard\u00edn principal de Salvatierra que es el m\u00e1s grande de Guanajuato. Otra de las actividades que te permitir\u00e1 conocer m\u00e1s de la historia de este pueblo m\u00e1gico es el recorrido nocturno \u201cLuces de Salvatierra\u201d, en el que podr\u00e1s acompa\u00f1ar a Ponciano, el sereno de la ciudad, a encender las luces de este Pueblo M\u00e1gico mientras escuchas las leyendas m\u00e1s famosas del centro hist\u00f3rico, adem\u00e1s de admirar proyecciones de videomapping en edificios hist\u00f3ricos y de gran relevancia arquitect\u00f3nica de la ciudad terminando con una callejoneada incre\u00edble alrededor del jard\u00edn principal. Este recorrido se presentar\u00e1 los d\u00edas 8, 17 y 23 de abril.<br \/>\n<img decoding=\"async\" class=\" wp-image-298896 alignleft\" src=\"https:\/\/dimensionturistica.com\/es\/wp-content\/uploads\/2022\/04\/salva-300x85.jpg\" alt=\"\" width=\"392\" height=\"111\" srcset=\"https:\/\/dimensionturistica.com\/es\/wp-content\/uploads\/2022\/04\/salva-300x85.jpg 300w, https:\/\/dimensionturistica.com\/es\/wp-content\/uploads\/2022\/04\/salva.jpg 467w\" sizes=\"(max-width: 392px) 100vw, 392px\" \/>Contacto para reservar Luces de Salvatierra: 4662351753.<br \/>\nVaquero por un d\u00eda es la experiencia perfecta para los amantes del campo y las actividades al aire libre. Podr\u00e1s aprender todo sobre los caballos, sus cuidados y como ser un excelente vaquero, esto a cargo de Rancho El Mezquite a tan s\u00f3lo 15 minutos del centro de la ciudad.<br \/>\nContacto para reserva: 4661108449.<br \/>\nVive la ruta del vino de la mano de Finca Rosas, donde aprender\u00e1s sobre la elaboraci\u00f3n del vino, cata y maridaje as\u00ed como la elaboraci\u00f3n artesanal del mazap\u00e1n a escasos 10 minutos del centro de Salvatierra.<br \/>\nContacto para reserva : 4661032224<br \/>\nCaminar por las calles de la ciudad disfrutando de un refrescante granizado, una rica nieve o un delicioso frapp\u00e9 con especiales sabores de la temporada cuaresme\u00f1a como lo son la charamusca, la uva, el vino tinto, lavanda y bugambilia que \u201cCreper\u00eda D\u00b4Pi\u201d, \u201cCaf\u00e9 Ritual\u201d y las tradicionales nieves del jard\u00edn principal tienen para ti.<br \/>\nAdem\u00e1s de estas actividades, Salvatierra cuenta con un programa de actividades de Semana Santa, y aqu\u00ed lo m\u00e1s relevante que hay por hacer:<\/p>\n<p>Programa de actividades de Semana Santa<img decoding=\"async\" class=\" wp-image-298897 alignright\" src=\"https:\/\/dimensionturistica.com\/es\/wp-content\/uploads\/2022\/04\/manglares-300x135.jpg\" alt=\"\" width=\"396\" height=\"178\" srcset=\"https:\/\/dimensionturistica.com\/es\/wp-content\/uploads\/2022\/04\/manglares-300x135.jpg 300w, https:\/\/dimensionturistica.com\/es\/wp-content\/uploads\/2022\/04\/manglares.jpg 400w\" sizes=\"(max-width: 396px) 100vw, 396px\" \/><\/p>\n<p>-De \u00edndole religioso:<\/p>\n<p>Altar de Dolores Monumental. Ubicado en la rinconada del Carmen.<br \/>\nExposici\u00f3n de los Signos de la Pasi\u00f3n. Exposici\u00f3n de los art\u00edculos alusivos a la pasi\u00f3n de cristo como clavos representativos a su crucifixi\u00f3n y la corona de espinas. Ubicados en la plazuela el 2 de abril.<br \/>\nCircuito de Luz y Fe. Exposici\u00f3n de murales luminosos con escenas de la pasi\u00f3n de Cristo por diferentes sitios de la ciudad. A partir del 14 de abril o jueves santo.<br \/>\nQuema de Judas y fuegos pirot\u00e9cnicos. Representaci\u00f3n de Judas hecha de cart\u00f3n y fuegos pirot\u00e9cnicos en la explanada del Carmen el s\u00e1bado de gloria.<br \/>\nProcesi\u00f3n del Silencio. Paseo por las principales calles de la ciudad uni\u00e9ndose las representaciones de la pasi\u00f3n de cristo que se hacen en distintos puntos y se unen para un paseo en absoluto silencio presentando respeto a los pasajes y muerte de Cristo.<br \/>\nRepresentaciones de la Pasi\u00f3n de Cristo, en distintos puntos de la ciudad coordinadas por los templos de \u201cSanto Domingo\u201d, \u201cLas Ardillas\u201d y \u201cLa Sagrada Familia\u201d.<br \/>\nVisita de los 7 Templos, La visita tradicional de los principales templos de Salvatierra es uno de los atractivos de esta temporada pues podr\u00e1s conocer El Santuario Diocesano de Nuestra Se\u00f1ora de la Luz el hogar definitivo de la Virgen de la Luz, el \u201cTemplo de San Francisco\u201d una construcci\u00f3n de 1743 ubicado en el complejo conventual de San Buenaventura. Otro de los conventos imperdibles es el \u201cTemplo y convento de las Capuchinas\u201d edificado entre finales del siglo XVIII y mediados del XIX en el cual habitan monjas capuchinas, quienes pasan sus d\u00edas haciendo obleas, churros y rompope. Tambi\u00e9n encontrar\u00e1s el imponente Templo y Convento del Carmen\u201d, se construy\u00f3 entre 1644 y 1655 con un estilo barroco-churrigueresco dise\u00f1ado y constru\u00eddo por el arquitecto Fray Andr\u00e9s de San Miguel, el viernes 8 de abril.<br \/>\n-De \u00edndole cultural, art\u00edstico, gastron\u00f3mico y tur\u00edstico:<br \/>\nExpo del pan, el vino y las charamuscas, un excelente escaparate para encontrar pan, vino y charamuscas tradicionales de esta festividad. El jueves santo en la Explanada del Carmen a partir de las 17:00 horas.<br \/>\nExposici\u00f3n de arte ef\u00edmero, en colaboraci\u00f3n con alfombristas de Huamantla, Tlaxcala. El domingo de ramos desde las 6 am, si madrugas podr\u00e1s ver c\u00f3mo se realizan desde cero, el 8 de abril..<br \/>\nConciertos de m\u00fasica sacra, en diferentes puntos de la ciudad.<br \/>\nProyecci\u00f3n de pel\u00edculas infantiles, al aire libre en una de las plazuelas m\u00e1s representativas de la ciudad a un costado del \u201cTemplo y convento de las Capuchinas\u201d, del 11 al 13 de abril.<br \/>\nExposici\u00f3n de las 3 ca\u00eddas, en figuras de cera en el museo de la ciudad.<br \/>\nLos principales edificios representativos tendr\u00e1n iluminaci\u00f3n arquitect\u00f3nica y el centro hist\u00f3rico se vestir\u00e1 acorde a la temporada con colores t\u00edpicos y alusivos a la cuaresma.<br \/>\nOferta de servicios tur\u00edsticos<br \/>\nEn el centro de la ciudad podr\u00e1s encontrar hoteles boutique recomendados para toda la familia los cuales est\u00e1n acondicionados en las casonas hist\u00f3ricas de las principales calles de la ciudad, la gastronom\u00eda salvaterrense se puede disfrutar en cada rinc\u00f3n de la ciudad desde sus largas con tortillas hechas a mano y una gran variedad de guisos entre ellos podr\u00e1s disfrutar los ricos sabores tradicionales de cuaresma como pueden ser las tortitas de camar\u00f3n y un delicioso postre como lo es la capirotada que encuentras en \u201clargas y gorditas Mi Ra\u00edz\u201d y \u201cEl saz\u00f3n de Rosita\u201d.<br \/>\nLos restaurantes ofrecen platillos y sabores especiales para la cuaresma como lo son los deliciosos aguachiles de Rico Mar, una infusi\u00f3n de sabores que puedes disfrutar en santero como lo es su platillo \u201cHuachinango santero\u201d y no se podia quedar atras la mixolog\u00eda con su ya tradicional bebida \u201cDolores\u201d, as\u00ed como los restaurantes \u201cLa veranda\u201d ofreciendo comida tradicional de la regi\u00f3n, \u201cLa bella \u00e9poca\u201d con platillos alusivos a la temporada, \u201cCabo 66\u201d el botanero perfecto, \u201cMariscos su amigo chava\u201d restaurante tradicional de la ciudad.<br \/>\nConscientes de la situaci\u00f3n sanitaria actual que se vive en el mundo, Salvatierra sigue manteniendo los protocolos de higiene para garantizar la salud de locales y visitantes al municipio, siguiendo con todas las reglas de sanidad que marca la Secretar\u00eda de Salud.<br \/>\nNo dejes de visitar este hermoso pueblo m\u00e1gico. M\u00e1s informaci\u00f3n: https:\/\/salvatierrapueblomagico.com\/<\/p>\n<p>&nbsp;<\/p>\n","protected":false},"excerpt":{"rendered":"<p>A tan s\u00f3lo una hora de la ciudad de Quer\u00e9taro y Morelia, Salvatierra es el pueblo m\u00e1gico donde podr\u00e1s disfrutar de estos d\u00edas de asueto acompa\u00f1ado de la familia o amigos. D\u00e9jate conquistar por las riquezas naturales, culturales y gastron\u00f3micas con las que cuenta este gran tesoro de Guanajuato y de las diversas actividades que [&hellip;]<\/p>\n","protected":false},"author":1,"featured_media":298895,"comment_status":"open","ping_status":"closed","sticky":false,"template":"","format":"standard","meta":{"om_disable_all_campaigns":false,"jnews-multi-image_gallery":[],"jnews_single_post":{"source_name":"","source_url":"","via_name":"","via_url":"","override_template":"0","override":[{"template":"1","single_blog_custom":"","parallax":"1","fullscreen":"1","layout":"right-sidebar","sidebar":"default-sidebar","second_sidebar":"default-sidebar","sticky_sidebar":"1","share_position":"top","share_float_style":"share-monocrhome","show_share_counter":"1","show_view_counter":"1","show_featured":"1","show_post_meta":"1","show_post_author":"1","show_post_author_image":"1","show_post_date":"1","post_date_format":"default","post_date_format_custom":"Y\/m\/d","show_post_category":"1","show_post_reading_time":"0","post_reading_time_wpm":"300","show_zoom_button":"0","zoom_button_out_step":"2","zoom_button_in_step":"3","show_post_tag":"1","show_prev_next_post":"1","show_popup_post":"1","number_popup_post":"1","show_author_box":"0","show_post_related":"0","show_inline_post_related":"0"}],"override_image_size":"0","image_override":[{"single_post_thumbnail_size":"crop-500","single_post_gallery_size":"crop-500"}],"trending_post":"0","trending_post_position":"meta","trending_post_label":"Trending","sponsored_post":"0","sponsored_post_label":"Sponsored by","sponsored_post_name":"","sponsored_post_url":"","sponsored_post_logo_enable":"0","sponsored_post_logo":"","sponsored_post_desc":"","disable_ad":"0"},"jnews_primary_category":{"id":""},"jnews_social_meta":{"fb_title":"","fb_description":"","fb_image":"","twitter_title":"","twitter_description":"","twitter_image":""},"footnotes":""},"categories":[39],"tags":[],"class_list":["post-298873","post","type-post","status-publish","format-standard","has-post-thumbnail","hentry","category-viajes"],"_links":{"self":[{"href":"https:\/\/dimensionturistica.com\/es\/wp-json\/wp\/v2\/posts\/298873","targetHints":{"allow":["GET"]}}],"collection":[{"href":"https:\/\/dimensionturistica.com\/es\/wp-json\/wp\/v2\/posts"}],"about":[{"href":"https:\/\/dimensionturistica.com\/es\/wp-json\/wp\/v2\/types\/post"}],"author":[{"embeddable":true,"href":"https:\/\/dimensionturistica.com\/es\/wp-json\/wp\/v2\/users\/1"}],"replies":[{"embeddable":true,"href":"https:\/\/dimensionturistica.com\/es\/wp-json\/wp\/v2\/comments?post=298873"}],"version-history":[{"count":0,"href":"https:\/\/dimensionturistica.com\/es\/wp-json\/wp\/v2\/posts\/298873\/revisions"}],"wp:featuredmedia":[{"embeddable":true,"href":"https:\/\/dimensionturistica.com\/es\/wp-json\/wp\/v2\/media\/298895"}],"wp:attachment":[{"href":"https:\/\/dimensionturistica.com\/es\/wp-json\/wp\/v2\/media?parent=298873"}],"wp:term":[{"taxonomy":"category","embeddable":true,"href":"https:\/\/dimensionturistica.com\/es\/wp-json\/wp\/v2\/categories?post=298873"},{"taxonomy":"post_tag","embeddable":true,"href":"https:\/\/dimensionturistica.com\/es\/wp-json\/wp\/v2\/tags?post=298873"}],"curies":[{"name":"wp","href":"https:\/\/api.w.org\/{rel}","templated":true}]}}