{"id":298667,"date":"2022-04-08T02:06:12","date_gmt":"2022-04-08T02:06:12","guid":{"rendered":"https:\/\/dimensionturistica.com\/es\/?p=298667"},"modified":"2022-04-08T02:06:13","modified_gmt":"2022-04-08T02:06:13","slug":"en-isla-del-padre-preven-un-75-de-ocupacion-hotelera-por-vacaciones","status":"publish","type":"post","link":"https:\/\/dimensionturistica.com\/es\/en-isla-del-padre-preven-un-75-de-ocupacion-hotelera-por-vacaciones\/","title":{"rendered":"En Isla del Padre, prev\u00e9n un 75% de ocupaci\u00f3n hotelera por vacaciones"},"content":{"rendered":"<p> <br \/>\n<\/p>\n<div>\n    <span class=\"author\" itemprop=\"author\">Esther Herrera<\/span><\/p>\n<p>\n    <span class=\"location\" itemprop=\"contentLocation\">Monterrey<\/span> \/ <time datetime=\"07-04-2022 20:56:34\" itemprop=\"datePublished\">07.04.2022 20:56:34<\/time><br \/>\n    <meta itemprop=\"dateCreated\" content=\"07-04-2022 20:56:34\"\/><br \/>\n    <meta itemprop=\"dateModified\" content=\"2022-04-07 20:56:34.000000\"\/>\n  <\/p>\n<div id=\"content-body\" class=\"media-container news\" itemprop=\"articleBody\">\n<p>La<b> Isla del Padre se alista para recibir esta Semana Santa<\/b><b> a las familias regiomontanas<\/b> que saldr\u00e1n a vacacionar.<\/p>\n<p>Para esta Semana Santa <b>esperan una ocupaci\u00f3n hotelera del 75 por ciento en las m\u00e1s de tres mil habitaciones de resort <\/b>y cerca de tres mil cuartos en casas y apartamentos de renta, se\u00f1al\u00f3 Teresa Rodr\u00edguez, directora de advertising and marketing y comunicaci\u00f3n de la Isla del Padre.<\/p>\n<blockquote><p>\u201cTenemos pronosticado una ocupaci\u00f3n hotelera entre 65 a 75 por ciento durante estas vacaciones de Semana Santa\u201d, a\u00f1adi\u00f3.<\/p><\/blockquote>\n<p>Actualmente, <b>operan 40 hoteles<\/b>, adem\u00e1s de casas de descansos o apartamentos en renta.<\/p>\n<blockquote><p>\u201cComo sabemos, desde hace a\u00f1os la Isla del Padre es el destino ideal y preferido de los regiomontanos, m\u00e1s de un 60 por ciento de las casas que se tienen en la Isla son propiedad de mexicanos, pero en su mayor\u00eda son de regiomontanos y queremos que siga siendo as\u00ed. Que sigan visit\u00e1ndonos. Un 75 por ciento del turismo que nos visita son regiomontanos\u201d, indic\u00f3.<\/p><\/blockquote>\n<p>Destac\u00f3 que <b>hay m\u00e1s atractivos tur\u00edsticos y actividades para todas las edades<\/b>, desde encuentros cercanos con animales en Sea Turtle Inc, The South Padre Island Birding Nature Middle y Alligator Sanctuary, adem\u00e1s de recorridos con delfines, windsurf, paseos a caballo en la playa y una gastronom\u00eda muy diversa.<\/p>\n<p>La Isla del Padre es reconocida como <b>uno de los mejores destinos de costa<\/b>, as\u00ed como por ofrecer las vacaciones m\u00e1s econ\u00f3micas.<\/p>\n<p>Dijo que todos los d\u00edas por <b>la noche se ilumina el cielo de la Isla del Padre con fuegos artificiales<\/b>, que empiezan desde la temporada de Semana Santa.<\/p>\n<p>Adem\u00e1s, <b>1.5 millones de personas arriban a este destino texano<\/b> cada a\u00f1o. <\/p>\n<p>Agreg\u00f3 que durante<b> la pandemia mantuvieron una ocupaci\u00f3n hotelera related<\/b>, dado que muchos estadunidenses visitaron este destino tur\u00edstico, lo que compens\u00f3 al turismo mexicano y regiomontano, esto tras el cierre de fronteras por la pandemia de covid-19.<\/p>\n<p>\u200b<\/p>\n<\/p><\/div>\n<\/div>\n<p><script async defer crossorigin=\"anonymous\" src=\"https:\/\/connect.facebook.net\/es_LA\/sdk.js\"><\/script><br \/>\n<br \/><\/p>\n<p><em> &#8221; Fuentes www.milenio.com &#8221; <\/em><\/p>\n","protected":false},"excerpt":{"rendered":"<p>Esther Herrera Monterrey \/ 07.04.2022 20:56:34 La Isla del Padre se alista para recibir esta Semana Santa a las familias regiomontanas que saldr\u00e1n a vacacionar. Para esta Semana Santa esperan una ocupaci\u00f3n hotelera del 75 por ciento en las m\u00e1s de tres mil habitaciones de resort y cerca de tres mil cuartos en casas y [&hellip;]<\/p>\n","protected":false},"author":4,"featured_media":298668,"comment_status":"open","ping_status":"closed","sticky":false,"template":"","format":"standard","meta":{"om_disable_all_campaigns":false,"jnews-multi-image_gallery":[],"jnews_single_post":[],"jnews_primary_category":[],"jnews_social_meta":[],"footnotes":""},"categories":[39],"tags":[43650,43649,2946,1861],"class_list":["post-298667","post","type-post","status-publish","format-standard","has-post-thumbnail","hentry","category-viajes","tag-hoteles-en-la-isla-del-padre","tag-isla-del-padre","tag-semana-santa","tag-vacaciones"],"_links":{"self":[{"href":"https:\/\/dimensionturistica.com\/es\/wp-json\/wp\/v2\/posts\/298667","targetHints":{"allow":["GET"]}}],"collection":[{"href":"https:\/\/dimensionturistica.com\/es\/wp-json\/wp\/v2\/posts"}],"about":[{"href":"https:\/\/dimensionturistica.com\/es\/wp-json\/wp\/v2\/types\/post"}],"author":[{"embeddable":true,"href":"https:\/\/dimensionturistica.com\/es\/wp-json\/wp\/v2\/users\/4"}],"replies":[{"embeddable":true,"href":"https:\/\/dimensionturistica.com\/es\/wp-json\/wp\/v2\/comments?post=298667"}],"version-history":[{"count":0,"href":"https:\/\/dimensionturistica.com\/es\/wp-json\/wp\/v2\/posts\/298667\/revisions"}],"wp:featuredmedia":[{"embeddable":true,"href":"https:\/\/dimensionturistica.com\/es\/wp-json\/wp\/v2\/media\/298668"}],"wp:attachment":[{"href":"https:\/\/dimensionturistica.com\/es\/wp-json\/wp\/v2\/media?parent=298667"}],"wp:term":[{"taxonomy":"category","embeddable":true,"href":"https:\/\/dimensionturistica.com\/es\/wp-json\/wp\/v2\/categories?post=298667"},{"taxonomy":"post_tag","embeddable":true,"href":"https:\/\/dimensionturistica.com\/es\/wp-json\/wp\/v2\/tags?post=298667"}],"curies":[{"name":"wp","href":"https:\/\/api.w.org\/{rel}","templated":true}]}}