{"id":298499,"date":"2022-04-07T23:39:53","date_gmt":"2022-04-07T23:39:53","guid":{"rendered":"https:\/\/dimensionturistica.com\/es\/?p=298499"},"modified":"2022-04-07T23:39:53","modified_gmt":"2022-04-07T23:39:53","slug":"miguel-torruco-da-el-banderazo-inicial-del-operativo-vacacional-de-semana-santa-2022-en-baja-california","status":"publish","type":"post","link":"https:\/\/dimensionturistica.com\/es\/miguel-torruco-da-el-banderazo-inicial-del-operativo-vacacional-de-semana-santa-2022-en-baja-california\/","title":{"rendered":"Miguel Torruco da el banderazo inicial del \u201cOperativo Vacacional de Semana Santa 2022\u201d en Baja California"},"content":{"rendered":"<p><img decoding=\"async\" class=\"size-medium wp-image-298556 alignleft\" src=\"https:\/\/dimensionturistica.com\/es\/wp-content\/uploads\/2022\/04\/Operativo-Vacacional-Semana-Santa-2022-4-300x169.jpeg\" alt=\"\" width=\"300\" height=\"169\" srcset=\"https:\/\/dimensionturistica.com\/es\/wp-content\/uploads\/2022\/04\/Operativo-Vacacional-Semana-Santa-2022-4-300x169.jpeg 300w, https:\/\/dimensionturistica.com\/es\/wp-content\/uploads\/2022\/04\/Operativo-Vacacional-Semana-Santa-2022-4-1024x576.jpeg 1024w, https:\/\/dimensionturistica.com\/es\/wp-content\/uploads\/2022\/04\/Operativo-Vacacional-Semana-Santa-2022-4-768x432.jpeg 768w, https:\/\/dimensionturistica.com\/es\/wp-content\/uploads\/2022\/04\/Operativo-Vacacional-Semana-Santa-2022-4-1536x864.jpeg 1536w, https:\/\/dimensionturistica.com\/es\/wp-content\/uploads\/2022\/04\/Operativo-Vacacional-Semana-Santa-2022-4-750x422.jpeg 750w, https:\/\/dimensionturistica.com\/es\/wp-content\/uploads\/2022\/04\/Operativo-Vacacional-Semana-Santa-2022-4-1140x641.jpeg 1140w, https:\/\/dimensionturistica.com\/es\/wp-content\/uploads\/2022\/04\/Operativo-Vacacional-Semana-Santa-2022-4.jpeg 1599w\" sizes=\"(max-width: 300px) 100vw, 300px\" \/>El secretario de Turismo del Gobierno de M\u00e9xico, Miguel Torruco Marqu\u00e9s, dio el banderazo nacional de inicio del \u201cOperativo Vacacional de Semana Santa 2022\u201d en Playas de Rosarito, Baja California, acompa\u00f1ado de la gobernadora de la entidad, Marina del Pilar Avila Olmeda, y autoridades de los tres \u00f3rdenes de gobierno.<br \/>\nEl titular de la Secretar\u00eda de Turismo (Sectur) destac\u00f3 que \u201cBaja California tiene como escenario este magno centro de convenciones en Playas Rosarito, destino predilecto de los surfistas nacionales y extranjeros, adem\u00e1s de que posee el \u00fanico arrecife artificial del estado\u201d.<br \/>\nComent\u00f3 que para el periodo comprendido del s\u00e1bado 9 al domingo 24 de abril, se estima el arribo de 10.2 millones de turistas nacionales, de los cuales 4 millones 24 mil se hospedar\u00e1n en hotel y 6 millones 190 mil en casa de familiares y amigos, as\u00ed como en segundas residencias.<img decoding=\"async\" class=\"size-medium wp-image-298557 alignright\" src=\"https:\/\/dimensionturistica.com\/es\/wp-content\/uploads\/2022\/04\/Operativo-Vacacional-Semana-Santa-2022-11-300x225.jpeg\" alt=\"\" width=\"300\" height=\"225\" srcset=\"https:\/\/dimensionturistica.com\/es\/wp-content\/uploads\/2022\/04\/Operativo-Vacacional-Semana-Santa-2022-11-300x225.jpeg 300w, https:\/\/dimensionturistica.com\/es\/wp-content\/uploads\/2022\/04\/Operativo-Vacacional-Semana-Santa-2022-11-1024x768.jpeg 1024w, https:\/\/dimensionturistica.com\/es\/wp-content\/uploads\/2022\/04\/Operativo-Vacacional-Semana-Santa-2022-11-768x576.jpeg 768w, https:\/\/dimensionturistica.com\/es\/wp-content\/uploads\/2022\/04\/Operativo-Vacacional-Semana-Santa-2022-11-1536x1152.jpeg 1536w, https:\/\/dimensionturistica.com\/es\/wp-content\/uploads\/2022\/04\/Operativo-Vacacional-Semana-Santa-2022-11-750x563.jpeg 750w, https:\/\/dimensionturistica.com\/es\/wp-content\/uploads\/2022\/04\/Operativo-Vacacional-Semana-Santa-2022-11-1140x855.jpeg 1140w, https:\/\/dimensionturistica.com\/es\/wp-content\/uploads\/2022\/04\/Operativo-Vacacional-Semana-Santa-2022-11.jpeg 1600w\" sizes=\"(max-width: 300px) 100vw, 300px\" \/><br \/>\nSe\u00f1al\u00f3 que entre turistas nacionales e internacionales que se alojar\u00e1n en hotel, se prev\u00e9 la llegada de 5 millones 191 mil viajeros, que comparado con el mismo lapso de 2021, significar\u00e1 una recuperaci\u00f3n del 84.4%, y mencion\u00f3 que el 77.5% ser\u00e1 turismo dom\u00e9stico y el restante 22.5%, turismo de internaci\u00f3n.<br \/>\nTorruco Marqu\u00e9s indic\u00f3 que tambi\u00e9n se estima que un mill\u00f3n 310 mil turistas se hospeden en establecimientos de econom\u00edas compartidas, es decir, haciendo uso de las plataformas digitales.<br \/>\nEn tanto, el consumo total por concepto de hospedaje y otros servicios tur\u00edsticos, se considera alcance los 169 mil 742 millones de pesos, as\u00ed como una ocupaci\u00f3n hotelera promedio a nivel nacional estimada de 53.4%, es decir, 16.7 puntos porcentuales por arriba de lo registrado en el <img decoding=\"async\" class=\"size-medium wp-image-298558 alignleft\" src=\"https:\/\/dimensionturistica.com\/es\/wp-content\/uploads\/2022\/04\/Operativo-Vacacional-Semana-Santa-2022-6-300x169.jpeg\" alt=\"\" width=\"300\" height=\"169\" srcset=\"https:\/\/dimensionturistica.com\/es\/wp-content\/uploads\/2022\/04\/Operativo-Vacacional-Semana-Santa-2022-6-300x169.jpeg 300w, https:\/\/dimensionturistica.com\/es\/wp-content\/uploads\/2022\/04\/Operativo-Vacacional-Semana-Santa-2022-6-1024x576.jpeg 1024w, https:\/\/dimensionturistica.com\/es\/wp-content\/uploads\/2022\/04\/Operativo-Vacacional-Semana-Santa-2022-6-768x432.jpeg 768w, https:\/\/dimensionturistica.com\/es\/wp-content\/uploads\/2022\/04\/Operativo-Vacacional-Semana-Santa-2022-6-1536x864.jpeg 1536w, https:\/\/dimensionturistica.com\/es\/wp-content\/uploads\/2022\/04\/Operativo-Vacacional-Semana-Santa-2022-6-750x422.jpeg 750w, https:\/\/dimensionturistica.com\/es\/wp-content\/uploads\/2022\/04\/Operativo-Vacacional-Semana-Santa-2022-6-1140x641.jpeg 1140w, https:\/\/dimensionturistica.com\/es\/wp-content\/uploads\/2022\/04\/Operativo-Vacacional-Semana-Santa-2022-6.jpeg 1599w\" sizes=\"(max-width: 300px) 100vw, 300px\" \/>mismo periodo del 2021.<br \/>\nEntre los destinos tur\u00edsticos con mayor ocupaci\u00f3n estar\u00e1n: Puerto Vallarta, 78.5%; Los Cabos, 76.5%; Canc\u00fan, 75.9%; Acapulco, 70.5%; Aguascalientes, 68.0%; Tijuana 61.4%; Mexicali, 58%; San Crist\u00f3bal de las Casas, 57.0%; Quer\u00e9taro, 55.9%; Puebla, 55.0%; Ciudad de M\u00e9xico, 51.3%; San Felipe, 48.6%; San Miguel de Allende, 45.0%; Rosarito, 44.4%; Villahermosa, 42.1%, Ensenada, 41% y Tuxtla Guti\u00e9rrez, 40.5%, que en su conjunto representan el 45.5% del total de las habitaciones de los 70 centros monitoreados en el sistema DataTur.<br \/>\nTorruco Marqu\u00e9s puntualiz\u00f3: \u201cEstas fechas son muy especiales para el turismo de M\u00e9xico, y los viajes por carretera son una muy buena alternativa para visitar los diversos destinos con que cuenta nuestro pa\u00eds a lo largo y ancho de su territorio, raz\u00f3n por la cual debemos ofrecer seguridad e informaci\u00f3n a los turistas en sus desplazamientos\u201d.<br \/>\nEn ese sentido, destac\u00f3 que la Direcci\u00f3n General de Servicios al Turista \u201c\u00c1ngeles Verdes\u201d, brindar\u00e1 protecci\u00f3n y auxilio en m\u00e1s de 36 mil kil\u00f3metros carreteros de la Red Nacional de Caminos.<br \/>\nSubray\u00f3 que en este periodo vacacional se desplegar\u00e1n 724 elementos operativos, en 197 tramos carreteros, y se har\u00e1 uso de 188 radio\u2013patrullas, 42 gr\u00faas y 54 remolques tipo camper.<br \/>\nCon este operativo, \u201c\u00c1ngeles Verdes\u201d prev\u00e9 ofrecer 10 mil 700 servicios, atender a 42 mil 800 turistas, recorrer m\u00e1s de 695 mil kil\u00f3metros y recibir alrededor de 1,800 llamadas de emergencia, a trav\u00e9s del 078.<br \/>\nPor su parte, la gobernadora de Baja California, Marina del Pilar Avila Olmeda, declar\u00f3: \u201cEn Baja California somos capaces de hacer equipo durante esta temporada, cada quien desde su trinchera.<img decoding=\"async\" class=\"size-medium wp-image-298559 alignleft\" src=\"https:\/\/dimensionturistica.com\/es\/wp-content\/uploads\/2022\/04\/Operativo-Vacacional-Semana-Santa-2022-9-300x169.jpeg\" alt=\"\" width=\"300\" height=\"169\" srcset=\"https:\/\/dimensionturistica.com\/es\/wp-content\/uploads\/2022\/04\/Operativo-Vacacional-Semana-Santa-2022-9-300x169.jpeg 300w, https:\/\/dimensionturistica.com\/es\/wp-content\/uploads\/2022\/04\/Operativo-Vacacional-Semana-Santa-2022-9-1024x576.jpeg 1024w, https:\/\/dimensionturistica.com\/es\/wp-content\/uploads\/2022\/04\/Operativo-Vacacional-Semana-Santa-2022-9-768x432.jpeg 768w, https:\/\/dimensionturistica.com\/es\/wp-content\/uploads\/2022\/04\/Operativo-Vacacional-Semana-Santa-2022-9-1536x864.jpeg 1536w, https:\/\/dimensionturistica.com\/es\/wp-content\/uploads\/2022\/04\/Operativo-Vacacional-Semana-Santa-2022-9-750x422.jpeg 750w, https:\/\/dimensionturistica.com\/es\/wp-content\/uploads\/2022\/04\/Operativo-Vacacional-Semana-Santa-2022-9-1140x641.jpeg 1140w, https:\/\/dimensionturistica.com\/es\/wp-content\/uploads\/2022\/04\/Operativo-Vacacional-Semana-Santa-2022-9.jpeg 1599w\" sizes=\"(max-width: 300px) 100vw, 300px\" \/> Aqu\u00ed empieza el pa\u00eds y recibimos a todos con los brazos abiertos y el coraz\u00f3n por delante\u201d, subray\u00f3.<br \/>\nAvila Olmeda invit\u00f3 a los visitantes a seguir las indicaciones de seguridad en carretera y en los destinos tur\u00edsticos. \u201cVivan estas vacaciones en familia, cuid\u00e9monos. Para miles de personas, esta ser\u00e1 su primera salida en dos a\u00f1os y en Baja California unimos esfuerzos para garantizar vacaciones seguras\u201d.<br \/>\nEn su oportunidad, el secretario de Turismo de Baja California, Miguel Agui\u00f1iga Rodr\u00edguez, reconoci\u00f3 el trabajo en conjunto que se realiza con Sectur federal para dar impulso a la variada oferta de la entidad, en especial al turismo de salud y bienestar, que tiene un gran potencial en el destino.<br \/>\nEn el evento estuvieron presentes tambi\u00e9n, el subsecretario de Turismo, Humberto Hern\u00e1ndez-Haddad, y la alcaldesa de Playas de Rosarito, Araceli Brown Figueredo.<br \/>\nAs\u00ed como, representantes de las secretar\u00edas de Relaciones Exteriores, de Marina, de la Funci\u00f3n P\u00fablica, de Cultura; de la Procuradur\u00eda Federal del Consumidor (Profeco), de Caminos y Puentes Federales, los c\u00f3nsules titulares de M\u00e9xico en San Diego, Los \u00c1ngeles, Santa Ana, Cal\u00e9xico; entre otros.<\/p>\n","protected":false},"excerpt":{"rendered":"<p>El secretario de Turismo del Gobierno de M\u00e9xico, Miguel Torruco Marqu\u00e9s, dio el banderazo nacional de inicio del \u201cOperativo Vacacional de Semana Santa 2022\u201d en Playas de Rosarito, Baja California, acompa\u00f1ado de la gobernadora de la entidad, Marina del Pilar Avila Olmeda, y autoridades de los tres \u00f3rdenes de gobierno. El titular de la Secretar\u00eda [&hellip;]<\/p>\n","protected":false},"author":1,"featured_media":298563,"comment_status":"open","ping_status":"closed","sticky":false,"template":"","format":"standard","meta":{"om_disable_all_campaigns":false,"jnews-multi-image_gallery":[],"jnews_single_post":{"source_name":"","source_url":"","via_name":"","via_url":"","override_template":"0","override":[{"template":"1","single_blog_custom":"","parallax":"1","fullscreen":"1","layout":"right-sidebar","sidebar":"default-sidebar","second_sidebar":"default-sidebar","sticky_sidebar":"1","share_position":"top","share_float_style":"share-monocrhome","show_share_counter":"1","show_view_counter":"1","show_featured":"1","show_post_meta":"1","show_post_author":"1","show_post_author_image":"1","show_post_date":"1","post_date_format":"default","post_date_format_custom":"Y\/m\/d","show_post_category":"1","show_post_reading_time":"0","post_reading_time_wpm":"300","show_zoom_button":"0","zoom_button_out_step":"2","zoom_button_in_step":"3","show_post_tag":"1","show_prev_next_post":"1","show_popup_post":"1","number_popup_post":"1","show_author_box":"0","show_post_related":"0","show_inline_post_related":"0"}],"override_image_size":"0","image_override":[{"single_post_thumbnail_size":"crop-500","single_post_gallery_size":"crop-500"}],"trending_post":"0","trending_post_position":"meta","trending_post_label":"Trending","sponsored_post":"0","sponsored_post_label":"Sponsored by","sponsored_post_name":"","sponsored_post_url":"","sponsored_post_logo_enable":"0","sponsored_post_logo":"","sponsored_post_desc":"","disable_ad":"0"},"jnews_primary_category":{"id":""},"jnews_social_meta":{"fb_title":"","fb_description":"","fb_image":"","twitter_title":"","twitter_description":"","twitter_image":""},"footnotes":""},"categories":[39],"tags":[],"class_list":["post-298499","post","type-post","status-publish","format-standard","has-post-thumbnail","hentry","category-viajes"],"_links":{"self":[{"href":"https:\/\/dimensionturistica.com\/es\/wp-json\/wp\/v2\/posts\/298499","targetHints":{"allow":["GET"]}}],"collection":[{"href":"https:\/\/dimensionturistica.com\/es\/wp-json\/wp\/v2\/posts"}],"about":[{"href":"https:\/\/dimensionturistica.com\/es\/wp-json\/wp\/v2\/types\/post"}],"author":[{"embeddable":true,"href":"https:\/\/dimensionturistica.com\/es\/wp-json\/wp\/v2\/users\/1"}],"replies":[{"embeddable":true,"href":"https:\/\/dimensionturistica.com\/es\/wp-json\/wp\/v2\/comments?post=298499"}],"version-history":[{"count":0,"href":"https:\/\/dimensionturistica.com\/es\/wp-json\/wp\/v2\/posts\/298499\/revisions"}],"wp:featuredmedia":[{"embeddable":true,"href":"https:\/\/dimensionturistica.com\/es\/wp-json\/wp\/v2\/media\/298563"}],"wp:attachment":[{"href":"https:\/\/dimensionturistica.com\/es\/wp-json\/wp\/v2\/media?parent=298499"}],"wp:term":[{"taxonomy":"category","embeddable":true,"href":"https:\/\/dimensionturistica.com\/es\/wp-json\/wp\/v2\/categories?post=298499"},{"taxonomy":"post_tag","embeddable":true,"href":"https:\/\/dimensionturistica.com\/es\/wp-json\/wp\/v2\/tags?post=298499"}],"curies":[{"name":"wp","href":"https:\/\/api.w.org\/{rel}","templated":true}]}}