{"id":298328,"date":"2022-04-07T13:43:07","date_gmt":"2022-04-07T13:43:07","guid":{"rendered":"https:\/\/dimensionturistica.com\/es\/?p=298328"},"modified":"2022-04-07T13:43:08","modified_gmt":"2022-04-07T13:43:08","slug":"comienza-el-verano-en-el-turismo-de-austria","status":"publish","type":"post","link":"https:\/\/dimensionturistica.com\/es\/comienza-el-verano-en-el-turismo-de-austria\/","title":{"rendered":"Comienza el Verano en el Turismo de Austria"},"content":{"rendered":"<p> <br \/>\n<\/p>\n<div>\n<p>Comienza el verano en Turismo de Austria: a pesar de la incertidumbre, esperamos el verano de 2022 con optimismo<\/p>\n<p>Las previsiones para el tercer verano desde el inicio de la pandemia son buenas. Seg\u00fan una nueva encuesta realizada por Turismo de Austria, tres cuartas partes de los encuestados en los mercados emisores m\u00e1s importantes de Austria est\u00e1n planeando unas vacaciones de verano y Austria tiene las ofertas adecuadas. Los factores de incertidumbre siguen siendo la inflaci\u00f3n, la guerra de Ucrania y la pandemia.<\/p>\n<p>&#8220;Somos optimistas para la temporada de verano. Despu\u00e9s de dos a\u00f1os de pandemia, hay una gran necesidad de viajar. La gente anhela desconectar en la naturaleza y Austria tiene el entorno adecuado para ello&#8221;, afirma Lisa Weddig, directora normal de Turismo de Austria. Esto es lo que ha destacado la precise encuesta realizada al respecto por Turismo de Austria en los cuatro mercados extranjeros m\u00e1s grandes de Austria: Alemania, los Pa\u00edses Bajos, Suiza y la Rep\u00fablica Checa. Seg\u00fan los resultados, tres cuartas partes de los encuestados tienen previsto viajar en el verano de 2022, frente al 60 % del a\u00f1o anterior. Aunque unas vacaciones en la playa junto al mar son la opci\u00f3n m\u00e1s common (es la opci\u00f3n elegida por el 40 % de los encuestados), entre las opciones favoritas tambi\u00e9n destacaron unas vacaciones para desconectar (31 %), unas vacaciones en la naturaleza (25 %), unas vacaciones en la ciudad (22 %) y unas vacaciones en el lago (21 %). Y estos son los puntos fuertes de Austria. Actualmente, el &#8220;ejercicio en la naturaleza&#8221; es la principal tendencia en Alemania, Suiza y la Rep\u00fablica Checa, algo que tambi\u00e9n beneficia a Austria. El hecho de que dos de cada diez viajeros tengan prevista una escapada a una ciudad es una buena noticia para el turismo urbano, que ha sido el m\u00e1s afectado durante la pandemia.<\/p>\n<p>El aumento de los precios es m\u00e1s relevante que la pandemia<\/p>\n<p>En cuanto a los temas m\u00e1s importantes a los que se enfrentan los turistas cuando planifican sus vacaciones, la situaci\u00f3n provocada por la pandemia apenas ocupa el tercer lugar. Las incertidumbres pol\u00edticas (sobre todo, la guerra en Ucrania) ocupan el segundo lugar, pero el aumento de los precios es la principal preocupaci\u00f3n en este momento. &#8220;La evoluci\u00f3n de los precios es el factor m\u00e1s relevante en la planificaci\u00f3n de las vacaciones de este a\u00f1o. No afecta tanto a la decisi\u00f3n de si hacer o no vacaciones, sino al destino y el momento del viaje&#8221;, especifica Weddig.<\/p>\n<p>Por fin unas aut\u00e9nticas vacaciones en Austria<\/p>\n<p>Durante las repetidas fases de restricciones en los \u00faltimos dos a\u00f1os cuando no se pod\u00eda viajar, los turistas solo pod\u00edan descubrir Austria como destino vacacional de forma digital, en las publicaciones de influencers o en recordatorios de la p\u00e1gina de noticias de Fb. Turismo de Austria tambi\u00e9n utiliz\u00f3 las redes sociales para mantener Austria en el recuerdo de los turistas. Ahora por fin ha llegado el momento de volver a descubrir Austria &#8220;de forma aut\u00e9ntica&#8221;: con #realAustria, Turismo de Austria ha creado el lema correcto para la comunicaci\u00f3n sobre el verano de 2022 en el momento justo.<\/p>\n<p>La comunicaci\u00f3n sobre el verano de 2022 consta de tres campa\u00f1as bajo un solo lema: #realAustria. En cuanto al contenido, todo gira en torno a los temas del verano, las ciudades y el ciclismo. Tres puntos centrales, que por primera vez comparten un mensaje com\u00fan: inspiraci\u00f3n para unas vacaciones &#8220;aut\u00e9nticas&#8221; en Austria.<\/p>\n<p>Verano, ciudades y ciclismo<\/p>\n<p>La campa\u00f1a de verano comenzar\u00e1 el 4 de abril de 2022 en los mercados m\u00e1s pr\u00f3ximos de Alemania, Suiza, Pa\u00edses Bajos, B\u00e9lgica, Italia y Rep\u00fablica Checa. En Hungr\u00eda y Polonia, el inicio de la comunicaci\u00f3n se producir\u00e1 en mayo debido a la tensa situaci\u00f3n provocada por la guerra de Ucrania. Los dos temas centrales de la campa\u00f1a ser\u00e1n las vacaciones para desconectar y las vacaciones activas. &#8220;Unas vacaciones en Austria se perciben como relajantes, pr\u00f3ximas a la naturaleza y de retorno a lo esencial. Tambi\u00e9n transmitimos estos valores en las im\u00e1genes de la campa\u00f1a&#8221;, afirma Martina Bednarik, directora de advertising and marketing de Turismo de Austria. Ya sea nadando en el lago o haciendo senderismo en los Alpes: unas vacaciones de verano en Austria ofrecen la experiencia id\u00f3nea para todo el mundo. Para dirigirnos espec\u00edficamente al colectivo joven con su alta afinidad con las redes sociales, se ha desarrollado una adaptaci\u00f3n con iconos m\u00e1s comunes adem\u00e1s de los temas &#8220;cl\u00e1sicos&#8221;. &#8220;El mensaje es: las vacaciones en Austria son vacaciones para darle a me gusta, compartir y comentar. Queremos dirigirnos espec\u00edficamente a los turistas j\u00f3venes y atraerlos para que nos visiten por primera vez&#8221;, a\u00f1ade Bednarik.<\/p>\n<p>La campa\u00f1a sobre ciudades comenzar\u00e1 el 15 de abril de 2022 y se centra en diez mercados pr\u00f3ximos. A nivel tem\u00e1tico se basa en tres pilares: castillos\/palacios, museos e instituciones\/cafeter\u00edas. &#8220;El turismo urbano ha sido el m\u00e1s afectado por la pandemia. El a\u00f1o pasado, las ciudades todav\u00eda experimentaron una ca\u00edda en las pernoctaciones del -65 % en comparaci\u00f3n con 2019. Queremos contrarrestar esto con la campa\u00f1a sobre ciudades&#8221;, afirma Lisa Weddig.<\/p>\n<p>El 4 de abril de 2022 tambi\u00e9n empezar\u00e1 la campa\u00f1a sobre ciclismo centrada en dos aspectos: el ciclismo de ocio y el ciclismo de monta\u00f1a. La campa\u00f1a posiciona a Austria como un destino atractivo para unas vacaciones en bicicleta en los mercados de Alemania, los Pa\u00edses Bajos, la Rep\u00fablica Checa y Eslovaquia. &#8220;Las vacaciones en bicicleta est\u00e1n viviendo un auge incre\u00edble. El 32 % de nuestros turistas de verano en 2021 se desplaz\u00f3 en bicicleta y el ciclismo es claramente la tercera actividad deportiva m\u00e1s popular en las vacaciones de verano en Austria. Austria como pa\u00eds ciclista tiene mucho que ofrecer a sus visitantes&#8221;, afirma Martina Bednarik.<\/p>\n<p>Nueve millones de euros destinados a #realAustria<\/p>\n<p>Este a\u00f1o se destinar\u00e1 un presupuesto complete de nueve millones de euros a las campa\u00f1as bajo el mismo lema: #realAustria, con 6 millones de euros para la campa\u00f1a de verano, 1,6 millones de euros para la campa\u00f1a sobre ciudades y 1,4 millones para la campa\u00f1a sobre ciclismo. Esto tambi\u00e9n es posible gracias al presupuesto especial del Gobierno federal para Turismo de Austria de 2020 y al aumento del presupuesto del a\u00f1o pasado por parte del Gobierno federal para Turismo de Austria en cuatro millones de euros para 2022. La Ministra de Turismo, Elisabeth K\u00f6stinger, comenta: &#8220;Con la nueva campa\u00f1a de verano, Turismo de Austria vuelve a realizar una contribuci\u00f3n decisiva para apoyar la industria del turismo y el ocio nacional, as\u00ed como la industria de la restauraci\u00f3n, los operadores tur\u00edsticos y las agencias de viajes. Para m\u00ed era muy importante proporcionar a Turismo de Austria los medios adecuados para que puedan presentar Austria como un destino de vacaciones en el extranjero de la mejor manera posible. Austria es uno de los destinos vacacionales m\u00e1s populares del mundo. Conf\u00edo en que tendremos una excelente temporada de verano&#8221;.<\/p>\n<p>M\u00e1s informaci\u00f3n: Oficina Nacional Austr\u00edaca del Turismo en Espa\u00f1a: Cristina Furtner, cristina.furtner@austria.information; https:\/\/b2b.austria.information\/es\/prensa\/<\/p>\n<p>https:\/\/www.fb.com\/feelaustria<\/p>\n<div class=\"wysiwyg-photo\"><img decoding=\"async\" src=\"https:\/\/static.hosteltur.com\/app\/public\/uploads\/img\/releases\/2022\/04\/07\/L_152751_oew-sommerauftakt-pk.jpg\" alt=\"Imagen nota de prensa Hosteltur\" width=\"2000\" height=\"1334\"\/><img decoding=\"async\" src=\"https:\/\/static.hosteltur.com\/app\/public\/uploads\/img\/releases\/2022\/04\/07\/L_152751_oew-sommerauftakt-pk.jpg\" alt=\"Imagen nota de prensa Hosteltur\" width=\"2000\" height=\"1334\"\/>  <\/div><\/div>\n\n<p><em> &#8221; Fuentes www.hosteltur.com &#8221; <\/em><\/p>\n","protected":false},"excerpt":{"rendered":"<p>Comienza el verano en Turismo de Austria: a pesar de la incertidumbre, esperamos el verano de 2022 con optimismo Las previsiones para el tercer verano desde el inicio de la pandemia son buenas. Seg\u00fan una nueva encuesta realizada por Turismo de Austria, tres cuartas partes de los encuestados en los mercados emisores m\u00e1s importantes de [&hellip;]<\/p>\n","protected":false},"author":4,"featured_media":298329,"comment_status":"open","ping_status":"closed","sticky":false,"template":"","format":"standard","meta":{"om_disable_all_campaigns":false,"jnews-multi-image_gallery":[],"jnews_single_post":[],"jnews_primary_category":[],"jnews_social_meta":[],"footnotes":""},"categories":[40],"tags":[715],"class_list":["post-298328","post","type-post","status-publish","format-standard","has-post-thumbnail","hentry","category-industria","tag-economia"],"_links":{"self":[{"href":"https:\/\/dimensionturistica.com\/es\/wp-json\/wp\/v2\/posts\/298328","targetHints":{"allow":["GET"]}}],"collection":[{"href":"https:\/\/dimensionturistica.com\/es\/wp-json\/wp\/v2\/posts"}],"about":[{"href":"https:\/\/dimensionturistica.com\/es\/wp-json\/wp\/v2\/types\/post"}],"author":[{"embeddable":true,"href":"https:\/\/dimensionturistica.com\/es\/wp-json\/wp\/v2\/users\/4"}],"replies":[{"embeddable":true,"href":"https:\/\/dimensionturistica.com\/es\/wp-json\/wp\/v2\/comments?post=298328"}],"version-history":[{"count":0,"href":"https:\/\/dimensionturistica.com\/es\/wp-json\/wp\/v2\/posts\/298328\/revisions"}],"wp:featuredmedia":[{"embeddable":true,"href":"https:\/\/dimensionturistica.com\/es\/wp-json\/wp\/v2\/media\/298329"}],"wp:attachment":[{"href":"https:\/\/dimensionturistica.com\/es\/wp-json\/wp\/v2\/media?parent=298328"}],"wp:term":[{"taxonomy":"category","embeddable":true,"href":"https:\/\/dimensionturistica.com\/es\/wp-json\/wp\/v2\/categories?post=298328"},{"taxonomy":"post_tag","embeddable":true,"href":"https:\/\/dimensionturistica.com\/es\/wp-json\/wp\/v2\/tags?post=298328"}],"curies":[{"name":"wp","href":"https:\/\/api.w.org\/{rel}","templated":true}]}}