{"id":297991,"date":"2022-04-06T20:57:40","date_gmt":"2022-04-06T20:57:40","guid":{"rendered":"https:\/\/dimensionturistica.com\/es\/?p=297991"},"modified":"2022-04-06T20:59:15","modified_gmt":"2022-04-06T20:59:15","slug":"israel-impulsa-el-regreso-de-peregrinos-a-tierra-santa","status":"publish","type":"post","link":"https:\/\/dimensionturistica.com\/es\/israel-impulsa-el-regreso-de-peregrinos-a-tierra-santa\/","title":{"rendered":"Israel impulsa el regreso de peregrinos a Tierra Santa"},"content":{"rendered":"<p><img decoding=\"async\" class=\"size-medium wp-image-297996 alignleft\" src=\"https:\/\/dimensionturistica.com\/es\/wp-content\/uploads\/2022\/04\/unnamed-1-4-300x200.jpg\" alt=\"\" width=\"300\" height=\"200\" srcset=\"https:\/\/dimensionturistica.com\/es\/wp-content\/uploads\/2022\/04\/unnamed-1-4-300x200.jpg 300w, https:\/\/dimensionturistica.com\/es\/wp-content\/uploads\/2022\/04\/unnamed-1-4-1024x683.jpg 1024w, https:\/\/dimensionturistica.com\/es\/wp-content\/uploads\/2022\/04\/unnamed-1-4-768x512.jpg 768w, https:\/\/dimensionturistica.com\/es\/wp-content\/uploads\/2022\/04\/unnamed-1-4-750x500.jpg 750w, https:\/\/dimensionturistica.com\/es\/wp-content\/uploads\/2022\/04\/unnamed-1-4-1140x760.jpg 1140w, https:\/\/dimensionturistica.com\/es\/wp-content\/uploads\/2022\/04\/unnamed-1-4.jpg 1200w\" sizes=\"(max-width: 300px) 100vw, 300px\" \/>Dentro de los cambios es la infraestructura para personas con discapacidad, nuevas salas de exhibici\u00f3n, nuevas rutas que muestran hallazgos importantes y entre otras.<br \/>\nA lo largo de esta reactivaci\u00f3n tur\u00edstica, el Ministerio de Turismo de Israel ha trabajado para mantener vigente al destino y ha invertido millones de d\u00f3lares en la mejora de infraestructura tur\u00edstica que permita ofrecer mejores experiencias de viaje a los turistas, as\u00ed como garantizar la seguridad de los viajeros durante su estancia en el destino.<br \/>\nDe acuerdo con las autoridades, el 54% de los turistas que llegan a Israel son cristianos, de los cuales el 18% son peregrinos. Por ello gran parte de las inversiones se destinaron a centro religiosos, con el prop\u00f3sito de impulsar al sector en los pr\u00f3ximos a\u00f1os, mostrando que Tierra Santa es un lugar seguro y donde son bienvenidos todos los fieles de Jes\u00fas.<br \/>\n&#8220;El Ministerio de Turismo ha decidido construir un programa que invierta m\u00e1s de mil millones de shekels en infraestructura, para que una vez que pase la pandemia, podamos ofrecer nuevos servicios a los turistas que vendr\u00e1n&#8221;, mencion\u00f3 Kobby Barba, Director General Adjunto del Ministerio de Turismo de Israel.<img decoding=\"async\" class=\"size-medium wp-image-297997 alignright\" src=\"https:\/\/dimensionturistica.com\/es\/wp-content\/uploads\/2022\/04\/unnamed-2-2-300x200.jpg\" alt=\"\" width=\"300\" height=\"200\" srcset=\"https:\/\/dimensionturistica.com\/es\/wp-content\/uploads\/2022\/04\/unnamed-2-2-300x200.jpg 300w, https:\/\/dimensionturistica.com\/es\/wp-content\/uploads\/2022\/04\/unnamed-2-2-1024x683.jpg 1024w, https:\/\/dimensionturistica.com\/es\/wp-content\/uploads\/2022\/04\/unnamed-2-2-768x512.jpg 768w, https:\/\/dimensionturistica.com\/es\/wp-content\/uploads\/2022\/04\/unnamed-2-2-750x500.jpg 750w, https:\/\/dimensionturistica.com\/es\/wp-content\/uploads\/2022\/04\/unnamed-2-2-1140x760.jpg 1140w, https:\/\/dimensionturistica.com\/es\/wp-content\/uploads\/2022\/04\/unnamed-2-2.jpg 1200w\" sizes=\"(max-width: 300px) 100vw, 300px\" \/><br \/>\nEn 2021, las llegadas de turistas fueron de poco m\u00e1s de 400 mil, una cifra muy alejada del r\u00e9cord obtenido en 2019 cuando se registr\u00f3 el ingreso de 4.5 millones de turistas internacionales.<br \/>\nParalelo a esto, se lanz\u00f3 una nueva p\u00e1gina de turismo religioso, donde los peregrinos encontrar\u00e1n informaci\u00f3n valiosa sobre los sitios m\u00e1s importantes para los cat\u00f3licos, evang\u00e9licos y cristianos. El sitio web incluye consejos para planear un viaje a Tierra Santa, entrevistas con l\u00edderes religiosos, una amplia galer\u00eda de fotos y videos y opciones de itinerario desde 7 a 10 d\u00edas para seguir los pasos de Jes\u00fas.<br \/>\nDentro de las renovaciones que los peregrinos podr\u00e1n encontrar en Israel son:<br \/>\nInfraestructura para personas con discapacidad<br \/>\nLa Ciudad Vieja de Jerusal\u00e9n se renov\u00f3 colocando letreros direccionales, revestimiento de piedras desgastadas y letreros con explicaci\u00f3n hist\u00f3rica y arqueol\u00f3gica en los diversos puntos de inter\u00e9s de los cuatro barrios. En el jud\u00edo se construy\u00f3 dos ascensores y un t\u00fanel para llevar a los visitantes 22 metros abajo hasta el Muro de los Lamentos que actualmente solo es accesible por escaleras. Tambi\u00e9n se acondicionaros algunos espacios techados para descansar.<br \/>\n<img decoding=\"async\" class=\"size-medium wp-image-298001 alignleft\" src=\"https:\/\/dimensionturistica.com\/es\/wp-content\/uploads\/2022\/04\/unnamed-3-2-300x200.jpg\" alt=\"\" width=\"300\" height=\"200\" srcset=\"https:\/\/dimensionturistica.com\/es\/wp-content\/uploads\/2022\/04\/unnamed-3-2-300x200.jpg 300w, https:\/\/dimensionturistica.com\/es\/wp-content\/uploads\/2022\/04\/unnamed-3-2-1024x683.jpg 1024w, https:\/\/dimensionturistica.com\/es\/wp-content\/uploads\/2022\/04\/unnamed-3-2-768x512.jpg 768w, https:\/\/dimensionturistica.com\/es\/wp-content\/uploads\/2022\/04\/unnamed-3-2-750x500.jpg 750w, https:\/\/dimensionturistica.com\/es\/wp-content\/uploads\/2022\/04\/unnamed-3-2-1140x760.jpg 1140w, https:\/\/dimensionturistica.com\/es\/wp-content\/uploads\/2022\/04\/unnamed-3-2.jpg 1200w\" sizes=\"(max-width: 300px) 100vw, 300px\" \/>Adem\u00e1s, los visitantes ahora podr\u00e1n disfrutar de una nueva ruta en los T\u00faneles del Muro de los Lamentos que aguardan nuevos hallazgos de la Autoridad de Antig\u00fcedades de Israel, destacando un edificio de la \u00e9poca del Segundo Templo.<br \/>\nConocer m\u00e1s<br \/>\nNuevas rutas de peregrinaje como la \u201cRuta de Ema\u00fas\u201d<br \/>\nRecientemente se inaugur\u00f3 el Sendero de Ema\u00fas, una ruta de poco m\u00e1s de 17km que comienza cerca del pueblo de Abu Ghosh hasta la Aldea de Ema\u00fas Nic\u00f3polis, siguiendo los pasos de la historia del Evangelio de Lucas sobre el encuentro de Jes\u00fas despu\u00e9s de resucitar y caminando con dos de sus disc\u00edpulos.<br \/>\nSe trata de una de las rutas m\u00e1s bonitas y menos transitadas de las colinas de Judea. Junto al comienzo del sendero se encuentra el Centro de Visitantes de Saxum, que alberga un museo multimedia dedicado a la vida de Jes\u00fas. Se puede conocer m\u00e1s sobre este centro el su sitio web, donde adem\u00e1s tiene material multimedia.<br \/>\nConocer m\u00e1s<br \/>\nNuevas salas de exhibici\u00f3n en el Museo Torre de David en Jerusal\u00e9n<br \/>\nEl proyecto tiene el objetivo de preservar la ciudadela hist\u00f3rica y el parque arqueol\u00f3gico, as\u00ed como duplicar el \u00e1rea del museo de historia de Jerusal\u00e9n a 20 mil metros cuadrados. El plan incluye, entre otras cosas, un nuevo centro de visitantes, siete nuevas galer\u00edas, una explanada multisensorial, espacios de exhibici\u00f3n, sanitarios p\u00fablicos y ascensores para una mejor accesibilidad.<br \/>\nAdem\u00e1s, hay un \u00e1rea con importantes hallazgos romano-bizantinos debajo de la Plaza de la Puerta<img decoding=\"async\" class=\"size-medium wp-image-298002 alignright\" src=\"https:\/\/dimensionturistica.com\/es\/wp-content\/uploads\/2022\/04\/unnamed-4-2-300x200.jpg\" alt=\"\" width=\"300\" height=\"200\" srcset=\"https:\/\/dimensionturistica.com\/es\/wp-content\/uploads\/2022\/04\/unnamed-4-2-300x200.jpg 300w, https:\/\/dimensionturistica.com\/es\/wp-content\/uploads\/2022\/04\/unnamed-4-2-1024x683.jpg 1024w, https:\/\/dimensionturistica.com\/es\/wp-content\/uploads\/2022\/04\/unnamed-4-2-768x512.jpg 768w, https:\/\/dimensionturistica.com\/es\/wp-content\/uploads\/2022\/04\/unnamed-4-2-750x500.jpg 750w, https:\/\/dimensionturistica.com\/es\/wp-content\/uploads\/2022\/04\/unnamed-4-2-1140x760.jpg 1140w, https:\/\/dimensionturistica.com\/es\/wp-content\/uploads\/2022\/04\/unnamed-4-2.jpg 1200w\" sizes=\"(max-width: 300px) 100vw, 300px\" \/> de Jaffa, lugar donde se construir\u00e1 un ala educativa con salones de clases y que a su vez estar\u00e1 conectada con el estacionamiento del centro comercial Mamilla.<br \/>\nConocer m\u00e1s<br \/>\nEstas son solo algunas de las renovaciones que se han hecho durante el tiempo que los peregrinos no pudieron visitar Tierra Santa; se esperan m\u00e1s cambios. El Ministerio de Turismo de Israel contin\u00faa trabajando para recuperar el paso de turistas por el destino y pronto llegar a los n\u00fameros de 2019.<\/p>\n","protected":false},"excerpt":{"rendered":"<p>Dentro de los cambios es la infraestructura para personas con discapacidad, nuevas salas de exhibici\u00f3n, nuevas rutas que muestran hallazgos importantes y entre otras. A lo largo de esta reactivaci\u00f3n tur\u00edstica, el Ministerio de Turismo de Israel ha trabajado para mantener vigente al destino y ha invertido millones de d\u00f3lares en la mejora de infraestructura [&hellip;]<\/p>\n","protected":false},"author":1,"featured_media":298003,"comment_status":"open","ping_status":"closed","sticky":false,"template":"","format":"standard","meta":{"om_disable_all_campaigns":false,"jnews-multi-image_gallery":[],"jnews_single_post":{"source_name":"","source_url":"","via_name":"","via_url":"","override_template":"0","override":[{"template":"1","single_blog_custom":"","parallax":"1","fullscreen":"1","layout":"right-sidebar","sidebar":"default-sidebar","second_sidebar":"default-sidebar","sticky_sidebar":"1","share_position":"top","share_float_style":"share-monocrhome","show_share_counter":"1","show_view_counter":"1","show_featured":"1","show_post_meta":"1","show_post_author":"1","show_post_author_image":"1","show_post_date":"1","post_date_format":"default","post_date_format_custom":"Y\/m\/d","show_post_category":"1","show_post_reading_time":"0","post_reading_time_wpm":"300","show_zoom_button":"0","zoom_button_out_step":"2","zoom_button_in_step":"3","show_post_tag":"1","show_prev_next_post":"1","show_popup_post":"1","number_popup_post":"1","show_author_box":"0","show_post_related":"0","show_inline_post_related":"0"}],"override_image_size":"0","image_override":[{"single_post_thumbnail_size":"crop-500","single_post_gallery_size":"crop-500"}],"trending_post":"0","trending_post_position":"meta","trending_post_label":"Trending","sponsored_post":"0","sponsored_post_label":"Sponsored by","sponsored_post_name":"","sponsored_post_url":"","sponsored_post_logo_enable":"0","sponsored_post_logo":"","sponsored_post_desc":"","disable_ad":"0"},"jnews_primary_category":{"id":""},"jnews_social_meta":{"fb_title":"","fb_description":"","fb_image":"","twitter_title":"","twitter_description":"","twitter_image":""},"footnotes":""},"categories":[39],"tags":[],"class_list":["post-297991","post","type-post","status-publish","format-standard","has-post-thumbnail","hentry","category-viajes"],"_links":{"self":[{"href":"https:\/\/dimensionturistica.com\/es\/wp-json\/wp\/v2\/posts\/297991","targetHints":{"allow":["GET"]}}],"collection":[{"href":"https:\/\/dimensionturistica.com\/es\/wp-json\/wp\/v2\/posts"}],"about":[{"href":"https:\/\/dimensionturistica.com\/es\/wp-json\/wp\/v2\/types\/post"}],"author":[{"embeddable":true,"href":"https:\/\/dimensionturistica.com\/es\/wp-json\/wp\/v2\/users\/1"}],"replies":[{"embeddable":true,"href":"https:\/\/dimensionturistica.com\/es\/wp-json\/wp\/v2\/comments?post=297991"}],"version-history":[{"count":0,"href":"https:\/\/dimensionturistica.com\/es\/wp-json\/wp\/v2\/posts\/297991\/revisions"}],"wp:featuredmedia":[{"embeddable":true,"href":"https:\/\/dimensionturistica.com\/es\/wp-json\/wp\/v2\/media\/298003"}],"wp:attachment":[{"href":"https:\/\/dimensionturistica.com\/es\/wp-json\/wp\/v2\/media?parent=297991"}],"wp:term":[{"taxonomy":"category","embeddable":true,"href":"https:\/\/dimensionturistica.com\/es\/wp-json\/wp\/v2\/categories?post=297991"},{"taxonomy":"post_tag","embeddable":true,"href":"https:\/\/dimensionturistica.com\/es\/wp-json\/wp\/v2\/tags?post=297991"}],"curies":[{"name":"wp","href":"https:\/\/api.w.org\/{rel}","templated":true}]}}