{"id":297950,"date":"2022-04-06T19:28:21","date_gmt":"2022-04-06T19:28:21","guid":{"rendered":"https:\/\/dimensionturistica.com\/es\/?p=297950"},"modified":"2022-04-06T19:28:22","modified_gmt":"2022-04-06T19:28:22","slug":"expertos-en-turismo-de-cuba-y-turquia-comparten-experiencias","status":"publish","type":"post","link":"https:\/\/dimensionturistica.com\/es\/expertos-en-turismo-de-cuba-y-turquia-comparten-experiencias\/","title":{"rendered":"Expertos en turismo de Cuba y Turqu\u00eda comparten experiencias"},"content":{"rendered":"<p> <br \/>\n<\/p>\n<div>\n<p>   Voceros del Ministerio de Turismo (Mintur) de Cuba recordaron la trayectoria entre las partes como antecedente a la reuni\u00f3n electr\u00f3nica o webinar ocurrida este mi\u00e9rcoles y que consolida dichos v\u00ednculos.<\/p>\n<p>   La primera cita entre los entendidos del sector de ambas naciones ocurri\u00f3 en Estambul como parte de la Feria de turismo Emitt 2022 en enero de este a\u00f1o, donde se tomaron acuerdos para la realizaci\u00f3n en abril del webinar (efectuada hoy).<\/p>\n<p>   Para la cita electr\u00f3nica se establecieron elementos de capacitaci\u00f3n a la crimson de ventas de viajes y levantar todas las agencias de turoperadores interesadas con la finalidad de organizar un viaje de familiarizaci\u00f3n a Cuba (FAM Journey), dijeron organizadores a Prensa Latina.<\/p>\n<p>  Ese plan aparecer\u00e1 en la 40 Feria Internacional de Turismo (FITCuba 2022) prevista del 3 al 7 de mayo pr\u00f3ximo en el balneario insular de Varadero.<\/p>\n<p>  Esos pasos previos en Estambul tuvieron como principal anfitri\u00f3n a la Asociaci\u00f3n de Agencias de Viajes Turcas (Tursab).<\/p>\n<p>   La iniciativa consiste en capacitar para vender las capacidades de vuelos directos con tres frecuencias semanales de Turkish airline de Estambul a La Habana, e incrementar el flujo tur\u00edstico desde Turqu\u00eda.    En esos acercamientos iniciales, previos al webinar de esta jornada, participaron por la parte cubana representantes diplom\u00e1ticos, de la direcci\u00f3n comercial y mercadotecnia del Mintur, cadenas hoteleras asociadas, Viajes Cuba, y otras entidades afines.<\/p>\n<p> Participan de tales esfuerzos la direcci\u00f3n de servicios m\u00e9dicos cubanos, tanto con sus ofertas integradas de bienestar y calidad de vida como su l\u00ednea de trabajo en common, debido a la experiencia alcanzada en la isla en materia del sistema de salud.<\/p>\n<p>   El Mintur, recalcaron, eval\u00faa a Turqu\u00eda como un importante mercado para la recuperaci\u00f3n de la industria de los viajes en Cuba, con potenciales incrementos en la llegada de viajeros de dicha procedencia.<\/p>\n<p>   Cuba recib\u00eda antes de la pandemia de la Covid-19 a m\u00e1s de cuatro millones de visitantes extranjeros y planea para este a\u00f1o, como parte de la recuperaci\u00f3n de la industria tur\u00edstica, atender a 2,5 millones.<\/p>\n<p>automotive\/rfc<\/p>\n<\/p><\/div>\n\n<p><em> &#8221; Fuentes www.prensa-latina.cu &#8221; <\/em><\/p>\n","protected":false},"excerpt":{"rendered":"<p>Voceros del Ministerio de Turismo (Mintur) de Cuba recordaron la trayectoria entre las partes como antecedente a la reuni\u00f3n electr\u00f3nica o webinar ocurrida este mi\u00e9rcoles y que consolida dichos v\u00ednculos. La primera cita entre los entendidos del sector de ambas naciones ocurri\u00f3 en Estambul como parte de la Feria de turismo Emitt 2022 en enero [&hellip;]<\/p>\n","protected":false},"author":4,"featured_media":221258,"comment_status":"open","ping_status":"closed","sticky":false,"template":"","format":"standard","meta":{"om_disable_all_campaigns":false,"jnews-multi-image_gallery":[],"jnews_single_post":[],"jnews_primary_category":[],"jnews_social_meta":[],"footnotes":""},"categories":[40],"tags":[715,35201,544],"class_list":["post-297950","post","type-post","status-publish","format-standard","has-post-thumbnail","hentry","category-industria","tag-economia","tag-nota-informativa","tag-turismo"],"_links":{"self":[{"href":"https:\/\/dimensionturistica.com\/es\/wp-json\/wp\/v2\/posts\/297950","targetHints":{"allow":["GET"]}}],"collection":[{"href":"https:\/\/dimensionturistica.com\/es\/wp-json\/wp\/v2\/posts"}],"about":[{"href":"https:\/\/dimensionturistica.com\/es\/wp-json\/wp\/v2\/types\/post"}],"author":[{"embeddable":true,"href":"https:\/\/dimensionturistica.com\/es\/wp-json\/wp\/v2\/users\/4"}],"replies":[{"embeddable":true,"href":"https:\/\/dimensionturistica.com\/es\/wp-json\/wp\/v2\/comments?post=297950"}],"version-history":[{"count":0,"href":"https:\/\/dimensionturistica.com\/es\/wp-json\/wp\/v2\/posts\/297950\/revisions"}],"wp:featuredmedia":[{"embeddable":true,"href":"https:\/\/dimensionturistica.com\/es\/wp-json\/wp\/v2\/media\/221258"}],"wp:attachment":[{"href":"https:\/\/dimensionturistica.com\/es\/wp-json\/wp\/v2\/media?parent=297950"}],"wp:term":[{"taxonomy":"category","embeddable":true,"href":"https:\/\/dimensionturistica.com\/es\/wp-json\/wp\/v2\/categories?post=297950"},{"taxonomy":"post_tag","embeddable":true,"href":"https:\/\/dimensionturistica.com\/es\/wp-json\/wp\/v2\/tags?post=297950"}],"curies":[{"name":"wp","href":"https:\/\/api.w.org\/{rel}","templated":true}]}}