{"id":297837,"date":"2022-04-06T20:47:07","date_gmt":"2022-04-06T20:47:07","guid":{"rendered":"https:\/\/dimensionturistica.com\/es\/?p=297837"},"modified":"2022-04-06T20:47:07","modified_gmt":"2022-04-06T20:47:07","slug":"reinauguran-las-terminales-2-y-3-del-aeropuerto-internacional-de-los-angeles","status":"publish","type":"post","link":"https:\/\/dimensionturistica.com\/es\/reinauguran-las-terminales-2-y-3-del-aeropuerto-internacional-de-los-angeles\/","title":{"rendered":"Reinauguran las terminales 2 y 3 del Aeropuerto Internacional de Los \u00c1ngeles"},"content":{"rendered":"<p><img decoding=\"async\" class=\"size-medium wp-image-297985 alignright\" src=\"https:\/\/dimensionturistica.com\/es\/wp-content\/uploads\/2022\/04\/AERO-300x169.jpg\" alt=\"\" width=\"300\" height=\"169\" srcset=\"https:\/\/dimensionturistica.com\/es\/wp-content\/uploads\/2022\/04\/AERO-300x169.jpg 300w, https:\/\/dimensionturistica.com\/es\/wp-content\/uploads\/2022\/04\/AERO.jpg 400w\" sizes=\"(max-width: 300px) 100vw, 300px\" \/>\u00a0Despu\u00e9s de m\u00e1s de 6 d\u00e9cadas de su apertura, las Terminales 2 y 3 del Aeropuerto Internacional de Los \u00c1ngeles (LAX) han sido completamente renovadas para convertirse en un espacio de vanguardia arquitect\u00f3nica que le dar\u00e1 la bienvenida a millones de pasajeros y personas cada a\u00f1o. La reinauguraci\u00f3n se llev\u00f3 a cabo el 29 de marzo de 2022, con la presentaci\u00f3n de diversos elementos renovados, que incluyen lobbies para atenci\u00f3n a pasajeros y la adquisici\u00f3n de boletos en ambas terminales, celebrando as\u00ed la primera fase de un proyecto con una inversi\u00f3n conjunta de 2,300 millones de d\u00f3lares.<br \/>\nDicha remodelaci\u00f3n contempla adem\u00e1s, la construcci\u00f3n de un nuevo edificio que estar\u00e1 abierto al <img decoding=\"async\" class=\"size-medium wp-image-297987 alignleft\" src=\"https:\/\/dimensionturistica.com\/es\/wp-content\/uploads\/2022\/04\/ANGELO-240x300.jpg\" alt=\"\" width=\"240\" height=\"300\" srcset=\"https:\/\/dimensionturistica.com\/es\/wp-content\/uploads\/2022\/04\/ANGELO-240x300.jpg 240w, https:\/\/dimensionturistica.com\/es\/wp-content\/uploads\/2022\/04\/ANGELO.jpg 400w\" sizes=\"(max-width: 240px) 100vw, 240px\" \/>p\u00fablico a finales de abril de este a\u00f1o con \u00e1reas para el reclamo de equipaje, un amplio punto de seguridad y una nueva sala lounge Delta Sky Club. La sede, que comenz\u00f3 a ser construida en 2019, tambi\u00e9n contar\u00e1 con dos Terminal Vertical Cores, las cuales permitir\u00e1n una mejor circulaci\u00f3n de pasajeros y futuras conexiones a estaciones Automated People Mover a trav\u00e9s de puentes peatonales elevados.<br \/>\nOtros de los elementos adicionales que forman parte de este proyecto de renovaci\u00f3n, son un nuevo vest\u00edbulo para la Terminal 3 y una nueva conexi\u00f3n hacia la Terminal Internacional Tom Bradley posterior al \u00e1rea de revisi\u00f3n y seguridad. La apertura de ambos espacios est\u00e1 calendarizada para el verano de este a\u00f1o y el 2023. Dicho plan tiene 18 meses de adelanto en comparaci\u00f3n con el calendario original, gracias a que Delta Air Lines y LAX avanzaron r\u00e1pidamente en la construcci\u00f3n debido a la baja afluencia de pasajeros durante la pandemia.<br \/>\nEn caso de que decidas viajar a L.A. pr\u00f3ximamente, te recomendamos que lo hagas de manera responsable, siguiendo todas las medidas de prevenci\u00f3n y salud del Departamento de Salud P\u00fablica del Condado de Los \u00c1ngeles y consultando la nueva pol\u00edtica de viajes para entrar Estados Unidos, vigente desde el 8 de noviembre de 2021.<\/p>\n","protected":false},"excerpt":{"rendered":"<p>\u00a0Despu\u00e9s de m\u00e1s de 6 d\u00e9cadas de su apertura, las Terminales 2 y 3 del Aeropuerto Internacional de Los \u00c1ngeles (LAX) han sido completamente renovadas para convertirse en un espacio de vanguardia arquitect\u00f3nica que le dar\u00e1 la bienvenida a millones de pasajeros y personas cada a\u00f1o. La reinauguraci\u00f3n se llev\u00f3 a cabo el 29 de [&hellip;]<\/p>\n","protected":false},"author":1,"featured_media":297468,"comment_status":"open","ping_status":"closed","sticky":false,"template":"","format":"standard","meta":{"om_disable_all_campaigns":false,"jnews-multi-image_gallery":[],"jnews_single_post":{"source_name":"","source_url":"","via_name":"","via_url":"","override_template":"0","override":[{"template":"1","single_blog_custom":"","parallax":"1","fullscreen":"1","layout":"right-sidebar","sidebar":"default-sidebar","second_sidebar":"default-sidebar","sticky_sidebar":"1","share_position":"top","share_float_style":"share-monocrhome","show_share_counter":"1","show_view_counter":"1","show_featured":"1","show_post_meta":"1","show_post_author":"1","show_post_author_image":"1","show_post_date":"1","post_date_format":"default","post_date_format_custom":"Y\/m\/d","show_post_category":"1","show_post_reading_time":"0","post_reading_time_wpm":"300","show_zoom_button":"0","zoom_button_out_step":"2","zoom_button_in_step":"3","show_post_tag":"1","show_prev_next_post":"1","show_popup_post":"1","number_popup_post":"1","show_author_box":"0","show_post_related":"0","show_inline_post_related":"0"}],"override_image_size":"0","image_override":[{"single_post_thumbnail_size":"crop-500","single_post_gallery_size":"crop-500"}],"trending_post":"0","trending_post_position":"meta","trending_post_label":"Trending","sponsored_post":"0","sponsored_post_label":"Sponsored by","sponsored_post_name":"","sponsored_post_url":"","sponsored_post_logo_enable":"0","sponsored_post_logo":"","sponsored_post_desc":"","disable_ad":"0"},"jnews_primary_category":{"id":""},"jnews_social_meta":{"fb_title":"","fb_description":"","fb_image":"","twitter_title":"","twitter_description":"","twitter_image":""},"footnotes":""},"categories":[40],"tags":[],"class_list":["post-297837","post","type-post","status-publish","format-standard","has-post-thumbnail","hentry","category-industria"],"_links":{"self":[{"href":"https:\/\/dimensionturistica.com\/es\/wp-json\/wp\/v2\/posts\/297837","targetHints":{"allow":["GET"]}}],"collection":[{"href":"https:\/\/dimensionturistica.com\/es\/wp-json\/wp\/v2\/posts"}],"about":[{"href":"https:\/\/dimensionturistica.com\/es\/wp-json\/wp\/v2\/types\/post"}],"author":[{"embeddable":true,"href":"https:\/\/dimensionturistica.com\/es\/wp-json\/wp\/v2\/users\/1"}],"replies":[{"embeddable":true,"href":"https:\/\/dimensionturistica.com\/es\/wp-json\/wp\/v2\/comments?post=297837"}],"version-history":[{"count":0,"href":"https:\/\/dimensionturistica.com\/es\/wp-json\/wp\/v2\/posts\/297837\/revisions"}],"wp:featuredmedia":[{"embeddable":true,"href":"https:\/\/dimensionturistica.com\/es\/wp-json\/wp\/v2\/media\/297468"}],"wp:attachment":[{"href":"https:\/\/dimensionturistica.com\/es\/wp-json\/wp\/v2\/media?parent=297837"}],"wp:term":[{"taxonomy":"category","embeddable":true,"href":"https:\/\/dimensionturistica.com\/es\/wp-json\/wp\/v2\/categories?post=297837"},{"taxonomy":"post_tag","embeddable":true,"href":"https:\/\/dimensionturistica.com\/es\/wp-json\/wp\/v2\/tags?post=297837"}],"curies":[{"name":"wp","href":"https:\/\/api.w.org\/{rel}","templated":true}]}}