{"id":297559,"date":"2022-04-06T00:55:26","date_gmt":"2022-04-06T00:55:26","guid":{"rendered":"https:\/\/dimensionturistica.com\/es\/?p=297559"},"modified":"2022-04-06T00:55:26","modified_gmt":"2022-04-06T00:55:26","slug":"presentan-la-feria-de-puebla-2022-y-esta-garantizada-la-seguridad-asi-como-las-medidas-sanitarias","status":"publish","type":"post","link":"https:\/\/dimensionturistica.com\/es\/presentan-la-feria-de-puebla-2022-y-esta-garantizada-la-seguridad-asi-como-las-medidas-sanitarias\/","title":{"rendered":"Presentan La Feria de Puebla 2022; y esta garantizada la seguridad as\u00ed como las medidas sanitarias"},"content":{"rendered":"<p><img decoding=\"async\" class=\"size-medium wp-image-297586 alignright\" src=\"https:\/\/dimensionturistica.com\/es\/wp-content\/uploads\/2022\/04\/unnamed-1-3-300x200.jpg\" alt=\"\" width=\"300\" height=\"200\" srcset=\"https:\/\/dimensionturistica.com\/es\/wp-content\/uploads\/2022\/04\/unnamed-1-3-300x200.jpg 300w, https:\/\/dimensionturistica.com\/es\/wp-content\/uploads\/2022\/04\/unnamed-1-3-1024x682.jpg 1024w, https:\/\/dimensionturistica.com\/es\/wp-content\/uploads\/2022\/04\/unnamed-1-3-768x512.jpg 768w, https:\/\/dimensionturistica.com\/es\/wp-content\/uploads\/2022\/04\/unnamed-1-3-750x500.jpg 750w, https:\/\/dimensionturistica.com\/es\/wp-content\/uploads\/2022\/04\/unnamed-1-3-1140x760.jpg 1140w, https:\/\/dimensionturistica.com\/es\/wp-content\/uploads\/2022\/04\/unnamed-1-3.jpg 1280w\" sizes=\"(max-width: 300px) 100vw, 300px\" \/>\u00a0Como parte del programa \u201c\u00a1Que Reviva Puebla!\u201d, del 28 de abril al 15 de mayo el gobierno estatal desarrollar\u00e1 la Feria de Puebla 2022 en la zona de Los Fuertes, donde ser\u00e1 desplegado un operativo permanente de seguridad e higiene para que las y los poblanos, as\u00ed como los visitantes, puedan disfrutar de este evento, cuyos detalles pueden ser consultados en https:\/\/feria.puebla.gob.mx\/<br \/>\nAl encabezar la presentaci\u00f3n, el gobernador Miguel Barbosa Huerta destac\u00f3 que existen condiciones sanitarias favorables para realizar este evento, el cual ser\u00e1 cultural, tur\u00edstico, ganadero, agropecuario, de vinculaci\u00f3n y ser\u00e1 organizado por la empresa RP Producciones, ganadora del proceso de licitaci\u00f3n.<br \/>\nEl acceso general ser\u00e1 de 50 pesos, mientras que las personas mayores de 60 a\u00f1os, ni\u00f1os de menos de un metro de estatura y personas con alguna discapacidad, no pagar\u00e1n. Estar\u00e1 abierta de lunes a viernes de 12:00 a 22:00 horas, mientras que s\u00e1bados, domingos y d\u00edas festivos de 11:00 horas a 12:00 de la noche.<br \/>\nCon el boleto de entrada, las y los asistentes podr\u00e1n disfrutar de un espect\u00e1culo de patinaje sobre hielo, 15 juegos gratuitos, el show \u201cEl Zyrko\u201d y podr\u00e1n acceder al Teatro del Pueblo, en el que se presentar\u00e1n Marc Anthony, Moderatto, La Arrolladora, Ca\u00f1averal, Reik, Edwin Luna, Pante\u00f3n Rococ\u00f3, Banda El Recodo, Edith M\u00e1rquez, Bronco, Ha Ash, Piso 21, Lupita D\u2019 Alessio, Paquita la del Barrio, Steve Aoki, \u00c1ngeles Azules, Alem\u00e1n, Danny Ocean y Caf\u00e9 Tacvba.<\/p>\n<p><img decoding=\"async\" class=\"size-medium wp-image-297587 alignleft\" src=\"https:\/\/dimensionturistica.com\/es\/wp-content\/uploads\/2022\/04\/unnamed-2-1-300x200.jpg\" alt=\"\" width=\"300\" height=\"200\" srcset=\"https:\/\/dimensionturistica.com\/es\/wp-content\/uploads\/2022\/04\/unnamed-2-1-300x200.jpg 300w, https:\/\/dimensionturistica.com\/es\/wp-content\/uploads\/2022\/04\/unnamed-2-1-1024x682.jpg 1024w, https:\/\/dimensionturistica.com\/es\/wp-content\/uploads\/2022\/04\/unnamed-2-1-768x512.jpg 768w, https:\/\/dimensionturistica.com\/es\/wp-content\/uploads\/2022\/04\/unnamed-2-1-750x500.jpg 750w, https:\/\/dimensionturistica.com\/es\/wp-content\/uploads\/2022\/04\/unnamed-2-1-1140x760.jpg 1140w, https:\/\/dimensionturistica.com\/es\/wp-content\/uploads\/2022\/04\/unnamed-2-1.jpg 1280w\" sizes=\"(max-width: 300px) 100vw, 300px\" \/>Sera un evento Familiar y de Sano espaciamiento<\/p>\n<p>Al respecto, Roberto Garc\u00eda, director de RP Producciones, garantiz\u00f3 que la Feria de Puebla 2022, la cual regresa despu\u00e9s de dos a\u00f1os por la pandemia, ser\u00e1 familiar, de integraci\u00f3n y de sano esparcimiento, misma que contar\u00e1 con espect\u00e1culos de talla internacional y de pabellones promovidos por las dependencias estatales.<br \/>\nPrecis\u00f3 que esta feria tendr\u00e1 proyecci\u00f3n nacional, en cuya inauguraci\u00f3n habr\u00e1 un show de pirotecnia, mientras que el 5 de mayo y en la clausura ser\u00e1 desarrollado un espect\u00e1culo de drones.<br \/>\nPor su parte, Mauricio Cacho, director de Parques y Convenciones reiter\u00f3 que este evento contar\u00e1 con todas las medidas sanitarias, por lo que invit\u00f3 a las y los poblanos a disfrutar de ella a partir del 28 de abril. Puntualiz\u00f3 que incluir\u00e1 una feria ganadera y pabellones de turismo, econom\u00eda, desarrollo rural.<br \/>\nAl respecto, la secretaria de Planeaci\u00f3n y Finanzas, Teresa Castro Corro resalt\u00f3 que la feria permitir\u00e1 seguir reactivando la econom\u00eda en Puebla, y dijo que en los pabellones se ver\u00e1n reflejadas las acciones que en los dos \u00faltimos a\u00f1os ha realizado el gobierno estatal a trav\u00e9s de las dependencias.<\/p>\n<p>Con ampliaci\u00f3n de horarios y rutas SMT garantiza transporte durante la Feria de Puebla<\/p>\n<p>Para que todas las personas tengan acceso a sistemas de transporte seguro y permanente durante las actividades de la Feria de Puebla 2022, la secretaria de Movilidad y Transporte, Elsa Bracamonte<img decoding=\"async\" class=\"size-medium wp-image-297588 alignright\" src=\"https:\/\/dimensionturistica.com\/es\/wp-content\/uploads\/2022\/04\/unnamed-3-1-300x200.jpg\" alt=\"\" width=\"300\" height=\"200\" srcset=\"https:\/\/dimensionturistica.com\/es\/wp-content\/uploads\/2022\/04\/unnamed-3-1-300x200.jpg 300w, https:\/\/dimensionturistica.com\/es\/wp-content\/uploads\/2022\/04\/unnamed-3-1-1024x682.jpg 1024w, https:\/\/dimensionturistica.com\/es\/wp-content\/uploads\/2022\/04\/unnamed-3-1-768x512.jpg 768w, https:\/\/dimensionturistica.com\/es\/wp-content\/uploads\/2022\/04\/unnamed-3-1-750x500.jpg 750w, https:\/\/dimensionturistica.com\/es\/wp-content\/uploads\/2022\/04\/unnamed-3-1-1140x760.jpg 1140w, https:\/\/dimensionturistica.com\/es\/wp-content\/uploads\/2022\/04\/unnamed-3-1.jpg 1280w\" sizes=\"(max-width: 300px) 100vw, 300px\" \/> anunci\u00f3 una ampliaci\u00f3n de los horarios del servicio de transporte y rutas espec\u00edficas desde el Centro Expositor hacia los destinos m\u00e1s importantes de la capital.<br \/>\nLas y los asistentes podr\u00e1n encontrar diversas opciones de transporte, como taxi, servicio ejecutivo, el sistema RUTA y el servicio de transporte p\u00fablico colectivo en un horario de 11:00 a 23:00 horas entre semana y de 10:00 a 01:00 horas los fines de semana. De esta forma, la sociedad podr\u00e1 disfrutar de las actividades recreativas y culturales en condiciones de total seguridad.<br \/>\nEl pabell\u00f3n\u00a0 de la secretaria de turismo mostrara la belleza de Puebla<\/p>\n<p>Por su parte, la secretaria de Turismo, Marta Ornelas Guerrero, destac\u00f3 que el recorrido por el pabell\u00f3n de la dependencia en la Feria de Puebla incluir\u00e1 a los 10 Pueblos M\u00e1gicos con que cuenta la entidad: Atlixco, Cuetzalan, Cholula, Chignahuapan, Huauchinango, Pahuatl\u00e1n, Tetela de Ocampo, Tlatlauquitepec, Xicotepec y Zacatl\u00e1n, adem\u00e1s de los destinos reconocidos por la UNESCO como Patrimonios de la Humanidad: Puebla capital, catalogada como Patrimonio Cultural, y la Reserva de la Biosfera Tehuac\u00e1n-Cuicatl\u00e1n, considerada como Patrimonio Mixto.<br \/>\nDijo que ser\u00e1 el marco perfecto para que las y los visitantes encuentren \u00edconos, representativos de cada regi\u00f3n, que permitir\u00e1n conocer su riqueza y las atractivas actividades que desarrollan a lo largo del a\u00f1o como la temporada de luci\u00e9rnagas en Tlatlauquitepec, las tradicionales esferas de Chignahuapan, las flores de Atlixco, los instrumentos que dan vida a los huapangos de Huauchinango, la impresionante pir\u00e1mide de Cholula, el ancestral papel amate de Pahuatl\u00e1n, el huehue de chirri\u00f3n de Tetela de Ocampo, los bellos bordados de Cuetzalan, y la talavera poblana, cuyo proceso de elaboraci\u00f3n fue declarado por la UNESCO como Patrimonio Cultural Inmaterial de la Humanidad.<br \/>\nSe realizaran mas de 30 actividades Artisticas y Culturales en la periferia<br \/>\n<img decoding=\"async\" class=\"size-medium wp-image-297589 alignleft\" src=\"https:\/\/dimensionturistica.com\/es\/wp-content\/uploads\/2022\/04\/unnamed-4-1-300x176.jpg\" alt=\"\" width=\"300\" height=\"176\" srcset=\"https:\/\/dimensionturistica.com\/es\/wp-content\/uploads\/2022\/04\/unnamed-4-1-300x176.jpg 300w, https:\/\/dimensionturistica.com\/es\/wp-content\/uploads\/2022\/04\/unnamed-4-1-1024x602.jpg 1024w, https:\/\/dimensionturistica.com\/es\/wp-content\/uploads\/2022\/04\/unnamed-4-1-768x451.jpg 768w, https:\/\/dimensionturistica.com\/es\/wp-content\/uploads\/2022\/04\/unnamed-4-1-750x441.jpg 750w, https:\/\/dimensionturistica.com\/es\/wp-content\/uploads\/2022\/04\/unnamed-4-1-1140x670.jpg 1140w, https:\/\/dimensionturistica.com\/es\/wp-content\/uploads\/2022\/04\/unnamed-4-1.jpg 1280w\" sizes=\"(max-width: 300px) 100vw, 300px\" \/>En su intervenci\u00f3n, el secretario Sergio Vergara, inform\u00f3 que la dependencia llevar\u00e1 a cabo la \u201cPeriFeria\u201d con m\u00e1s de 30 actividades culturales en las calles de Puebla, en el z\u00f3calo, el Bulevar 5 de mayo, juntas auxiliares, la Casa de la Cultura \u201cPedro \u00c1ngel Palou\u201d y en el Teatro de la Ciudad, adem\u00e1s al interior del recinto ferial habr\u00e1 expo-ventas artesanales, con productos textiles, fibras vegetales, joyer\u00eda, bolsas, alfarer\u00eda, papel amate, palma, maderas, tejidos entre otros.<br \/>\nProductores agroindustriales y ganaderos estar\u00e1n en la Feria de Puebla<br \/>\nComo parte de las actividades de la Feria de Puebla, productoras y productores agroindustriales de 60 municipios ofrecer\u00e1n a las familias poblanas caf\u00e9, mezcal, miel, vinos, sidra, mole, dulces t\u00edpicos y artesan\u00edas como bordados, barro policromado y papel amate, entre otros, todos bajo el distintivo &#8220;Orgullo Puebla&#8221; que reconoce su calidad y origen 100 por ciento local.<br \/>\nDurante su intervenci\u00f3n, la titular de la Secretar\u00eda de Desarrollo Rural, Ana Laura Altamirano P\u00e9rez, se\u00f1al\u00f3 que adem\u00e1s del Pabell\u00f3n Orgullo Puebla, tambi\u00e9n la dependencia tendr\u00e1 la Expo Ganadera donde se exhibir\u00e1n los mejores ejemplares bovinos, ovinos, caprinos y especies acu\u00edcolas, adem\u00e1s de una granja did\u00e1ctica, para fortalecer a Puebla como una entidad con vocaci\u00f3n pecuaria.<\/p>\n<p>La Feria de Puebla contara con 12 exposiciones especiales en el Pabell\u00f3n de Econom\u00eda<\/p>\n<p>En tanto, la secretaria de Econom\u00eda, Olivia Salom\u00f3n, se\u00f1al\u00f3 que el pabell\u00f3n de innovaci\u00f3n de la<img decoding=\"async\" class=\"size-medium wp-image-297590 alignleft\" src=\"https:\/\/dimensionturistica.com\/es\/wp-content\/uploads\/2022\/04\/unnamed-5-300x200.jpg\" alt=\"\" width=\"300\" height=\"200\" srcset=\"https:\/\/dimensionturistica.com\/es\/wp-content\/uploads\/2022\/04\/unnamed-5-300x200.jpg 300w, https:\/\/dimensionturistica.com\/es\/wp-content\/uploads\/2022\/04\/unnamed-5-1024x682.jpg 1024w, https:\/\/dimensionturistica.com\/es\/wp-content\/uploads\/2022\/04\/unnamed-5-768x512.jpg 768w, https:\/\/dimensionturistica.com\/es\/wp-content\/uploads\/2022\/04\/unnamed-5-750x500.jpg 750w, https:\/\/dimensionturistica.com\/es\/wp-content\/uploads\/2022\/04\/unnamed-5-1140x760.jpg 1140w, https:\/\/dimensionturistica.com\/es\/wp-content\/uploads\/2022\/04\/unnamed-5.jpg 1280w\" sizes=\"(max-width: 300px) 100vw, 300px\" \/> dependencia contar\u00e1 con 12 exposiciones especiales que permitir\u00e1n a los visitantes conocer tendencias en el desarrollo de la industria de la informaci\u00f3n y comunicaci\u00f3n, tendencias globales en torno a energ\u00edas limpias, industria automotriz, electromovilidad, uso de energ\u00edas limpias, textil, confecci\u00f3n, industria agroalimentaria, investigaci\u00f3n aplicada en educaci\u00f3n superior y los servicios del Centro de Innovaci\u00f3n, Emprendimiento y Negocios (CIEN).<br \/>\nAsimismo, contar\u00e1 con tres exposiciones especiales presentadas por Africam Safari, Acuario Michin y el programa de educaci\u00f3n financiera y emprendimiento Abarrotes Don Justino, adem\u00e1s de muestras reales de nuevas tendencias tecnol\u00f3gicas como realidad virtual, turbinas el\u00e9ctricas, scanners 3D y los avances de la industria, entre otros.<br \/>\nPor \u00faltimo, Jes\u00fas Ram\u00edrez, secretario de Administraci\u00f3n, refiri\u00f3 que se entreg\u00f3 la organizaci\u00f3n de la feria a RP Producciones tras una licitaci\u00f3n p\u00fablica, un proceso totalmente transparente. Garantiz\u00f3 que la dependencia a su cargo dar\u00e1 seguimiento puntual al cumplimiento de las condiciones contractuales que fueron adquiridas por la empresa.<\/p>\n","protected":false},"excerpt":{"rendered":"<p>\u00a0Como parte del programa \u201c\u00a1Que Reviva Puebla!\u201d, del 28 de abril al 15 de mayo el gobierno estatal desarrollar\u00e1 la Feria de Puebla 2022 en la zona de Los Fuertes, donde ser\u00e1 desplegado un operativo permanente de seguridad e higiene para que las y los poblanos, as\u00ed como los visitantes, puedan disfrutar de este evento, [&hellip;]<\/p>\n","protected":false},"author":1,"featured_media":297591,"comment_status":"open","ping_status":"closed","sticky":false,"template":"","format":"standard","meta":{"om_disable_all_campaigns":false,"jnews-multi-image_gallery":[],"jnews_single_post":{"source_name":"","source_url":"","via_name":"","via_url":"","override_template":"0","override":[{"template":"1","single_blog_custom":"","parallax":"1","fullscreen":"1","layout":"right-sidebar","sidebar":"default-sidebar","second_sidebar":"default-sidebar","sticky_sidebar":"1","share_position":"top","share_float_style":"share-monocrhome","show_share_counter":"1","show_view_counter":"1","show_featured":"1","show_post_meta":"1","show_post_author":"1","show_post_author_image":"1","show_post_date":"1","post_date_format":"default","post_date_format_custom":"Y\/m\/d","show_post_category":"1","show_post_reading_time":"0","post_reading_time_wpm":"300","show_zoom_button":"0","zoom_button_out_step":"2","zoom_button_in_step":"3","show_post_tag":"1","show_prev_next_post":"1","show_popup_post":"1","number_popup_post":"1","show_author_box":"0","show_post_related":"0","show_inline_post_related":"0"}],"override_image_size":"0","image_override":[{"single_post_thumbnail_size":"crop-500","single_post_gallery_size":"crop-500"}],"trending_post":"0","trending_post_position":"meta","trending_post_label":"Trending","sponsored_post":"0","sponsored_post_label":"Sponsored by","sponsored_post_name":"","sponsored_post_url":"","sponsored_post_logo_enable":"0","sponsored_post_logo":"","sponsored_post_desc":"","disable_ad":"0"},"jnews_primary_category":{"id":""},"jnews_social_meta":{"fb_title":"","fb_description":"","fb_image":"","twitter_title":"","twitter_description":"","twitter_image":""},"footnotes":""},"categories":[40],"tags":[],"class_list":["post-297559","post","type-post","status-publish","format-standard","has-post-thumbnail","hentry","category-industria"],"_links":{"self":[{"href":"https:\/\/dimensionturistica.com\/es\/wp-json\/wp\/v2\/posts\/297559","targetHints":{"allow":["GET"]}}],"collection":[{"href":"https:\/\/dimensionturistica.com\/es\/wp-json\/wp\/v2\/posts"}],"about":[{"href":"https:\/\/dimensionturistica.com\/es\/wp-json\/wp\/v2\/types\/post"}],"author":[{"embeddable":true,"href":"https:\/\/dimensionturistica.com\/es\/wp-json\/wp\/v2\/users\/1"}],"replies":[{"embeddable":true,"href":"https:\/\/dimensionturistica.com\/es\/wp-json\/wp\/v2\/comments?post=297559"}],"version-history":[{"count":0,"href":"https:\/\/dimensionturistica.com\/es\/wp-json\/wp\/v2\/posts\/297559\/revisions"}],"wp:featuredmedia":[{"embeddable":true,"href":"https:\/\/dimensionturistica.com\/es\/wp-json\/wp\/v2\/media\/297591"}],"wp:attachment":[{"href":"https:\/\/dimensionturistica.com\/es\/wp-json\/wp\/v2\/media?parent=297559"}],"wp:term":[{"taxonomy":"category","embeddable":true,"href":"https:\/\/dimensionturistica.com\/es\/wp-json\/wp\/v2\/categories?post=297559"},{"taxonomy":"post_tag","embeddable":true,"href":"https:\/\/dimensionturistica.com\/es\/wp-json\/wp\/v2\/tags?post=297559"}],"curies":[{"name":"wp","href":"https:\/\/api.w.org\/{rel}","templated":true}]}}