{"id":297522,"date":"2022-04-05T23:29:21","date_gmt":"2022-04-05T23:29:21","guid":{"rendered":"https:\/\/dimensionturistica.com\/es\/?p=297522"},"modified":"2022-04-05T23:29:21","modified_gmt":"2022-04-05T23:29:21","slug":"festival-de-las-ideas-presenta-un-menu-amplio-para-el-desarrollo-de-acciones-creativas","status":"publish","type":"post","link":"https:\/\/dimensionturistica.com\/es\/festival-de-las-ideas-presenta-un-menu-amplio-para-el-desarrollo-de-acciones-creativas\/","title":{"rendered":"Festival de las Ideas presenta un men\u00fa amplio para el desarrollo de acciones creativas"},"content":{"rendered":"<p><img decoding=\"async\" class=\"size-medium wp-image-297546 alignleft\" src=\"https:\/\/dimensionturistica.com\/es\/wp-content\/uploads\/2022\/04\/unnamed-1-1-300x200.jpg\" alt=\"\" width=\"300\" height=\"200\" srcset=\"https:\/\/dimensionturistica.com\/es\/wp-content\/uploads\/2022\/04\/unnamed-1-1-300x200.jpg 300w, https:\/\/dimensionturistica.com\/es\/wp-content\/uploads\/2022\/04\/unnamed-1-1-1024x683.jpg 1024w, https:\/\/dimensionturistica.com\/es\/wp-content\/uploads\/2022\/04\/unnamed-1-1-768x512.jpg 768w, https:\/\/dimensionturistica.com\/es\/wp-content\/uploads\/2022\/04\/unnamed-1-1-1536x1024.jpg 1536w, https:\/\/dimensionturistica.com\/es\/wp-content\/uploads\/2022\/04\/unnamed-1-1-2048x1365.jpg 2048w, https:\/\/dimensionturistica.com\/es\/wp-content\/uploads\/2022\/04\/unnamed-1-1-750x500.jpg 750w, https:\/\/dimensionturistica.com\/es\/wp-content\/uploads\/2022\/04\/unnamed-1-1-1140x760.jpg 1140w\" sizes=\"(max-width: 300px) 100vw, 300px\" \/>Con el Festival de las Ideas, Puebla recobra el esp\u00edritu social tras la pandemia ocasionada por el virus SARS-CoV-2, destac\u00f3 el gobernador Miguel Barbosa Huerta al inaugurar este evento, en el Auditorio Metropolitano, en compa\u00f1\u00eda del presidente del Grupo Salinas, Ricardo Salinas Pliego y del director general, Ricardo Obert Mart\u00ednez.<br \/>\nEn su mensaje, el mandatario destac\u00f3 que la posici\u00f3n del gobierno estatal es acompa\u00f1ar la realizaci\u00f3n de este tipo de iniciativas, ya que coadyuvan a la reactivaci\u00f3n social, econ\u00f3mica, cultural, tur\u00edstica y educativa. Asimismo, agreg\u00f3 que mantiene la convicci\u00f3n de que, tener j\u00f3venes con ideas de humanidad, progreso y solidaridad, es la mejor forma de superar lo ocasionado por la pandemia.<br \/>\nEn este sentido, invit\u00f3 a las y los asistentes a hacer suyo el Festival de las Ideas, aprovechar las actividades para el desarrollo de pensamientos y acciones, a fin de tomar lo mejor de cada uno de los conferencistas que participan en este encuentro.<br \/>\nBarbosa Huerta puntualiz\u00f3 que, si bien, el COVID-19 a\u00fan no est\u00e1 superado, su gobierno impulsa estrategias para que las relaciones humanas vuelvan a ser las mismas que antes o mejores, sin dejar a un lado la aplicaci\u00f3n de las medidas sanitarias.<br \/>\nFestival de las Ideas, favorece la ejecucion de accionesCreativas, Salinas Pliego<img decoding=\"async\" class=\"size-medium wp-image-297547 alignright\" src=\"https:\/\/dimensionturistica.com\/es\/wp-content\/uploads\/2022\/04\/unnamed-2-300x200.jpg\" alt=\"\" width=\"300\" height=\"200\" srcset=\"https:\/\/dimensionturistica.com\/es\/wp-content\/uploads\/2022\/04\/unnamed-2-300x200.jpg 300w, https:\/\/dimensionturistica.com\/es\/wp-content\/uploads\/2022\/04\/unnamed-2-1024x683.jpg 1024w, https:\/\/dimensionturistica.com\/es\/wp-content\/uploads\/2022\/04\/unnamed-2-768x512.jpg 768w, https:\/\/dimensionturistica.com\/es\/wp-content\/uploads\/2022\/04\/unnamed-2-1536x1024.jpg 1536w, https:\/\/dimensionturistica.com\/es\/wp-content\/uploads\/2022\/04\/unnamed-2-2048x1366.jpg 2048w, https:\/\/dimensionturistica.com\/es\/wp-content\/uploads\/2022\/04\/unnamed-2-750x500.jpg 750w, https:\/\/dimensionturistica.com\/es\/wp-content\/uploads\/2022\/04\/unnamed-2-1140x760.jpg 1140w\" sizes=\"(max-width: 300px) 100vw, 300px\" \/><br \/>\nEn su intervenci\u00f3n, el presidente del Grupo Salinas, Ricardo Salinas Pliego coment\u00f3 que este festival presenta un men\u00fa amplio para favorecer la ejecuci\u00f3n de acciones creativas.<br \/>\nExpres\u00f3 a las y los asistentes que es importante cuidar las ideas, ya que tienen consecuencias y marcan la vida. Consider\u00f3 que los conferencistas coadyuvar\u00e1n para que las ideas malas se desechen y solo sean realizadas acciones que generen un impacto positivo a la sociedad.<br \/>\nSalinas Pliego agradeci\u00f3 al gobernador Miguel Barbosa Huerta por respaldar este encuentro y para que Puebla contin\u00fae como la sede de las ideas.<\/p>\n","protected":false},"excerpt":{"rendered":"<p>Con el Festival de las Ideas, Puebla recobra el esp\u00edritu social tras la pandemia ocasionada por el virus SARS-CoV-2, destac\u00f3 el gobernador Miguel Barbosa Huerta al inaugurar este evento, en el Auditorio Metropolitano, en compa\u00f1\u00eda del presidente del Grupo Salinas, Ricardo Salinas Pliego y del director general, Ricardo Obert Mart\u00ednez. En su mensaje, el mandatario [&hellip;]<\/p>\n","protected":false},"author":1,"featured_media":297548,"comment_status":"open","ping_status":"closed","sticky":false,"template":"","format":"standard","meta":{"om_disable_all_campaigns":false,"jnews-multi-image_gallery":[],"jnews_single_post":{"source_name":"","source_url":"","via_name":"","via_url":"","override_template":"0","override":[{"template":"1","single_blog_custom":"","parallax":"1","fullscreen":"1","layout":"right-sidebar","sidebar":"default-sidebar","second_sidebar":"default-sidebar","sticky_sidebar":"1","share_position":"top","share_float_style":"share-monocrhome","show_share_counter":"1","show_view_counter":"1","show_featured":"1","show_post_meta":"1","show_post_author":"1","show_post_author_image":"1","show_post_date":"1","post_date_format":"default","post_date_format_custom":"Y\/m\/d","show_post_category":"1","show_post_reading_time":"0","post_reading_time_wpm":"300","show_zoom_button":"0","zoom_button_out_step":"2","zoom_button_in_step":"3","show_post_tag":"1","show_prev_next_post":"1","show_popup_post":"1","number_popup_post":"1","show_author_box":"0","show_post_related":"0","show_inline_post_related":"0"}],"override_image_size":"0","image_override":[{"single_post_thumbnail_size":"crop-500","single_post_gallery_size":"crop-500"}],"trending_post":"0","trending_post_position":"meta","trending_post_label":"Trending","sponsored_post":"0","sponsored_post_label":"Sponsored by","sponsored_post_name":"","sponsored_post_url":"","sponsored_post_logo_enable":"0","sponsored_post_logo":"","sponsored_post_desc":"","disable_ad":"0"},"jnews_primary_category":{"id":""},"jnews_social_meta":{"fb_title":"","fb_description":"","fb_image":"","twitter_title":"","twitter_description":"","twitter_image":""},"footnotes":""},"categories":[40],"tags":[],"class_list":["post-297522","post","type-post","status-publish","format-standard","has-post-thumbnail","hentry","category-industria"],"_links":{"self":[{"href":"https:\/\/dimensionturistica.com\/es\/wp-json\/wp\/v2\/posts\/297522","targetHints":{"allow":["GET"]}}],"collection":[{"href":"https:\/\/dimensionturistica.com\/es\/wp-json\/wp\/v2\/posts"}],"about":[{"href":"https:\/\/dimensionturistica.com\/es\/wp-json\/wp\/v2\/types\/post"}],"author":[{"embeddable":true,"href":"https:\/\/dimensionturistica.com\/es\/wp-json\/wp\/v2\/users\/1"}],"replies":[{"embeddable":true,"href":"https:\/\/dimensionturistica.com\/es\/wp-json\/wp\/v2\/comments?post=297522"}],"version-history":[{"count":0,"href":"https:\/\/dimensionturistica.com\/es\/wp-json\/wp\/v2\/posts\/297522\/revisions"}],"wp:featuredmedia":[{"embeddable":true,"href":"https:\/\/dimensionturistica.com\/es\/wp-json\/wp\/v2\/media\/297548"}],"wp:attachment":[{"href":"https:\/\/dimensionturistica.com\/es\/wp-json\/wp\/v2\/media?parent=297522"}],"wp:term":[{"taxonomy":"category","embeddable":true,"href":"https:\/\/dimensionturistica.com\/es\/wp-json\/wp\/v2\/categories?post=297522"},{"taxonomy":"post_tag","embeddable":true,"href":"https:\/\/dimensionturistica.com\/es\/wp-json\/wp\/v2\/tags?post=297522"}],"curies":[{"name":"wp","href":"https:\/\/api.w.org\/{rel}","templated":true}]}}