{"id":297121,"date":"2022-04-05T09:45:54","date_gmt":"2022-04-05T09:45:54","guid":{"rendered":"https:\/\/dimensionturistica.com\/es\/?p=297121"},"modified":"2022-04-05T09:45:55","modified_gmt":"2022-04-05T09:45:55","slug":"cascara-foods-la-startup-especializada-en-darle-nueva-vida-al-desperdicio-alimentario","status":"publish","type":"post","link":"https:\/\/dimensionturistica.com\/es\/cascara-foods-la-startup-especializada-en-darle-nueva-vida-al-desperdicio-alimentario\/","title":{"rendered":"C\u00e1scara Foods: la startup especializada en darle nueva vida al desperdicio alimentario"},"content":{"rendered":"<p> <br \/>\n<\/p>\n<div>\n<p>En la actualidad la industria de los jugos desecha hasta un 57% de la fruta que utiliza, lo que se traduce en que miles de toneladas de este alimento terminan en la basura a\u00f1o a a\u00f1o, contaminando el medio ambiente y generando gases de efecto invernadero. Esta fue precisamente una de las problem\u00e1ticas que desde el 2017 se encuentra enfrentando la innovaci\u00f3n chilena llamada C\u00e1scara Meals.<\/p>\n<p>En espec\u00edfico, esta empresa se encarga de transformar los desperdicios de fruta usada por diferentes empresas de jugo en un s\u00faper alimento nutritivo basado en la fibra de la manzana, frutillas y ar\u00e1ndanos, aprovechando de esta forma, los beneficios presentes en su pulpa, c\u00e1scara y semillas, que van desde antioxidantes y vitaminas, hasta una serie de otros elementos que se combinan con los sabores propios de las frutas.<\/p>\n<p>\u201cNos enfocamos en identificar industrias que generan residuos con alto potencial nutricional, que luego convertimos en nuevos productos a trav\u00e9s de tecnolog\u00eda. Nuestro primer paso fue la industria de jugos, que cuenta con una alta presencia en Chile y cuyo residuo que es la pulpa de fruta contiene fibra, antioxidantes y vitaminas con grandes propiedades nutritivas\u201d comenta Mateo Rubio, cofundador de C\u00e1scara Meals.<\/p>\n<p>El proceso que utiliza esta innovaci\u00f3n nacional recibe el nombre de Upcycling o suprareciclaje, que significa el rescate de un recurso que de otra manera terminar\u00eda en la basura y que por medio de tecnolog\u00edas, se convierte en un nuevo producto que puede incluso tener mayor valor que la misma materia prima rescatada.<\/p>\n<p>Y es que el prop\u00f3sito de convertir el desperdicio de alimentos en nuevas alternativas para una nutrici\u00f3n completa que aporte a la salud de la ciudadan\u00eda, ha recibido desde un comienzo una buena recepci\u00f3n por parte de las personas, m\u00e1s a\u00fan en tiempos de pandemia.<\/p>\n<p>Lo anterior se corrobora con datos entregados , el \u00cdndice de Tetra Pak 2021, en el que se evidencia que los consumidores est\u00e1n prestando mayor atenci\u00f3n a los ingredientes que comen, y hay m\u00e1s inter\u00e9s en leer las etiquetas de los alimentos, buscar consejos nutricionales, adem\u00e1s de buscar ingredientes naturales, bajo contenido de grasa o az\u00facar, entre otros.<\/p>\n<p>En dicho estudio, dos tercios de los encuestados tienen la sensaci\u00f3n de que \u201cestar saludable es estar seguro\u201d.<\/p>\n<p>Por estos d\u00edas C\u00e1scara Meals, gracias a un trabajo colaborativo con la helader\u00eda El Taller, cre\u00f3 el primer helado que rescata los desechos de la fruta, espec\u00edficamente de la manzana verde para innovar con un nuevo y saludable sabor.<\/p>\n<p>\u201cPara nosotros es importante colaborar con otras empresas para lograr acabar con el desperdicio de alimentos. El Taller es una helader\u00eda incre\u00edble que de inmediato le interes\u00f3 hacer un helado con nuestra fibra de manzana (pulpas y c\u00e1scaras de manzana)\u201d, comenta Rubio.<\/p>\n<p>En una l\u00ednea comparable, desde El Taller, destacan los beneficios de la fibra de manzana y la posibilidad de generar una nueva variedad para sus clientes, \u201cla fibra de manzana, tiene un aporte en varios sentidos: refuerza los s\u00f3lidos totales de la estructura del helado, refuerza propiedades de color y sabor, aporta fibras probi\u00f3ticas y pone su granito de arena en el mundo, rescatando alimentos que iban a ser perdidos, para darle una vuelta y convertirlo en un helado de alta calidad\u201d, comenta Diego Lisoni, due\u00f1o de la helader\u00eda.<\/p>\n<p>Ante la popularidad que alcanzan los productos que ofrece C\u00e1scara Meals, hoy es posible encontrar barras de cereal e incluso premezclas de pancakes, directamente en su p\u00e1gina internet con despacho en todo Chile, adem\u00e1s de Jumbo y Farmacia Knop.<\/p>\n<p><h3 class=\"jp-relatedposts-headline\"><em>Relacionado<\/em><\/h3>\n<\/p>\n<section id=\"block-8\" class=\"below-content widget widget_block\">\n<div class=\"wp-block-newspack-blocks-homepage-articles is-style-default wpnbha show-image image-alignleft ts-3 is-1 is-uncropped show-category is-style-default\" style=\"\">\n<div data-posts=\"\" data-current-post-id=\"804745\">\n<article data-post-id=\"804822\" class=\"tag-mineduc tag-estrategia tag-destacada6 category-nacional type-post post-has-image\">\n<figure class=\"post-thumbnail\">\n\t\t\t\t\t\t\t\t<a target=\"_blank\" href=\"https:\/\/www.radioagricultura.cl\/nacional\/2022\/04\/05\/mineduc-presenta-la-estrategia-de-bienestar-y-convivencia-para-el-sistema-escolar\/\" rel=\"bookmark noopener\"><br \/>\n\t\t\t\t\t\t\t\t\t<img decoding=\"async\" width=\"847\" height=\"528\" src=\"https:\/\/www.radioagricultura.cl\/wp-content\/uploads\/2022\/04\/Captura-de-Pantalla-2022-04-04-a-las-23.49.24.png\" class=\"attachment-newspack-article-block-uncropped size-newspack-article-block-uncropped wp-post-image\" alt=\"\" loading=\"lazy\" srcset=\"https:\/\/www.radioagricultura.cl\/wp-content\/uploads\/2022\/04\/Captura-de-Pantalla-2022-04-04-a-las-23.49.24.png 847w, https:\/\/www.radioagricultura.cl\/wp-content\/uploads\/2022\/04\/Captura-de-Pantalla-2022-04-04-a-las-23.49.24-304x190.png 304w, https:\/\/www.radioagricultura.cl\/wp-content\/uploads\/2022\/04\/Captura-de-Pantalla-2022-04-04-a-las-23.49.24-768x479.png 768w, https:\/\/www.radioagricultura.cl\/wp-content\/uploads\/2022\/04\/Captura-de-Pantalla-2022-04-04-a-las-23.49.24-400x249.png 400w\" sizes=\"auto, (max-width: 847px) 100vw, 847px\"\/>\t\t\t\t\t\t\t\t<\/a><\/p>\n<\/figure>\n<p><!-- .featured-image --><\/p>\n<div class=\"entry-wrapper\">\n<p>\n\t\t\t\t\t<time class=\"entry-date published\" datetime=\"2022-04-05T01:05:33-03:00\">abril 5, 2022<\/time><time class=\"updated\" datetime=\"2022-04-05T01:05:35-03:00\">abril 5, 2022<\/time>\t\t\t\t<\/p>\n<p><!-- .entry-meta -->\n\t\t\t\t\t<\/div>\n<p><!-- .entry-wrapper --><br \/>\n\t<\/article>\n<article data-post-id=\"804775\" class=\"tag-achm tag-mineduc category-nacional type-post post-has-image\">\n<figure class=\"post-thumbnail\">\n\t\t\t\t\t\t\t\t<a target=\"_blank\" href=\"https:\/\/www.radioagricultura.cl\/nacional\/2022\/04\/05\/municipios-abordan-con-el-mineduc-agenda-de-financiamiento-de-educacion-publica\/\" rel=\"bookmark noopener\"><br \/>\n\t\t\t\t\t\t\t\t\t<img decoding=\"async\" width=\"1200\" height=\"800\" src=\"https:\/\/www.radioagricultura.cl\/wp-content\/uploads\/2021\/06\/A_UNO_1275581.jpg\" class=\"attachment-newspack-article-block-uncropped size-newspack-article-block-uncropped wp-post-image\" alt=\"Osorno: Clases Presencialesen Fase 2\" loading=\"lazy\" srcset=\"https:\/\/www.radioagricultura.cl\/wp-content\/uploads\/2021\/06\/A_UNO_1275581.jpg 2500w, https:\/\/www.radioagricultura.cl\/wp-content\/uploads\/2021\/06\/A_UNO_1275581-304x203.jpg 304w, https:\/\/www.radioagricultura.cl\/wp-content\/uploads\/2021\/06\/A_UNO_1275581-768x512.jpg 768w, https:\/\/www.radioagricultura.cl\/wp-content\/uploads\/2021\/06\/A_UNO_1275581-1024x683.jpg 1024w\" sizes=\"auto, (max-width: 1200px) 100vw, 1200px\"\/>\t\t\t\t\t\t\t\t<\/a><\/p>\n<\/figure>\n<p><!-- .featured-image --><\/p>\n<div class=\"entry-wrapper\">\n<p>\n\t\t\t\t\t<time class=\"entry-date published\" datetime=\"2022-04-05T01:00:35-03:00\">abril 5, 2022<\/time><time class=\"updated\" datetime=\"2022-04-05T01:03:22-03:00\">abril 5, 2022<\/time>\t\t\t\t<\/p>\n<p><!-- .entry-meta -->\n\t\t\t\t\t<\/div>\n<p><!-- .entry-wrapper --><br \/>\n\t<\/article>\n<article data-post-id=\"804618\" class=\"tag-ucrania tag-kiev tag-invasion-rusa category-internacional type-post post-has-image\">\n<figure class=\"post-thumbnail\">\n\t\t\t\t\t\t\t\t<a target=\"_blank\" href=\"https:\/\/www.radioagricultura.cl\/internacional\/2022\/04\/05\/el-alcalde-de-kiev-insta-a-posponer-el-regreso-de-los-civiles-a-la-ciudad\/\" rel=\"bookmark noopener\"><br \/>\n\t\t\t\t\t\t\t\t\t<img decoding=\"async\" width=\"640\" height=\"320\" src=\"https:\/\/www.radioagricultura.cl\/wp-content\/uploads\/2022\/04\/FPhXUOWX0AMbMkr.png\" class=\"attachment-newspack-article-block-uncropped size-newspack-article-block-uncropped wp-post-image\" alt=\"\" loading=\"lazy\" srcset=\"https:\/\/www.radioagricultura.cl\/wp-content\/uploads\/2022\/04\/FPhXUOWX0AMbMkr.png 640w, https:\/\/www.radioagricultura.cl\/wp-content\/uploads\/2022\/04\/FPhXUOWX0AMbMkr-304x152.png 304w, https:\/\/www.radioagricultura.cl\/wp-content\/uploads\/2022\/04\/FPhXUOWX0AMbMkr-400x200.png 400w\" sizes=\"auto, (max-width: 640px) 100vw, 640px\"\/>\t\t\t\t\t\t\t\t<\/a><\/p>\n<\/figure>\n<p><!-- .featured-image --><\/p>\n<div class=\"entry-wrapper\">\n<p>\n\t\t\t\t\t<time class=\"entry-date published\" datetime=\"2022-04-05T00:35:50-03:00\">abril 5, 2022<\/time><time class=\"updated\" datetime=\"2022-04-05T01:02:38-03:00\">abril 5, 2022<\/time>\t\t\t\t<\/p>\n<p><!-- .entry-meta -->\n\t\t\t\t\t<\/div>\n<p><!-- .entry-wrapper --><br \/>\n\t<\/article>\n<\/p><\/div><\/div>\n<\/section><\/div>\n\n<p><em> \u2018 The preceding article may include information circulated by third parties \u2019 <\/em><\/p>\n<p><em> \u2018 Some details of this article were extracted from the following source www.radioagricultura.cl \u2019 <\/em><\/p>\n","protected":false},"excerpt":{"rendered":"<p>En la actualidad la industria de los jugos desecha hasta un 57% de la fruta que utiliza, lo que se traduce en que miles de toneladas de este alimento terminan en la basura a\u00f1o a a\u00f1o, contaminando el medio ambiente y generando gases de efecto invernadero. Esta fue precisamente una de las problem\u00e1ticas que desde [&hellip;]<\/p>\n","protected":false},"author":2,"featured_media":297122,"comment_status":"open","ping_status":"closed","sticky":false,"template":"","format":"standard","meta":{"om_disable_all_campaigns":false,"jnews-multi-image_gallery":[],"jnews_single_post":[],"jnews_primary_category":[],"jnews_social_meta":[],"footnotes":""},"categories":[43],"tags":[],"class_list":["post-297121","post","type-post","status-publish","format-standard","has-post-thumbnail","hentry","category-gourmet"],"_links":{"self":[{"href":"https:\/\/dimensionturistica.com\/es\/wp-json\/wp\/v2\/posts\/297121","targetHints":{"allow":["GET"]}}],"collection":[{"href":"https:\/\/dimensionturistica.com\/es\/wp-json\/wp\/v2\/posts"}],"about":[{"href":"https:\/\/dimensionturistica.com\/es\/wp-json\/wp\/v2\/types\/post"}],"author":[{"embeddable":true,"href":"https:\/\/dimensionturistica.com\/es\/wp-json\/wp\/v2\/users\/2"}],"replies":[{"embeddable":true,"href":"https:\/\/dimensionturistica.com\/es\/wp-json\/wp\/v2\/comments?post=297121"}],"version-history":[{"count":0,"href":"https:\/\/dimensionturistica.com\/es\/wp-json\/wp\/v2\/posts\/297121\/revisions"}],"wp:featuredmedia":[{"embeddable":true,"href":"https:\/\/dimensionturistica.com\/es\/wp-json\/wp\/v2\/media\/297122"}],"wp:attachment":[{"href":"https:\/\/dimensionturistica.com\/es\/wp-json\/wp\/v2\/media?parent=297121"}],"wp:term":[{"taxonomy":"category","embeddable":true,"href":"https:\/\/dimensionturistica.com\/es\/wp-json\/wp\/v2\/categories?post=297121"},{"taxonomy":"post_tag","embeddable":true,"href":"https:\/\/dimensionturistica.com\/es\/wp-json\/wp\/v2\/tags?post=297121"}],"curies":[{"name":"wp","href":"https:\/\/api.w.org\/{rel}","templated":true}]}}