{"id":296718,"date":"2022-04-04T13:58:04","date_gmt":"2022-04-04T13:58:04","guid":{"rendered":"https:\/\/dimensionturistica.com\/es\/?p=296718"},"modified":"2022-04-04T13:58:05","modified_gmt":"2022-04-04T13:58:05","slug":"buenas-expectativas-turisticas-para-semana-santa-ralentizadas-por-la-guerra-en-ucrania","status":"publish","type":"post","link":"https:\/\/dimensionturistica.com\/es\/buenas-expectativas-turisticas-para-semana-santa-ralentizadas-por-la-guerra-en-ucrania\/","title":{"rendered":"Buenas expectativas tur\u00edsticas para Semana Santa, &#8220;ralentizadas&#8221; por la guerra en Ucrania"},"content":{"rendered":"<p> <br \/>\n<\/p>\n<div>\n<p>                <span itemprop=\"articleBody\"><\/p>\n<div class=\"jeg_video_container jeg_video_content\"><iframe loading=\"lazy\" title=\"Buenas expectativas tur\u00edsticas para Semana Santa\" width=\"500\" height=\"281\" src=\"https:\/\/www.youtube.com\/embed\/3bfG2lbgaos?feature=oembed\" frameborder=\"0\" allow=\"accelerometer; autoplay; clipboard-write; encrypted-media; gyroscope; picture-in-picture; web-share\" referrerpolicy=\"strict-origin-when-cross-origin\" allowfullscreen><\/iframe><\/div>\n<p>&#13;<\/p>\n<p><strong>La subida de los precios repercute directamente en las posibilidades de viajar de quienes nos visitan<\/strong><\/p>\n<p>&#13;<br \/>\n &#13;<\/p>\n<p>\u00a0<\/p>\n<p>&#13;<\/p>\n<li class=\"texto\"><i class=\"fa fa-file-text-o\"\/>Lancelot Digital<\/li>\n<p>&#13;<\/p>\n<p>\u00a0<\/p>\n<p>&#13;<\/p>\n<p>La presidenta de la Federaci\u00f3n Tur\u00edstica de Lanzarote, Susana P\u00e9rez, ha mostrado cierto optimismo en cuanto a las reservas tur\u00edsticas realizadas en Lanzarote para este periodo de Semana Santa que dar\u00e1 inicio este fin de semana. Sin embargo, P\u00e9rez cree que el conflicto en Ucrania s\u00ed est\u00e1 pasando una cierta factura. \u201cVamos viendo una cierta llegada de reservas, aunque hay que decir que se ha ralentizado con la invasi\u00f3n de Rusia a Ucrania\u201d, se\u00f1alando que a partir de febrero, cuando las restricciones en Reunido Unido comenzaron a decaer, aumentaron las reservas para Semana Santa. \u201cNo solo Reino Unido, tambi\u00e9n el mercado nacional se iba activando, pero lamentablemente en las \u00faltimas semanas hemos visto como la guerra, sobre todo por el impacto que est\u00e1 teniendo en la subida de los preciso, se ha ralentizado\u201d.<\/p>\n<p>&#13;<\/p>\n<p>\u00a0<\/p>\n<p>&#13;<\/p>\n<p>En cuanto a los meses de mayo y junio, la presidenta de la patronal hotelera ve cierta incertidumbre. \u201cVemos unos meses por delante de cierta incertidumbre. Lo positivo es que la gente tiene ganas de viajar, pero esta crisis b\u00e9lica est\u00e1 afectando a todos los destinos, habr\u00e1 que ir viendo c\u00f3mo repercute en sus econom\u00edas\u201d.<\/p>\n<p>&#13;<\/p>\n<p>\u00a0<\/p>\n<p>&#13;<\/p>\n<p>\u00a0<\/p>\n<p>&#13;<\/p>\n<p>En cuanto a la subida de los precios de la luz y del flamable, Susana P\u00e9rez cree que afectar\u00e1 al coste no solo de los hoteleros, sino tambi\u00e9n a los de las empresas complementarias, como transporte, industria u hosteler\u00eda.<\/p>\n<p>                    <\/span><\/p><\/div>\n<p><script src=\"https:\/\/connect.facebook.net\/es_ES\/all.js#xfbml=1\" type=\"text\/javascript\"><\/script><script type=\"text\/javascript\">\n\/\/<![CDATA[\n   \twindow.fbAsyncInit = function() {\n\t\tFB.init({ appId: '171342606239806', \n\t\t\tstatus: true, \n\t\t\tcookie: true,\n\t\t\txfbml: true,\n\t\t\toauth: true\n\t\t});\n   \t\t    \n\t  \t\t};\n    \/\/      \n    jQuery(window).load(function() {\n    \t(function(){\n    \t\tif(!document.getElementById('fb-root')) {\n    \t\t\tvar root = document.createElement('div');\n    \t\t\troot.id = 'fb-root';\n    \t\t\tdocument.getElementById('gkfb-root').appendChild(root);\n    \t\t\tvar e = document.createElement('script');\n    \t\t\te.src = document.location.protocol + '\/\/connect.facebook.net\/es_ES\/all.js';\n    \t\t\te.async = true;\n    \t\t\tdocument.getElementById('fb-root').appendChild(e);\n    \t\t}  \n    \t})();\n    });\n    \/\/]]>\n<\/script><br \/>\n<br \/><\/p>\n<p><em> &#8221; Fuentes www.lancelotdigital.com &#8221; <\/em><\/p>\n","protected":false},"excerpt":{"rendered":"<p>&#13; La subida de los precios repercute directamente en las posibilidades de viajar de quienes nos visitan &#13; &#13; \u00a0 &#13; Lancelot Digital &#13; \u00a0 &#13; La presidenta de la Federaci\u00f3n Tur\u00edstica de Lanzarote, Susana P\u00e9rez, ha mostrado cierto optimismo en cuanto a las reservas tur\u00edsticas realizadas en Lanzarote para este periodo de Semana Santa [&hellip;]<\/p>\n","protected":false},"author":4,"featured_media":296719,"comment_status":"open","ping_status":"closed","sticky":false,"template":"","format":"standard","meta":{"om_disable_all_campaigns":false,"jnews-multi-image_gallery":[],"jnews_single_post":[],"jnews_primary_category":[],"jnews_social_meta":[],"footnotes":""},"categories":[40],"tags":[946],"class_list":["post-296718","post","type-post","status-publish","format-standard","has-post-thumbnail","hentry","category-industria","tag-lancelot-digital-noticias-lanzarote-diario-digital-periodico-canarias-sucesos-deportes-cultura-vida-social-opinion-semanario-revista"],"_links":{"self":[{"href":"https:\/\/dimensionturistica.com\/es\/wp-json\/wp\/v2\/posts\/296718","targetHints":{"allow":["GET"]}}],"collection":[{"href":"https:\/\/dimensionturistica.com\/es\/wp-json\/wp\/v2\/posts"}],"about":[{"href":"https:\/\/dimensionturistica.com\/es\/wp-json\/wp\/v2\/types\/post"}],"author":[{"embeddable":true,"href":"https:\/\/dimensionturistica.com\/es\/wp-json\/wp\/v2\/users\/4"}],"replies":[{"embeddable":true,"href":"https:\/\/dimensionturistica.com\/es\/wp-json\/wp\/v2\/comments?post=296718"}],"version-history":[{"count":0,"href":"https:\/\/dimensionturistica.com\/es\/wp-json\/wp\/v2\/posts\/296718\/revisions"}],"wp:featuredmedia":[{"embeddable":true,"href":"https:\/\/dimensionturistica.com\/es\/wp-json\/wp\/v2\/media\/296719"}],"wp:attachment":[{"href":"https:\/\/dimensionturistica.com\/es\/wp-json\/wp\/v2\/media?parent=296718"}],"wp:term":[{"taxonomy":"category","embeddable":true,"href":"https:\/\/dimensionturistica.com\/es\/wp-json\/wp\/v2\/categories?post=296718"},{"taxonomy":"post_tag","embeddable":true,"href":"https:\/\/dimensionturistica.com\/es\/wp-json\/wp\/v2\/tags?post=296718"}],"curies":[{"name":"wp","href":"https:\/\/api.w.org\/{rel}","templated":true}]}}