{"id":296353,"date":"2022-04-03T14:58:33","date_gmt":"2022-04-03T14:58:33","guid":{"rendered":"https:\/\/dimensionturistica.com\/es\/?p=296353"},"modified":"2022-04-03T14:58:35","modified_gmt":"2022-04-03T14:58:35","slug":"los-viajes-que-hacer-antes-de-morir","status":"publish","type":"post","link":"https:\/\/dimensionturistica.com\/es\/los-viajes-que-hacer-antes-de-morir\/","title":{"rendered":"Los viajes que hacer antes de morir"},"content":{"rendered":"<p> <br \/>\n<\/p>\n<div id=\"article-body-content\" data-action=\"toggle\" data-status=\"on\">\n<p id=\"paragraph_1\">Espa\u00f1a est\u00e1 repleta de rincones y destinos espectaculares e inolvidables. De hecho, no hace falta viajar muy lejos para disfrutar de una escapada o unas vacaciones de ensue\u00f1o porque si de algo puede presumir nuestro pa\u00eds, adem\u00e1s de su exquisita gastronom\u00eda y sus gentes, es de contar con lugares repletos de belleza en los que no faltan <a rel=\"nofollow noopener\" target=\"_blank\" href=\"https:\/\/www.elespanol.com\/curiosidades\/espana-pueblos\/pueblos-mas-historicos-espana-romanos-fenicios-edad-media\/550446367_0.amp.html\">pueblos con historia<\/a>, ciudades llenas de encanto, <a rel=\"nofollow noopener\" target=\"_blank\" href=\"https:\/\/www.elespanol.com\/ocio\/playas-virgenes-espana-espectaculares-verano\/604940712_0.html\">playas<\/a> y calas de ensue\u00f1o o espacios en la naturaleza y parques naturales \u00fanicos. Lugares inolvidables y con una belleza indiscutible muy diferentes entre s\u00ed y que este 2022 te proponemos descubrir a trav\u00e9s de esta lista con los viajes que toda persona deber\u00eda hacer antes de morir.<\/p>\n<p id=\"paragraph_2\">Escapadas a lugares que deber\u00edas ver al menos una vez en la vida y que seguro conseguir\u00e1n quedarse grabados en tus retinas para siempre. Desde la belleza \u00fanica de Granada y su Alhambra al encanto de Sevilla, pasando por los imponentes Picos de Europa o las calas m\u00e1s so\u00f1adas de Mallorca. Estos son algunos de los destinos que te invitamos a descubrir.<\/p>\n<h3 class=\"content__summary-title\"><strong>Los viajes que hacer antes de morir por Espa\u00f1a<\/strong><\/h3>\n<h3 class=\"content__summary-title\"><strong>Granada y su alhambra (Andaluc\u00eda)<\/strong><\/h3>\n<p id=\"paragraph_3\">Granada no pod\u00eda faltar en esta lista, sobre todo porque se trata de una de las <strong>ciudades m\u00e1s bellas de Espa\u00f1a<\/strong> y en la que podr\u00e1s encontrar la perfecta fusi\u00f3n de elementos de la cultura y arquitectura \u00e1rabe con la cristiana. En ella no podr\u00e1s dejar pasar la incre\u00edble Alhambra, la Catedral, la Capilla Actual, los barrios de Albaic\u00edn y Sacromonte, algunos de los mejores miradores de Espa\u00f1a, los tradicionales bares de tapeo o un merecido descanso en alguno de los ba\u00f1os \u00e1rabes de la ciudad. Si planeas viajar hasta esta bell\u00edsima ciudad y no dejar pendiente ninguno de los rincones y vestigios de historia m\u00e1s importantes, te recomendamos que no te pierdas nuestra selecci\u00f3n con <a rel=\"nofollow noopener\" target=\"_blank\" href=\"https:\/\/www.elespanol.com\/ocio\/mejores-planes-hacer-granada-visitas-turisticas-monumentos-gastronomia-bares-tapas\/598440822_0.html\">los mejores planes para hacer por Granada<\/a>, en la que podr\u00e1s localizar alguno de esos imprescindibles de la ciudad andaluza.<\/p>\n<div class=\"article-media \" itemscope=\"\" itemtype=\"http:\/\/schema.org\/ImageObject\">\n<p><img decoding=\"async\" alt=\"Granada\" data-imgm=\"true\" height=\"180\" loading=\"lazy\" sizes=\"auto, (max-width: 479px) 100vw, (max-width: 1023px) 80vw, 40vw\" src=\"https:\/\/s1.eestatic.com\/2022\/02\/01\/actualidad\/646945401_221519369_1024x576.jpg\" srcset=\"https:\/\/s1.eestatic.com\/2022\/02\/01\/actualidad\/646945401_221519372_320x180.jpg 320w, https:\/\/s1.eestatic.com\/2022\/02\/01\/actualidad\/646945401_221519371_640x360.jpg 640w, https:\/\/s1.eestatic.com\/2022\/02\/01\/actualidad\/646945401_221519370_864x486.jpg 864w, https:\/\/s1.eestatic.com\/2022\/02\/01\/actualidad\/646945401_221519369_1024x576.jpg 1024w, https:\/\/s1.eestatic.com\/2022\/02\/01\/actualidad\/646945401_221519368_1706x960.jpg 1706w\" width=\"320\"\/><\/p><\/div>\n<h3 class=\"content__summary-title\"><strong>Parque Nacional de Picos de Europa (Asturias, Castilla-Le\u00f3n y Cantabria)<\/strong><\/h3>\n<p id=\"paragraph_4\">Picos de Europa es uno de los Parques Naturales m\u00e1s importantes y bonitos de Espa\u00f1a con nada menos que 67.127 hect\u00e1reas repartidas en las provincias de Asturias, Le\u00f3n y Cantabria, as\u00ed que tambi\u00e9n figura como otro de esos viajes imprescindibles por Espa\u00f1a. Una de las mejores reservas mundiales de los ecosistemas ligados al bosque atl\u00e1ntico y con la mayor formaci\u00f3n caliza de la Europa Atl\u00e1ntica, que cada a\u00f1o recibe miles de turistas, convirti\u00e9ndose en el segundo espacio pure m\u00e1s visitado solo precedido por el Teide. Fuente D\u00e9 y su telef\u00e9rico, Covadonga y sus lagos, Cangas de On\u00eds, Sotres, Bulnes, Potes, el Desfiladero de la Hermida, el Valle de Sajambre o rutas como la conocida senda del Cares, el Picu Urriellu, el Anillo de Picos de Europa o la subida a alguno de sus refugios de monta\u00f1a\u2026 Todos ellos pueblos, <a rel=\"nofollow noopener\" target=\"_blank\" href=\"https:\/\/www.elespanol.com\/ocio\/picos-europa-pueblos-rutas-paisajes-visitar-montanas-senderismo\/603190796_0.html\">rutas y paisajes por Picos de Europa<\/a>\u00a0imprescindibles en este maravilloso y exigente paraje.<\/p>\n<div class=\"article-media \" itemscope=\"\" itemtype=\"http:\/\/schema.org\/ImageObject\">\n<p><img decoding=\"async\" alt=\"Parque Nacional Picos de Europa\" data-imgm=\"true\" height=\"180\" loading=\"lazy\" sizes=\"auto, (max-width: 479px) 100vw, (max-width: 1023px) 80vw, 40vw\" src=\"https:\/\/s1.eestatic.com\/2022\/02\/01\/actualidad\/646945402_221519398_1024x576.jpg\" srcset=\"https:\/\/s1.eestatic.com\/2022\/02\/01\/actualidad\/646945402_221519401_320x180.jpg 320w, https:\/\/s1.eestatic.com\/2022\/02\/01\/actualidad\/646945402_221519400_640x360.jpg 640w, https:\/\/s1.eestatic.com\/2022\/02\/01\/actualidad\/646945402_221519399_864x486.jpg 864w, https:\/\/s1.eestatic.com\/2022\/02\/01\/actualidad\/646945402_221519398_1024x576.jpg 1024w, https:\/\/s1.eestatic.com\/2022\/02\/01\/actualidad\/646945402_221519397_1706x960.jpg 1706w\" width=\"320\"\/><\/p>\n<div class=\"article-media__caption\">\n<p>\n                    <span class=\"article-media__caption-description\"><br \/>\n                                    Parque Nacional Picos de Europa<br \/>\n                            <\/span><\/p>\n<\/div><\/div>\n<h3 class=\"content__summary-title\"><strong>El Teide (Tenerife, Islas Canarias)<\/strong><\/h3>\n<p id=\"paragraph_5\">Un whole de 190 km2 conforman el Parque Nacional del Teide con <strong>el propio volc\u00e1n como protagonista<\/strong> y situado en pleno coraz\u00f3n de Tenerife, una de las principales islas de Canarias. Ascender a la propia cima del Teide es una de las principales cosas que hacer en Tenerife. Para ello necesitar\u00e1s solicitar un permiso con bastante antelaci\u00f3n y podr\u00e1s subir hasta los 3.555 m de altitud a trav\u00e9s de su telef\u00e9rico para disfrutar de sus espectaculares vistas desde su Mirador de la Rambleta. Tambi\u00e9n te recomendamos cualquiera de las rutas que parten desde all\u00ed: la ruta Telesforo Bravo, la ruta al Mirador de la Fortaleza, la ruta al Mirador Pico Viejo y por supuesto la ruta que sube hasta su cima.<\/p>\n<div class=\"article-media \" itemscope=\"\" itemtype=\"http:\/\/schema.org\/ImageObject\">\n<p><img decoding=\"async\" alt=\"El Teide\" data-imgm=\"true\" height=\"180\" loading=\"lazy\" sizes=\"auto, (max-width: 479px) 100vw, (max-width: 1023px) 80vw, 40vw\" src=\"https:\/\/s1.eestatic.com\/2022\/02\/01\/actualidad\/646945405_221519487_1024x576.jpg\" srcset=\"https:\/\/s1.eestatic.com\/2022\/02\/01\/actualidad\/646945405_221519490_320x180.jpg 320w, https:\/\/s1.eestatic.com\/2022\/02\/01\/actualidad\/646945405_221519489_640x360.jpg 640w, https:\/\/s1.eestatic.com\/2022\/02\/01\/actualidad\/646945405_221519488_864x486.jpg 864w, https:\/\/s1.eestatic.com\/2022\/02\/01\/actualidad\/646945405_221519487_1024x576.jpg 1024w, https:\/\/s1.eestatic.com\/2022\/02\/01\/actualidad\/646945405_221519486_1706x960.jpg 1706w\" width=\"320\"\/><\/p><\/div>\n<h3 class=\"content__summary-title\"><strong>Galicia y la Ribeira Sacra (Galicia)<\/strong><\/h3>\n<p id=\"paragraph_6\">La Ribeira Sacra, ubicada en las riberas de los r\u00edos Cabe, Sil y Mi\u00f1o, es otro de esos <strong>paisajes naturales<\/strong> que no pod\u00edan faltar en esta lista y tambi\u00e9n uno de los m\u00e1s impresionantes de Galicia y de Espa\u00f1a. Un lugar casi m\u00e1gico en el que no faltan antiguos monasterios, meandros imposibles, miradores inolvidables o vi\u00f1edos milenarios. El monasterio de Santo Estevo de Ribas de Sil, los miradores del ca\u00f1\u00f3n del Sil, el monasterio de Santa Cristina, el pueblo de Castro Caldelas, senderismo por Monforte de Lemos, el monasterio de Santo Estevo de Ribas de Mi\u00f1o\u2026 Todos ellos lugares que no pueden faltar en tu itinerario.<\/p>\n<div class=\"article-media \" itemscope=\"\" itemtype=\"http:\/\/schema.org\/ImageObject\">\n<p><img decoding=\"async\" alt=\"Ribeira Sacra\" data-imgm=\"true\" height=\"180\" loading=\"lazy\" sizes=\"auto, (max-width: 479px) 100vw, (max-width: 1023px) 80vw, 40vw\" src=\"https:\/\/s1.eestatic.com\/2022\/02\/01\/actualidad\/646945407_221519549_1024x576.jpg\" srcset=\"https:\/\/s1.eestatic.com\/2022\/02\/01\/actualidad\/646945407_221519552_320x180.jpg 320w, https:\/\/s1.eestatic.com\/2022\/02\/01\/actualidad\/646945407_221519551_640x360.jpg 640w, https:\/\/s1.eestatic.com\/2022\/02\/01\/actualidad\/646945407_221519550_864x486.jpg 864w, https:\/\/s1.eestatic.com\/2022\/02\/01\/actualidad\/646945407_221519549_1024x576.jpg 1024w, https:\/\/s1.eestatic.com\/2022\/02\/01\/actualidad\/646945407_221519548_1706x960.jpg 1706w\" width=\"320\"\/><\/p><\/div>\n<h3 class=\"content__summary-title\"><strong>Mallorca y sus calas (Islas Baleares)<\/strong><\/h3>\n<p id=\"paragraph_7\"><strong>Calas de aguas cristalinas shade turquesa, cuevas escondidas, faros<\/strong> que desaf\u00edan el horizonte, atardeceres \u00fanicos\u2026 Todo esto es lo que te espera en la isla m\u00e1s grande de las Baleares. Un lugar repleto de paisajes id\u00edlicos en los que se entremezclan paisajes de sierra y costa y en el que podr\u00e1s aprovechar para desconectar del mundo en cualquiera de sus rincones. Su clima suave, su gastronom\u00eda mediterr\u00e1nea, su estilo de vida calmado, sus pueblos y sobre todo sus paisajes, playas y calas te ayudar\u00e1n a enamorarte a\u00fan m\u00e1s de esta isla que tampoco deber\u00eda faltar en tu lista de visitas para hacer por Espa\u00f1a. Cal\u00f3 des Moro, Cala\u2019s Almunia, Cala Mondrag\u00f3, Cala Es Caragol, Playa de Formentor, Cala de Sa Calobra o la Cala Es M\u00e0rmols, son algunas de las calas de aguas cristalinas imprescindibles en la isla.<\/p>\n<h3 class=\"content__summary-title\"><strong>El Congost de Mont-rebei (Arag\u00f3n y Catalu\u00f1a)<\/strong><\/h3>\n<p id=\"paragraph_8\">El Congost de Mont Rebei es un desfiladero que el propio r\u00edo Noguera Ribagorzana ha ido labrando en la roca, dando como resultado <strong>un impresionante ca\u00f1\u00f3n<\/strong> de hasta 500 metros de altura. Un desfiladero que separa de norte a sur la sierra del Montsec, que es la primera gran formaci\u00f3n del Prepirineo catal\u00e1n y que te recomendamos conocer a trav\u00e9s de uno de los itinerarios m\u00e1s espectaculares que puedes hacer para descubrirlo: la ruta de las pasarelas de Montfalc\u00f3. Una senda que podr\u00e1s comenzar en el peque\u00f1o despoblado de Montfalc\u00f3. Se trata de una ruta exigente que acumula 16 km (ida y vuelta) con 900 metros de desnivel positivo. Una ruta que cualquier persona acostumbrada a caminar podr\u00e1 hacer pero para la que necesitar\u00e1s no tener miedo a las alturas, ya que durante ella te encontrar\u00e1s con tramos bastante altos y expuestos con vertiginosas pasarelas o incluso un impresionante puente colgante que une Arag\u00f3n y Catalu\u00f1a a 35 metros de altitud. Las vistas que podr\u00e1s disfrutar a lo largo de este recorrido, sin duda, merecer\u00e1n la pena<\/p>\n<div class=\"article-media \" itemscope=\"\" itemtype=\"http:\/\/schema.org\/ImageObject\">\n<p><img decoding=\"async\" alt=\"El Congost de Mont-rebei\" data-imgm=\"true\" height=\"180\" loading=\"lazy\" sizes=\"auto, (max-width: 479px) 100vw, (max-width: 1023px) 80vw, 40vw\" src=\"https:\/\/s1.eestatic.com\/2022\/02\/01\/actualidad\/646945411_221519677_1024x576.jpg\" srcset=\"https:\/\/s1.eestatic.com\/2022\/02\/01\/actualidad\/646945411_221519680_320x180.jpg 320w, https:\/\/s1.eestatic.com\/2022\/02\/01\/actualidad\/646945411_221519679_640x360.jpg 640w, https:\/\/s1.eestatic.com\/2022\/02\/01\/actualidad\/646945411_221519678_864x486.jpg 864w, https:\/\/s1.eestatic.com\/2022\/02\/01\/actualidad\/646945411_221519677_1024x576.jpg 1024w, https:\/\/s1.eestatic.com\/2022\/02\/01\/actualidad\/646945411_221519676_1706x960.jpg 1706w\" width=\"320\"\/><\/p><\/div>\n<h3 class=\"content__summary-title\"><strong>Salto del Nervi\u00f3n (\u00c1lava, Pa\u00eds Vasco)<\/strong><\/h3>\n<p id=\"paragraph_9\"><strong>Naturaleza, historia, cultura, paisajes \u00fanicos\u2026<\/strong> Todo esto es lo que te espera en \u00c1lava, uno de esos lugares de visita imprescindible en el Pa\u00eds Vasco y en el que podr\u00e1s encontrar la cascada m\u00e1s alta de toda la Pen\u00ednsula: el Salto del Nervi\u00f3n. Se trata adem\u00e1s del origen de la r\u00eda de Bilbao y es uno de esos entornos capaces de quedarse grabados en la retina para siempre. Una cascada de m\u00e1s de 222 metros que en los \u00faltimos a\u00f1os se ha convertido en uno de los espacios naturales m\u00e1s visitados del Pa\u00eds Vasco. Un imponente salto de agua que podr\u00e1s disfrutar desde dos perspectivas: desde la parte de arriba en el Mirador del Nervi\u00f3n o desde donde caen sus aguas desde abajo y tras cruzar el Ca\u00f1\u00f3n de Delika. La panor\u00e1mica espectacular en ambos casos est\u00e1 m\u00e1s que garantizada.<\/p>\n<div class=\"article-media \" itemscope=\"\" itemtype=\"http:\/\/schema.org\/ImageObject\">\n<p><img decoding=\"async\" alt=\"Salto del Nervi\u00f3n\" data-imgm=\"true\" height=\"180\" loading=\"lazy\" sizes=\"auto, (max-width: 479px) 100vw, (max-width: 1023px) 80vw, 40vw\" src=\"https:\/\/s1.eestatic.com\/2022\/02\/01\/actualidad\/646945412_221519708_1024x576.jpg\" srcset=\"https:\/\/s1.eestatic.com\/2022\/02\/01\/actualidad\/646945412_221519711_320x180.jpg 320w, https:\/\/s1.eestatic.com\/2022\/02\/01\/actualidad\/646945412_221519710_640x360.jpg 640w, https:\/\/s1.eestatic.com\/2022\/02\/01\/actualidad\/646945412_221519709_864x486.jpg 864w, https:\/\/s1.eestatic.com\/2022\/02\/01\/actualidad\/646945412_221519708_1024x576.jpg 1024w, https:\/\/s1.eestatic.com\/2022\/02\/01\/actualidad\/646945412_221519707_1706x960.jpg 1706w\" width=\"320\"\/><\/p><\/div>\n<h3 class=\"content__summary-title\"><strong>Parque Nacional de Ordesa y Monte Perdido (Arag\u00f3n)<\/strong><\/h3>\n<p id=\"paragraph_10\"><strong>Este espacio pure protegido altoaragon\u00e9s<\/strong> tampoco deber\u00eda faltar en esa lista de viajes imprescindibles por Espa\u00f1a. Un rinc\u00f3n \u00fanico que ya en 1918 se convirti\u00f3 en uno de los primeros parques nacionales de Espa\u00f1a, que se encuentra formado por cuatro valles y un macizo monta\u00f1oso central. Uno de los lugares m\u00e1s interesantes y singulares del Pirineo. Glaciares, monta\u00f1as, bosques, cascadas, una amplia flora y fauna\u2026 Todo ello forma parte de este Parque Nacional \u00fanico que va hasta los 3.335 metros del Monte Perdido, una de las cumbres m\u00e1s altas y conocidas de los Pirineos. El pueblo de Torla, el Camino de las Cascadas, el Tozal del Mallo, la senda de los cazadores, el salto de agua del Cotatuero o sus imponentes miradores, son algunos de los imprescindibles en este bello espacio pure.<\/p>\n<div class=\"article-media \" itemscope=\"\" itemtype=\"http:\/\/schema.org\/ImageObject\">\n<p><img decoding=\"async\" alt=\"Parque Nacional de Ordesa\" data-imgm=\"true\" height=\"180\" loading=\"lazy\" sizes=\"auto, (max-width: 479px) 100vw, (max-width: 1023px) 80vw, 40vw\" src=\"https:\/\/s1.eestatic.com\/2022\/02\/01\/actualidad\/646945414_221519766_1024x576.jpg\" srcset=\"https:\/\/s1.eestatic.com\/2022\/02\/01\/actualidad\/646945414_221519769_320x180.jpg 320w, https:\/\/s1.eestatic.com\/2022\/02\/01\/actualidad\/646945414_221519768_640x360.jpg 640w, https:\/\/s1.eestatic.com\/2022\/02\/01\/actualidad\/646945414_221519767_864x486.jpg 864w, https:\/\/s1.eestatic.com\/2022\/02\/01\/actualidad\/646945414_221519766_1024x576.jpg 1024w, https:\/\/s1.eestatic.com\/2022\/02\/01\/actualidad\/646945414_221519765_1706x960.jpg 1706w\" width=\"320\"\/><\/p>\n<div class=\"article-media__caption\">\n<p>\n                    <span class=\"article-media__caption-description\"><br \/>\n                                    Parque Nacional de Ordesa<br \/>\n                            <\/span><\/p>\n<\/div><\/div>\n<h3 class=\"content__summary-title\"><strong>Sevilla (Andaluc\u00eda)<\/strong><\/h3>\n<p id=\"paragraph_11\">Sevilla es otra de <strong>esas ciudades espa\u00f1olas capaces de cautivar<\/strong> a cualquier visitante que se acerque a conocerla. Desde sus monumentos llenos de historia a su imponente catedral g\u00f3tica, su casco antiguo, su tradici\u00f3n, riqueza art\u00edstica, clima, cultura o gastronom\u00eda, todo ello conseguir\u00e1 atraparte. De hecho, Sevilla figura como uno de los mejores destinos del mundo seg\u00fan la prestigiosa editora de gu\u00edas de viajes Lonely Planet. As\u00ed que no dudes en acercarte a su Plaza de Espa\u00f1a, su catedral, su majestuosa Giralda, los Reales Alc\u00e1zares, el antiguo barrio jud\u00edo de Santa Cruz, al barrio de Triana, disfrutar de sus tablaos de flamenco o la maravillosa puesta de sol que podr\u00e1s asegurarte con la Torre del Oro como protagonista.<\/p>\n<div class=\"article-media \" itemscope=\"\" itemtype=\"http:\/\/schema.org\/ImageObject\">\n<p><img decoding=\"async\" alt=\"Sevilla\" data-imgm=\"true\" height=\"180\" loading=\"lazy\" sizes=\"auto, (max-width: 479px) 100vw, (max-width: 1023px) 80vw, 40vw\" src=\"https:\/\/s1.eestatic.com\/2022\/02\/01\/actualidad\/646945415_221519797_1024x576.jpg\" srcset=\"https:\/\/s1.eestatic.com\/2022\/02\/01\/actualidad\/646945415_221519800_320x180.jpg 320w, https:\/\/s1.eestatic.com\/2022\/02\/01\/actualidad\/646945415_221519799_640x360.jpg 640w, https:\/\/s1.eestatic.com\/2022\/02\/01\/actualidad\/646945415_221519798_864x486.jpg 864w, https:\/\/s1.eestatic.com\/2022\/02\/01\/actualidad\/646945415_221519797_1024x576.jpg 1024w, https:\/\/s1.eestatic.com\/2022\/02\/01\/actualidad\/646945415_221519796_1706x960.jpg 1706w\" width=\"320\"\/><\/p><\/div>\n<h3 class=\"content__summary-title\">Tambi\u00e9n te puede interesar&#8230;<\/h3>\n<ul class=\"content__summary-list content__summary-list--bullets\">\n<li class=\"summary-list__item\"><a rel=\"nofollow noopener\" target=\"_blank\" href=\"https:\/\/www.elespanol.com\/ocio\/costa-da-morte-lugares-imprescindibles-visitar-ruta\/586191911_0.html\">Costa da Morte: 10 lugares imprescindibles para visitar en la ruta<\/a><\/li>\n<\/ul>\n<ul class=\"content__summary-list content__summary-list--bullets\">\n<li class=\"summary-list__item\"><a rel=\"nofollow noopener\" target=\"_blank\" href=\"https:\/\/www.elespanol.com\/ocio\/lugares-inolvidables-deberias-visitar-huesca-viajes-escapadas-fin-de-semana\/584193050_0.html\">10 lugares inolvidables que deber\u00edas visitar en Huesca<\/a><\/li>\n<\/ul>\n<ul class=\"content__summary-list content__summary-list--bullets\">\n<li class=\"summary-list__item\"><a rel=\"nofollow noopener\" target=\"_blank\" href=\"https:\/\/www.elespanol.com\/ocio\/20210603\/pueblos-costeros-encanto-norte-espana-viajes-turismo-rutas-mar-cantabrico\/585942637_0.html\">Los pueblos costeros con m\u00e1s encanto del norte de Espa\u00f1a<\/a><\/li>\n<\/ul>\n<ul class=\"content__summary-list content__summary-list--bullets\">\n<li class=\"summary-list__item\"><a rel=\"nofollow noopener\" target=\"_blank\" href=\"https:\/\/www.elespanol.com\/ocio\/rutas-moto-pensadas-descubrir-costa-mediterranea-viajes-turismo\/585692565_0.html\">5 rutas en moto pensadas para descubrir la costa mediterr\u00e1nea<\/a><\/li>\n<\/ul>\n<h3 class=\"follow-topics-title\"><span class=\"follow-topics-title__icon\"\/>Sigue los temas que te interesan<\/h3>\n<\/p><\/div>\n\n<p><em> &#8221; Fuentes www.elespanol.com &#8221; <\/em><\/p>\n","protected":false},"excerpt":{"rendered":"<p>Espa\u00f1a est\u00e1 repleta de rincones y destinos espectaculares e inolvidables. De hecho, no hace falta viajar muy lejos para disfrutar de una escapada o unas vacaciones de ensue\u00f1o porque si de algo puede presumir nuestro pa\u00eds, adem\u00e1s de su exquisita gastronom\u00eda y sus gentes, es de contar con lugares repletos de belleza en los que [&hellip;]<\/p>\n","protected":false},"author":4,"featured_media":296354,"comment_status":"open","ping_status":"closed","sticky":false,"template":"","format":"standard","meta":{"om_disable_all_campaigns":false,"jnews-multi-image_gallery":[],"jnews_single_post":[],"jnews_primary_category":[],"jnews_social_meta":[],"footnotes":""},"categories":[39],"tags":[770,22818,544,545],"class_list":["post-296353","post","type-post","status-publish","format-standard","has-post-thumbnail","hentry","category-viajes","tag-espana","tag-ocio-y-tiempo-libre","tag-turismo","tag-viajes"],"_links":{"self":[{"href":"https:\/\/dimensionturistica.com\/es\/wp-json\/wp\/v2\/posts\/296353","targetHints":{"allow":["GET"]}}],"collection":[{"href":"https:\/\/dimensionturistica.com\/es\/wp-json\/wp\/v2\/posts"}],"about":[{"href":"https:\/\/dimensionturistica.com\/es\/wp-json\/wp\/v2\/types\/post"}],"author":[{"embeddable":true,"href":"https:\/\/dimensionturistica.com\/es\/wp-json\/wp\/v2\/users\/4"}],"replies":[{"embeddable":true,"href":"https:\/\/dimensionturistica.com\/es\/wp-json\/wp\/v2\/comments?post=296353"}],"version-history":[{"count":0,"href":"https:\/\/dimensionturistica.com\/es\/wp-json\/wp\/v2\/posts\/296353\/revisions"}],"wp:featuredmedia":[{"embeddable":true,"href":"https:\/\/dimensionturistica.com\/es\/wp-json\/wp\/v2\/media\/296354"}],"wp:attachment":[{"href":"https:\/\/dimensionturistica.com\/es\/wp-json\/wp\/v2\/media?parent=296353"}],"wp:term":[{"taxonomy":"category","embeddable":true,"href":"https:\/\/dimensionturistica.com\/es\/wp-json\/wp\/v2\/categories?post=296353"},{"taxonomy":"post_tag","embeddable":true,"href":"https:\/\/dimensionturistica.com\/es\/wp-json\/wp\/v2\/tags?post=296353"}],"curies":[{"name":"wp","href":"https:\/\/api.w.org\/{rel}","templated":true}]}}