{"id":295757,"date":"2022-04-01T19:36:08","date_gmt":"2022-04-01T19:36:08","guid":{"rendered":"https:\/\/dimensionturistica.com\/es\/?p=295757"},"modified":"2022-04-01T19:36:08","modified_gmt":"2022-04-01T19:36:08","slug":"basado-en-vuelos-reales-la-campana-de-iberia-que-muestra-que-la-conectividad-es-clave-para-la-sociedad","status":"publish","type":"post","link":"https:\/\/dimensionturistica.com\/es\/basado-en-vuelos-reales-la-campana-de-iberia-que-muestra-que-la-conectividad-es-clave-para-la-sociedad\/","title":{"rendered":"Basado en vuelos reales\u201d, la campa\u00f1a de Iberia que muestra que la conectividad es clave para la sociedad"},"content":{"rendered":"<p><img decoding=\"async\" class=\"size-medium wp-image-295758 alignleft\" src=\"https:\/\/dimensionturistica.com\/es\/wp-content\/uploads\/2022\/04\/CABALLO-1-300x169.jpg\" alt=\"\" width=\"300\" height=\"169\" srcset=\"https:\/\/dimensionturistica.com\/es\/wp-content\/uploads\/2022\/04\/CABALLO-1-300x169.jpg 300w, https:\/\/dimensionturistica.com\/es\/wp-content\/uploads\/2022\/04\/CABALLO-1.jpg 500w\" sizes=\"(max-width: 300px) 100vw, 300px\" \/> Iberia lleva 95 a\u00f1os volando desde Espa\u00f1a con el mismo prop\u00f3sito: \u201cgenerar prosperidad, conectando personas con el mundo\u201d. Manteniendo siempre su raz\u00f3n de ser, la aerol\u00ednea ha ido adaptando su estrategia que, en los pr\u00f3ximos a\u00f1os, se centrar\u00e1 en mejorar su posici\u00f3n competitiva en todos los mercados donde opera y rentabilizar sus negocios de servicios aeroportuarios y mantenimiento aeron\u00e1utico.<br \/>\nY, para llevarlo a cabo, cuenta con un plan, Next Chapter, que le permitir\u00e1 escribir un nuevo cap\u00edtulo en su historia.<br \/>\nFiel a su prop\u00f3sito, durante estos 95 a\u00f1os Iberia ha intentado siempre darle otro sentido al hecho de volar, demostrando que la conectividad es clave para la sociedad: vuelos de repatriaci\u00f3n, colaboraci\u00f3n con la organizaci\u00f3n nacional de transplantes, servicio a menores que viajan solos, transporte de material humanitario y vacunas, apoyo al talento espa\u00f1ol o su contribuci\u00f3n en acontecimientos culturales hist\u00f3ricos, son algunos de los ejemplos del compromiso de Iberia con las comunidades donde desarrolla su actividad.<br \/>\nPara Teresa Parejo, Directora de sostenibilidad de Iberia \u201cel prop\u00f3sito de una compa\u00f1\u00eda es aquello que transciende a su negocio y aporta valor a su comunidad. Ninguna empresa puede resolver todos los retos del mundo, pero todas las marcas se han visto desafiadas en su contribuci\u00f3n a la sociedad y, en el caso de Iberia, la confianza de nuestros clientes ya solo puede construirse siendo <img decoding=\"async\" class=\"size-medium wp-image-295754 alignleft\" src=\"https:\/\/dimensionturistica.com\/es\/wp-content\/uploads\/2022\/04\/GITANAS-300x191.jpg\" alt=\"\" width=\"300\" height=\"191\" srcset=\"https:\/\/dimensionturistica.com\/es\/wp-content\/uploads\/2022\/04\/GITANAS-300x191.jpg 300w, https:\/\/dimensionturistica.com\/es\/wp-content\/uploads\/2022\/04\/GITANAS.jpg 500w\" sizes=\"(max-width: 300px) 100vw, 300px\" \/>honestos y coherentes con nuestro prop\u00f3sito\u201d.<br \/>\nCon las historias reales y humanas que han ocurrido en sus vuelos, Iberia ha creado su campa\u00f1a \u201cBasado en vuelos reales\u201d, para poner en valor la conectividad a\u00e9rea m\u00e1s all\u00e1 de su capacidad para conectar a millones de personas alrededor del mundo, de su impacto social y econ\u00f3mico en el desarrollo de sectores como el turismo y en la generaci\u00f3n de empleo.<br \/>\n\u201cLas voces que protagonizan la campa\u00f1a son las de los empleados de Iberia que, en su d\u00eda a d\u00eda, construyen el prop\u00f3sito de la compa\u00f1\u00eda. Su testimonio sirve para poner en valor nuestro compromiso a\u00fan en los momentos m\u00e1s dif\u00edciles para el negocio y nuestra aportaci\u00f3n a la sociedad, pasada, presente y futura\u201d, ha comentado Gemma Junc\u00e1, directora de Marketing de Iberia.<br \/>\nLa difusi\u00f3n de la campa\u00f1a se va a realizar a trav\u00e9s de diferentes formatos: de un v\u00eddeo que se difundir\u00e1 en cine, televisi\u00f3n y medios de comunicaci\u00f3n online, de cu\u00f1as de radio y de publicaciones en los canales de Iberia en redes sociales (Facebook, Instagram, Twitter, LinkedIn y Youtube).<br \/>\nAdem\u00e1s, Iberia est\u00e1 trabajando en una serie de podcasts en los que sus protagonistas narrar\u00e1n con la m\u00e1xima realidad lo que sucedi\u00f3 en cada vuelo, para que los oyentes de la campa\u00f1a \u201cBasado en vuelos reales\u201d puedan zambullirse en historias que, cada d\u00eda, siguen repiti\u00e9ndose en Iberia. Esta serie de podcast estar\u00e1 disponible en las principales plataformas de audio &#8211; Alexa, Google Nest, Spotify o Apple Music-, y todos los contenidos de la campa\u00f1a se incluir\u00e1n en la oferta de entretenimiento a bordo de la aerol\u00ednea.<\/p>\n","protected":false},"excerpt":{"rendered":"<p>Iberia lleva 95 a\u00f1os volando desde Espa\u00f1a con el mismo prop\u00f3sito: \u201cgenerar prosperidad, conectando personas con el mundo\u201d. Manteniendo siempre su raz\u00f3n de ser, la aerol\u00ednea ha ido adaptando su estrategia que, en los pr\u00f3ximos a\u00f1os, se centrar\u00e1 en mejorar su posici\u00f3n competitiva en todos los mercados donde opera y rentabilizar sus negocios de servicios [&hellip;]<\/p>\n","protected":false},"author":1,"featured_media":295755,"comment_status":"open","ping_status":"closed","sticky":false,"template":"","format":"standard","meta":{"om_disable_all_campaigns":false,"jnews-multi-image_gallery":[],"jnews_single_post":{"source_name":"","source_url":"","via_name":"","via_url":"","override_template":"0","override":[{"template":"1","single_blog_custom":"","parallax":"1","fullscreen":"1","layout":"right-sidebar","sidebar":"default-sidebar","second_sidebar":"default-sidebar","sticky_sidebar":"1","share_position":"top","share_float_style":"share-monocrhome","show_share_counter":"1","show_view_counter":"1","show_featured":"1","show_post_meta":"1","show_post_author":"1","show_post_author_image":"1","show_post_date":"1","post_date_format":"default","post_date_format_custom":"Y\/m\/d","show_post_category":"1","show_post_reading_time":"0","post_reading_time_wpm":"300","show_zoom_button":"0","zoom_button_out_step":"2","zoom_button_in_step":"3","show_post_tag":"1","show_prev_next_post":"1","show_popup_post":"1","number_popup_post":"1","show_author_box":"0","show_post_related":"0","show_inline_post_related":"0"}],"override_image_size":"0","image_override":[{"single_post_thumbnail_size":"crop-500","single_post_gallery_size":"crop-500"}],"trending_post":"0","trending_post_position":"meta","trending_post_label":"Trending","sponsored_post":"0","sponsored_post_label":"Sponsored by","sponsored_post_name":"","sponsored_post_url":"","sponsored_post_logo_enable":"0","sponsored_post_logo":"","sponsored_post_desc":"","disable_ad":"0"},"jnews_primary_category":{"id":""},"jnews_social_meta":{"fb_title":"","fb_description":"","fb_image":"","twitter_title":"","twitter_description":"","twitter_image":""},"footnotes":""},"categories":[39],"tags":[],"class_list":["post-295757","post","type-post","status-publish","format-standard","has-post-thumbnail","hentry","category-viajes"],"_links":{"self":[{"href":"https:\/\/dimensionturistica.com\/es\/wp-json\/wp\/v2\/posts\/295757","targetHints":{"allow":["GET"]}}],"collection":[{"href":"https:\/\/dimensionturistica.com\/es\/wp-json\/wp\/v2\/posts"}],"about":[{"href":"https:\/\/dimensionturistica.com\/es\/wp-json\/wp\/v2\/types\/post"}],"author":[{"embeddable":true,"href":"https:\/\/dimensionturistica.com\/es\/wp-json\/wp\/v2\/users\/1"}],"replies":[{"embeddable":true,"href":"https:\/\/dimensionturistica.com\/es\/wp-json\/wp\/v2\/comments?post=295757"}],"version-history":[{"count":0,"href":"https:\/\/dimensionturistica.com\/es\/wp-json\/wp\/v2\/posts\/295757\/revisions"}],"wp:featuredmedia":[{"embeddable":true,"href":"https:\/\/dimensionturistica.com\/es\/wp-json\/wp\/v2\/media\/295755"}],"wp:attachment":[{"href":"https:\/\/dimensionturistica.com\/es\/wp-json\/wp\/v2\/media?parent=295757"}],"wp:term":[{"taxonomy":"category","embeddable":true,"href":"https:\/\/dimensionturistica.com\/es\/wp-json\/wp\/v2\/categories?post=295757"},{"taxonomy":"post_tag","embeddable":true,"href":"https:\/\/dimensionturistica.com\/es\/wp-json\/wp\/v2\/tags?post=295757"}],"curies":[{"name":"wp","href":"https:\/\/api.w.org\/{rel}","templated":true}]}}