{"id":295690,"date":"2022-04-01T17:57:44","date_gmt":"2022-04-01T17:57:44","guid":{"rendered":"https:\/\/dimensionturistica.com\/es\/?p=295690"},"modified":"2022-04-01T17:57:44","modified_gmt":"2022-04-01T17:57:44","slug":"sectur-participa-en-acciones-de-capacitacion-para-fomentar-la-competitividad-turistica-2","status":"publish","type":"post","link":"https:\/\/dimensionturistica.com\/es\/sectur-participa-en-acciones-de-capacitacion-para-fomentar-la-competitividad-turistica-2\/","title":{"rendered":"Sectur participa en acciones de capacitaci\u00f3n para fomentar la competitividad tur\u00edstica"},"content":{"rendered":"<p><img decoding=\"async\" class=\"size-medium wp-image-295696 alignleft\" src=\"https:\/\/dimensionturistica.com\/es\/wp-content\/uploads\/2022\/04\/ProgramaDeCapacitacion-2-300x186.jpeg\" alt=\"\" width=\"300\" height=\"186\" srcset=\"https:\/\/dimensionturistica.com\/es\/wp-content\/uploads\/2022\/04\/ProgramaDeCapacitacion-2-300x186.jpeg 300w, https:\/\/dimensionturistica.com\/es\/wp-content\/uploads\/2022\/04\/ProgramaDeCapacitacion-2-768x477.jpeg 768w, https:\/\/dimensionturistica.com\/es\/wp-content\/uploads\/2022\/04\/ProgramaDeCapacitacion-2-750x466.jpeg 750w, https:\/\/dimensionturistica.com\/es\/wp-content\/uploads\/2022\/04\/ProgramaDeCapacitacion-2.jpeg 1024w\" sizes=\"(max-width: 300px) 100vw, 300px\" \/>La Secretar\u00eda de Turismo del Gobierno de M\u00e9xico (Sectur) participa con diferentes estados de la Rep\u00fablica en acciones de capacitaci\u00f3n para prestadores de servicios tur\u00edsticos con el objetivo de impulsar su profesionalizaci\u00f3n y fortalecer las \u00e1reas de atenci\u00f3n a visitantes nacionales e internacionales, en las entidades del pa\u00eds.<br \/>\nA trav\u00e9s de la Direcci\u00f3n General de Profesionalizaci\u00f3n y Competitividad Tur\u00edstica (DGPyCT), Sectur comenz\u00f3 este programa como parte del compromiso que hizo su titular, Miguel Torruco Marqu\u00e9s, con diferentes estados de la Rep\u00fablica para impactar en un mayor n\u00famero de prestadores de servicios tur\u00edsticos.<br \/>\nLas acciones de capacitaci\u00f3n a impartir consideran temas relevantes para el sector, como son, cultura tur\u00edstica, calidad en el servicio, actualizaci\u00f3n de gu\u00edas de turistas, conducci\u00f3n de grupos, integraci\u00f3n del producto tur\u00edstico y embajadores tur\u00edsticos, entre otros.<br \/>\nEl programa dio inicio en el estado de Zacatecas, los d\u00edas 16 y 17 de marzo en la capital del estado y en el Pueblo M\u00e1gico de Guadalupe, en los cuales participaron un total de 150 prestadores de servicios tur\u00edsticos, y cabe destacar que 89 fueron mujeres.<br \/>\nLa sesi\u00f3n fue inaugurada por el gobernador de Zacatecas, David Monreal \u00c1vila, acompa\u00f1ado por el secretario de Turismo de la entidad, Le Roy Barrag\u00e1n Ocampo y Raquel Ruiz Dom\u00ednguez como<img decoding=\"async\" class=\"size-medium wp-image-295697 alignleft\" src=\"https:\/\/dimensionturistica.com\/es\/wp-content\/uploads\/2022\/04\/ProgramaDeCapacitacion-3-300x193.jpeg\" alt=\"\" width=\"300\" height=\"193\" srcset=\"https:\/\/dimensionturistica.com\/es\/wp-content\/uploads\/2022\/04\/ProgramaDeCapacitacion-3-300x193.jpeg 300w, https:\/\/dimensionturistica.com\/es\/wp-content\/uploads\/2022\/04\/ProgramaDeCapacitacion-3-768x495.jpeg 768w, https:\/\/dimensionturistica.com\/es\/wp-content\/uploads\/2022\/04\/ProgramaDeCapacitacion-3-750x483.jpeg 750w, https:\/\/dimensionturistica.com\/es\/wp-content\/uploads\/2022\/04\/ProgramaDeCapacitacion-3.jpeg 925w\" sizes=\"(max-width: 300px) 100vw, 300px\" \/> facilitadora por parte de Sectur federal.<br \/>\nA lo largo del a\u00f1o, est\u00e1 contemplado un total de 30 cursos que impactar\u00e1n en un mil 500 empresarios de Zacatecas como tour operadores, gu\u00edas de turistas, agentes de viajes y dem\u00e1s integrantes de la cadena de valor de la industria tur\u00edstica.<br \/>\nEn el mes de abril, en el estado de Nayarit se realizar\u00e1n acciones similares de capacitaci\u00f3n con el prop\u00f3sito de fomentar la cultura tur\u00edstica y la competitividad de la entidad.<\/p>\n","protected":false},"excerpt":{"rendered":"<p>La Secretar\u00eda de Turismo del Gobierno de M\u00e9xico (Sectur) participa con diferentes estados de la Rep\u00fablica en acciones de capacitaci\u00f3n para prestadores de servicios tur\u00edsticos con el objetivo de impulsar su profesionalizaci\u00f3n y fortalecer las \u00e1reas de atenci\u00f3n a visitantes nacionales e internacionales, en las entidades del pa\u00eds. A trav\u00e9s de la Direcci\u00f3n General de [&hellip;]<\/p>\n","protected":false},"author":1,"featured_media":295698,"comment_status":"open","ping_status":"closed","sticky":false,"template":"","format":"standard","meta":{"om_disable_all_campaigns":false,"jnews-multi-image_gallery":[],"jnews_single_post":{"source_name":"","source_url":"","via_name":"","via_url":"","override_template":"0","override":[{"template":"1","single_blog_custom":"","parallax":"1","fullscreen":"1","layout":"right-sidebar","sidebar":"default-sidebar","second_sidebar":"default-sidebar","sticky_sidebar":"1","share_position":"top","share_float_style":"share-monocrhome","show_share_counter":"1","show_view_counter":"1","show_featured":"1","show_post_meta":"1","show_post_author":"1","show_post_author_image":"1","show_post_date":"1","post_date_format":"default","post_date_format_custom":"Y\/m\/d","show_post_category":"1","show_post_reading_time":"0","post_reading_time_wpm":"300","show_zoom_button":"0","zoom_button_out_step":"2","zoom_button_in_step":"3","show_post_tag":"1","show_prev_next_post":"1","show_popup_post":"1","number_popup_post":"1","show_author_box":"0","show_post_related":"0","show_inline_post_related":"0"}],"override_image_size":"0","image_override":[{"single_post_thumbnail_size":"crop-500","single_post_gallery_size":"crop-500"}],"trending_post":"0","trending_post_position":"meta","trending_post_label":"Trending","sponsored_post":"0","sponsored_post_label":"Sponsored by","sponsored_post_name":"","sponsored_post_url":"","sponsored_post_logo_enable":"0","sponsored_post_logo":"","sponsored_post_desc":"","disable_ad":"0"},"jnews_primary_category":{"id":""},"jnews_social_meta":{"fb_title":"","fb_description":"","fb_image":"","twitter_title":"","twitter_description":"","twitter_image":""},"footnotes":""},"categories":[39],"tags":[],"class_list":["post-295690","post","type-post","status-publish","format-standard","has-post-thumbnail","hentry","category-viajes"],"_links":{"self":[{"href":"https:\/\/dimensionturistica.com\/es\/wp-json\/wp\/v2\/posts\/295690","targetHints":{"allow":["GET"]}}],"collection":[{"href":"https:\/\/dimensionturistica.com\/es\/wp-json\/wp\/v2\/posts"}],"about":[{"href":"https:\/\/dimensionturistica.com\/es\/wp-json\/wp\/v2\/types\/post"}],"author":[{"embeddable":true,"href":"https:\/\/dimensionturistica.com\/es\/wp-json\/wp\/v2\/users\/1"}],"replies":[{"embeddable":true,"href":"https:\/\/dimensionturistica.com\/es\/wp-json\/wp\/v2\/comments?post=295690"}],"version-history":[{"count":0,"href":"https:\/\/dimensionturistica.com\/es\/wp-json\/wp\/v2\/posts\/295690\/revisions"}],"wp:featuredmedia":[{"embeddable":true,"href":"https:\/\/dimensionturistica.com\/es\/wp-json\/wp\/v2\/media\/295698"}],"wp:attachment":[{"href":"https:\/\/dimensionturistica.com\/es\/wp-json\/wp\/v2\/media?parent=295690"}],"wp:term":[{"taxonomy":"category","embeddable":true,"href":"https:\/\/dimensionturistica.com\/es\/wp-json\/wp\/v2\/categories?post=295690"},{"taxonomy":"post_tag","embeddable":true,"href":"https:\/\/dimensionturistica.com\/es\/wp-json\/wp\/v2\/tags?post=295690"}],"curies":[{"name":"wp","href":"https:\/\/api.w.org\/{rel}","templated":true}]}}