{"id":295611,"date":"2022-04-01T15:57:32","date_gmt":"2022-04-01T15:57:32","guid":{"rendered":"https:\/\/dimensionturistica.com\/es\/?p=295611"},"modified":"2022-04-01T16:17:37","modified_gmt":"2022-04-01T16:17:37","slug":"se-prepara-tecate-baja-california-para-el-mejor-festival-de-ideas-de-la-frontera","status":"publish","type":"post","link":"https:\/\/dimensionturistica.com\/es\/se-prepara-tecate-baja-california-para-el-mejor-festival-de-ideas-de-la-frontera\/","title":{"rendered":"Se  prepara Tecate, Baja California para el mejor Festival de Ideas de la Frontera"},"content":{"rendered":"<p><img decoding=\"async\" class=\"size-medium wp-image-295626 alignleft\" src=\"https:\/\/dimensionturistica.com\/es\/wp-content\/uploads\/2022\/04\/RLP-EXC__0000_RLPspring20150481-291x300.jpg\" alt=\"\" width=\"291\" height=\"300\" srcset=\"https:\/\/dimensionturistica.com\/es\/wp-content\/uploads\/2022\/04\/RLP-EXC__0000_RLPspring20150481-291x300.jpg 291w, https:\/\/dimensionturistica.com\/es\/wp-content\/uploads\/2022\/04\/RLP-EXC__0000_RLPspring20150481.jpg 400w\" sizes=\"(max-width: 291px) 100vw, 291px\" \/>Este pr\u00f3ximo 2 de abril, Baja California se prepara para celebrar TEDxTecate, La Magia de lo Desconocido, un evento que reunir\u00e1 a las 10 m\u00e1s brillantes mentes tecatenses para conjuntar intercambio de ideas, emprendimiento e innovaci\u00f3n acerca de gastronom\u00eda, ecolog\u00eda, dise\u00f1o, nutrici\u00f3n, sexualidad, tanatolog\u00eda, negocios, manufactura y administraci\u00f3n de proyectos de \u00e9xito.<br \/>\nEn este encuentro de ideas que se llevar\u00e1 a cabo en el Pueblo M\u00e1gico de Tecate, algunos de los ponentes que compartir\u00e1n con el p\u00fablico su experiencia y visi\u00f3n empresarial son:<br \/>\nIrma Sofia Poeter: Artista mexicoamericana, premiada internacionalmente por su trabajo como dise\u00f1adora de modas. Ha tenido la oportunidad de estar en residencias art\u00edsticas nacionales e internacionales, como en La curadur\u00eda en Oaxaca, Residencia Art\u00edstica Lagos en CDMX y en Belforte del Chienti en Italia; as\u00ed como 11 muestras individuales y m\u00e1s de 30 presentaciones art\u00edsticas colectivas en M\u00e9xico, USA, Cuba, Inglaterra, Italia y Polonia. Actualmente es miembro fundador del MARTES (Mujeres en las Artes).<br \/>\nLucina G\u00f3mez V\u00e1zquez: Reconocida sex\u00f3loga fundadora del Centro de Psicolog\u00eda Dharma, servicio hol\u00edstico de salud mental. Ha desarrollado las habilidades y conocimientos que le permiten<img decoding=\"async\" class=\"size-medium wp-image-295627 alignleft\" src=\"https:\/\/dimensionturistica.com\/es\/wp-content\/uploads\/2022\/04\/maxresdefault-300x169.jpg\" alt=\"\" width=\"300\" height=\"169\" srcset=\"https:\/\/dimensionturistica.com\/es\/wp-content\/uploads\/2022\/04\/maxresdefault-300x169.jpg 300w, https:\/\/dimensionturistica.com\/es\/wp-content\/uploads\/2022\/04\/maxresdefault-1024x576.jpg 1024w, https:\/\/dimensionturistica.com\/es\/wp-content\/uploads\/2022\/04\/maxresdefault-768x432.jpg 768w, https:\/\/dimensionturistica.com\/es\/wp-content\/uploads\/2022\/04\/maxresdefault-750x422.jpg 750w, https:\/\/dimensionturistica.com\/es\/wp-content\/uploads\/2022\/04\/maxresdefault-1140x641.jpg 1140w, https:\/\/dimensionturistica.com\/es\/wp-content\/uploads\/2022\/04\/maxresdefault.jpg 1280w\" sizes=\"(max-width: 300px) 100vw, 300px\" \/> compartir posibilidades de bienestar con su comunidad.<br \/>\nMariela Manzano: Talentosa Chef tapat\u00eda de adopci\u00f3n tecatense desde hace m\u00e1s de 30 a\u00f1os. Actualmente es propietaria de \u201cEl Lugar de Nos\u201d, espacio comprometido a promover la cultura gastron\u00f3mica de Baja California y los sabores de familia. Su labor ha destacado a nivel estatal, nacional e internacional por abrir una nueva perspectiva culinaria.<br \/>\nMauricio Hidalgo Loaeza: Gerente de Manufactura y l\u00edder del proyecto de expansi\u00f3n de operaciones de Broan Nutone LLC en Tecate, creador de estrategias y metodolog\u00edas de excelencia operacional y desarrollo de talentos en la industria entre las que destacan la herramienta de 3P, manufactura esbelta, Planes de Desarrollo, Pruebas de Comportamiento y de administraci\u00f3n de objetivos.<br \/>\nStephany Aveleyra Vizcarra: Conferencista, tallerista y especialista en nutrici\u00f3n cl\u00ednica y nefrolog\u00eda. Es creadora de contenido en Instagram y es host del podcast &#8220;Nutrici\u00f3n y Motivaci\u00f3n&#8221;.<br \/>\nRoberto Arjona: CEO y Administrador de Rancho La Puerta, el primer Spa de Destino del mundo,<img decoding=\"async\" class=\"size-medium wp-image-295634 alignleft\" src=\"https:\/\/dimensionturistica.com\/es\/wp-content\/uploads\/2022\/04\/ALBERCA-300x131.jpg\" alt=\"\" width=\"300\" height=\"131\" srcset=\"https:\/\/dimensionturistica.com\/es\/wp-content\/uploads\/2022\/04\/ALBERCA-300x131.jpg 300w, https:\/\/dimensionturistica.com\/es\/wp-content\/uploads\/2022\/04\/ALBERCA.jpg 400w\" sizes=\"(max-width: 300px) 100vw, 300px\" \/> fundado en 1940 en la ciudad de Tecate, empresa que al d\u00eda de hoy cuenta con m\u00e1s de 400 empleados y que es considerado como el mejor spa del planeta por la revista Cond\u00e9 Nast, Travel+Leisure, Tatler, Luxury Travel Magazine, Forbes, Financial Times, etc.<br \/>\nOmar Ovalle: experto en innovaci\u00f3n personal, social, organizacional, tecnolog\u00eda y finanzas. Sus estudios se enfocan en las habilidades y capacidades en el futuro del trabajo, econom\u00eda y educaci\u00f3n. Es Director de la Facultad de Ciencias de la Ingenier\u00eda Administrativas y Sociales de la Universidad Aut\u00f3noma de Baja California y miembro del Sistema Nacional de Investigadores, acad\u00e9mico certificado ANFECA, miembro en: CENEVAL, ACBSP, TEMS IEEE, ACACIA, entre otros.<br \/>\nMartha Elisa Castro: Tanat\u00f3loga especializada en cultivo de estados mentales y f\u00edsicos de paz, tranquilidad y altruismo. Es una especialista en meditaci\u00f3n, budismo y ense\u00f1anza de pr\u00e1cticas de sanaci\u00f3n, conocido como \u201cwellness specialist\u201d. Actualmente es una renombrada profesora de la materia \u201cConciencia Plena y Medicina\u201d en la Facultad de Medicina, Psicolog\u00eda y Nutrici\u00f3n de la UABC.<br \/>\nDe la misma forma reunir\u00e1 en el mismo lugar a talentosas y talentosos emprendedores como &#8220;Pepita Naked Goodies&#8221; (productos naturales de filosof\u00eda verde y futuro sostenible), &#8220;Mercadito Cuchum\u00e1&#8221; (proyectos de cultivo y conciencia ecol\u00f3gica con apoyo al consumo local,\u00e9tnias, artesanos y hacer reciclaje inteligente), &#8220;Poli Dise\u00f1os&#8221; (dise\u00f1o de uniformes personalizados para chefs y restauranteros estatales e internacionales como Estados unidos y Espa\u00f1a), &#8220;Sattva Barra Ayurvedica&#8221; (servicio de alimentos personalizados para mejorar la salud integral creado de ayurveda, la primera ciencia de la salud en el mundo con origen en la India) e &#8220;Instituto Culinario T\u00e9cnico&#8221; (encargado de la especializaci\u00f3n en educaci\u00f3n culinaria con enfoque sustentable, ambiental que promueve la econom\u00eda circular).<br \/>\nAdem\u00e1s de productos naturales que muestran el conocimiento del entorno y la calidad como &#8220;M\u00e1s Macha&#8221; (aceite de oliva y sal local), &#8220;Noah Naturals&#8221; (productores de mermeladas, colorantes, jarabes naturales), &#8220;Acento Coffeee Roasters&#8221; (caf\u00e9 de especialidad tecatense)<br \/>\nSu primera edici\u00f3n tendr\u00e1 lugar de 8:30 de la ma\u00f1ana a 3:00 de la tarde, en Santuario Diegue\u00f1o, a cinco minutos del \u00fanico pueblo m\u00e1gico de la frontera, un lugar lleno de paisajes, ideal para gozar de excelente cocina, incre\u00edbles espacios de descanso, romance, ra\u00edces m\u00edticas de pueblos originarios y hogar del mejor pan tradicional.<br \/>\n*TED es una organizaci\u00f3n de promotores independientes que buscan crear espacios para aprender, inspirar y compartir ideas, con el fin de promover el talento local.<\/p>\n","protected":false},"excerpt":{"rendered":"<p>Este pr\u00f3ximo 2 de abril, Baja California se prepara para celebrar TEDxTecate, La Magia de lo Desconocido, un evento que reunir\u00e1 a las 10 m\u00e1s brillantes mentes tecatenses para conjuntar intercambio de ideas, emprendimiento e innovaci\u00f3n acerca de gastronom\u00eda, ecolog\u00eda, dise\u00f1o, nutrici\u00f3n, sexualidad, tanatolog\u00eda, negocios, manufactura y administraci\u00f3n de proyectos de \u00e9xito. En este encuentro [&hellip;]<\/p>\n","protected":false},"author":1,"featured_media":295637,"comment_status":"open","ping_status":"closed","sticky":false,"template":"","format":"standard","meta":{"om_disable_all_campaigns":false,"jnews-multi-image_gallery":[],"jnews_single_post":{"source_name":"","source_url":"","via_name":"","via_url":"","override_template":"0","override":[{"template":"1","single_blog_custom":"","parallax":"1","fullscreen":"1","layout":"right-sidebar","sidebar":"default-sidebar","second_sidebar":"default-sidebar","sticky_sidebar":"1","share_position":"top","share_float_style":"share-monocrhome","show_share_counter":"1","show_view_counter":"1","show_featured":"1","show_post_meta":"1","show_post_author":"1","show_post_author_image":"1","show_post_date":"1","post_date_format":"default","post_date_format_custom":"Y\/m\/d","show_post_category":"1","show_post_reading_time":"0","post_reading_time_wpm":"300","show_zoom_button":"0","zoom_button_out_step":"2","zoom_button_in_step":"3","show_post_tag":"1","show_prev_next_post":"1","show_popup_post":"1","number_popup_post":"1","show_author_box":"0","show_post_related":"0","show_inline_post_related":"0"}],"override_image_size":"0","image_override":[{"single_post_thumbnail_size":"crop-500","single_post_gallery_size":"crop-500"}],"trending_post":"0","trending_post_position":"meta","trending_post_label":"Trending","sponsored_post":"0","sponsored_post_label":"Sponsored by","sponsored_post_name":"","sponsored_post_url":"","sponsored_post_logo_enable":"0","sponsored_post_logo":"","sponsored_post_desc":"","disable_ad":"0"},"jnews_primary_category":{"id":""},"jnews_social_meta":{"fb_title":"","fb_description":"","fb_image":"","twitter_title":"","twitter_description":"","twitter_image":""},"footnotes":""},"categories":[39],"tags":[],"class_list":["post-295611","post","type-post","status-publish","format-standard","has-post-thumbnail","hentry","category-viajes"],"_links":{"self":[{"href":"https:\/\/dimensionturistica.com\/es\/wp-json\/wp\/v2\/posts\/295611","targetHints":{"allow":["GET"]}}],"collection":[{"href":"https:\/\/dimensionturistica.com\/es\/wp-json\/wp\/v2\/posts"}],"about":[{"href":"https:\/\/dimensionturistica.com\/es\/wp-json\/wp\/v2\/types\/post"}],"author":[{"embeddable":true,"href":"https:\/\/dimensionturistica.com\/es\/wp-json\/wp\/v2\/users\/1"}],"replies":[{"embeddable":true,"href":"https:\/\/dimensionturistica.com\/es\/wp-json\/wp\/v2\/comments?post=295611"}],"version-history":[{"count":0,"href":"https:\/\/dimensionturistica.com\/es\/wp-json\/wp\/v2\/posts\/295611\/revisions"}],"wp:featuredmedia":[{"embeddable":true,"href":"https:\/\/dimensionturistica.com\/es\/wp-json\/wp\/v2\/media\/295637"}],"wp:attachment":[{"href":"https:\/\/dimensionturistica.com\/es\/wp-json\/wp\/v2\/media?parent=295611"}],"wp:term":[{"taxonomy":"category","embeddable":true,"href":"https:\/\/dimensionturistica.com\/es\/wp-json\/wp\/v2\/categories?post=295611"},{"taxonomy":"post_tag","embeddable":true,"href":"https:\/\/dimensionturistica.com\/es\/wp-json\/wp\/v2\/tags?post=295611"}],"curies":[{"name":"wp","href":"https:\/\/api.w.org\/{rel}","templated":true}]}}