{"id":295487,"date":"2022-04-01T12:06:34","date_gmt":"2022-04-01T12:06:34","guid":{"rendered":"https:\/\/dimensionturistica.com\/es\/?p=295487"},"modified":"2022-04-01T12:06:35","modified_gmt":"2022-04-01T12:06:35","slug":"la-costa-del-sol-promociona-su-oferta-turistica-en-b-travel-barcelona","status":"publish","type":"post","link":"https:\/\/dimensionturistica.com\/es\/la-costa-del-sol-promociona-su-oferta-turistica-en-b-travel-barcelona\/","title":{"rendered":"La Costa del Sol promociona su oferta tur\u00edstica en B Travel Barcelona"},"content":{"rendered":"<p> <br \/>\n<\/p>\n<div>\n<div class=\"wysiwyg-photo\"><img decoding=\"async\" src=\"https:\/\/static.hosteltur.com\/app\/public\/uploads\/img\/releases\/2022\/04\/01\/L_134147_b-travel.jpg\" alt=\"Imagen nota de prensa Hosteltur\" width=\"852\" height=\"587\"\/><\/div>\n<p>Turismo Costa del Sol est\u00e1 promocionando estos d\u00edas su oferta en Barcelona, concretamente en la feria B Journey, una de las ferias comerciales del sector tur\u00edstico m\u00e1s importantes en Espa\u00f1a.<\/p>\n<p>Se trata de una acci\u00f3n comercial dirigida, principalmente al consumidor remaining de viajes, si bien \u201ctambi\u00e9n ser\u00e1 una extraordinaria oportunidad para presentar los recursos de la provincia a profesionales del sector tur\u00edstico afincados o especializados en el mercado emisor de Catalu\u00f1a\u201d, ha indicado Antonio D\u00edaz, director gerente de la entidad quien se encuentra participando en la feria junto con una decena de empresas del sector tur\u00edstico costasole\u00f1o as\u00ed como representantes de diferentes municipios de la provincia de M\u00e1laga.<\/p>\n<p>El objetivo que nos marcamos con nuestra presencia en esta feria es, seg\u00fan ha indicado el director gerente de la entidad, \u201cmostrar nuestro potencial m\u00e1s all\u00e1 del turismo de sol y playa, aunque sin dejar de reivindicar el liderazgo en este segmento&#8221;, porque lo que buscamos es &#8220;promocionar la Costa del Sol como un destino en el que vivir extraordinarias experiencias durante todo el a\u00f1o\u201d.<\/p>\n<p>\u201cCon nuestra presencia en esta feria pretendemos mejorar, si cabe, el extraordinario posicionamiento de la provincia en este mercado porque se trata de una gran feria de turismo y una puerta abierta a un mercado potencial muy interesante y de alto poder adquisitivo, como es el mercado catal\u00e1n\u201d ha se\u00f1alado el responsable de Turismo Costa del Sol.<\/p>\n<p>Y es que seg\u00fan ha indicado el director gerente de la entidad \u201cLa Costa del Sol es un destino prioritario para los espa\u00f1oles y por eso la entidad realiza en torno a 30 acciones promocionales para tener presencia en las principales ferias y eventos de \u00edndole nacional durante todo el a\u00f1o.<\/p>\n<p>Tambi\u00e9n se pondr\u00e1n en marcha campa\u00f1as digitales, acciones de inspiraci\u00f3n, campa\u00f1as televisivas y m\u00e1s de una treintena de viajes de familiarizaci\u00f3n con agentes de viajes\u201d.<\/p>\n<p>Turismo Costa del Sol atender\u00e1 tambi\u00e9n la visita de numerosos medios de comunicaci\u00f3n especializados en turismo de inside y de golf, entre otros segmentos, sin dejar de lado las acciones dirigidas al consumidor remaining y a alianzas para incentivar la comercializaci\u00f3n de determinados segmentos.<\/p>\n<p>Igual de importante ser\u00e1 estar presentes en mayo en Expovacaciones que se celebrar\u00e1 en Bilbao y que permitir\u00e1 a la entidad mostrar al turista vasco las novedades del destino Costa del Sol, a principios del mes de mayo .<\/p>\n<p>En cuanto al turismo de inside, dos citas pr\u00f3ximas ser\u00e1n Tierra Adentro e Intur, ferias en las que Turismo Costa del Sol \u201ctendr\u00e1 la oportunidad de fidelizar los turistas que ya conocen el destino y de captar a aquellos que deseen vivir experiencias inigualables en los m\u00faltiples recursos de interior de que dispone la provincia malague\u00f1a\u201d, ha se\u00f1alado Antonio D\u00edaz, director gerente de Turismo Costa del Sol.<\/p>\n<\/p><\/div>\n\n<p><em> &#8221; Fuentes www.hosteltur.com &#8221; <\/em><\/p>\n","protected":false},"excerpt":{"rendered":"<p>Turismo Costa del Sol est\u00e1 promocionando estos d\u00edas su oferta en Barcelona, concretamente en la feria B Journey, una de las ferias comerciales del sector tur\u00edstico m\u00e1s importantes en Espa\u00f1a. Se trata de una acci\u00f3n comercial dirigida, principalmente al consumidor remaining de viajes, si bien \u201ctambi\u00e9n ser\u00e1 una extraordinaria oportunidad para presentar los recursos de [&hellip;]<\/p>\n","protected":false},"author":4,"featured_media":295488,"comment_status":"open","ping_status":"closed","sticky":false,"template":"","format":"standard","meta":{"om_disable_all_campaigns":false,"jnews-multi-image_gallery":[],"jnews_single_post":[],"jnews_primary_category":[],"jnews_social_meta":[],"footnotes":""},"categories":[40],"tags":[715],"class_list":["post-295487","post","type-post","status-publish","format-standard","has-post-thumbnail","hentry","category-industria","tag-economia"],"_links":{"self":[{"href":"https:\/\/dimensionturistica.com\/es\/wp-json\/wp\/v2\/posts\/295487","targetHints":{"allow":["GET"]}}],"collection":[{"href":"https:\/\/dimensionturistica.com\/es\/wp-json\/wp\/v2\/posts"}],"about":[{"href":"https:\/\/dimensionturistica.com\/es\/wp-json\/wp\/v2\/types\/post"}],"author":[{"embeddable":true,"href":"https:\/\/dimensionturistica.com\/es\/wp-json\/wp\/v2\/users\/4"}],"replies":[{"embeddable":true,"href":"https:\/\/dimensionturistica.com\/es\/wp-json\/wp\/v2\/comments?post=295487"}],"version-history":[{"count":0,"href":"https:\/\/dimensionturistica.com\/es\/wp-json\/wp\/v2\/posts\/295487\/revisions"}],"wp:featuredmedia":[{"embeddable":true,"href":"https:\/\/dimensionturistica.com\/es\/wp-json\/wp\/v2\/media\/295488"}],"wp:attachment":[{"href":"https:\/\/dimensionturistica.com\/es\/wp-json\/wp\/v2\/media?parent=295487"}],"wp:term":[{"taxonomy":"category","embeddable":true,"href":"https:\/\/dimensionturistica.com\/es\/wp-json\/wp\/v2\/categories?post=295487"},{"taxonomy":"post_tag","embeddable":true,"href":"https:\/\/dimensionturistica.com\/es\/wp-json\/wp\/v2\/tags?post=295487"}],"curies":[{"name":"wp","href":"https:\/\/api.w.org\/{rel}","templated":true}]}}