{"id":295415,"date":"2022-04-01T08:58:13","date_gmt":"2022-04-01T08:58:13","guid":{"rendered":"https:\/\/dimensionturistica.com\/es\/?p=295415"},"modified":"2022-04-01T08:58:13","modified_gmt":"2022-04-01T08:58:13","slug":"idilia-foods-presenta-novedades","status":"publish","type":"post","link":"https:\/\/dimensionturistica.com\/es\/idilia-foods-presenta-novedades\/","title":{"rendered":"Idilia Foods presenta novedades"},"content":{"rendered":"<p> <br \/>\n<\/p>\n<div>\n<p><strong>Idilia Meals, compa\u00f1\u00eda acquainted de alimentaci\u00f3n espa\u00f1ola con  marcas como ColaCao y Nocilla, mostrar\u00e1 sus \u00faltimas novedades en Alimentaria  2022<\/strong>, que tendr\u00e1 lugar en Barcelona del 4 al 7 de abril. El stand de Idilia  Meals, situado en el Pabell\u00f3n 2, recrea una gran selva tropical, en homenaje al  origen del cacao pure con el que se elabora la mayor\u00eda de los productos de  las marcas ColaCao y Nocilla.<\/p>\n<p>\u201cEn esta edici\u00f3n de Alimentaria, la primera post pandemia,  desde Idilia queremos mostrar c\u00f3mo seguimos apostando por la creaci\u00f3n de valor  para nuestro entorno: en materia de innovaci\u00f3n de producto, en el apoyo a  sectores que han sufrido mucho- como la hosteler\u00eda- o en nuestros proyectos de  sostenibilidad social, como la Fundaci\u00f3n ColaCao en lucha contra el bullying\u201d  comenta<strong> Xavi Pons, consejero delegado de Idilia Meals.<\/strong><\/p>\n<p>Idilia sigue apostando por la innovaci\u00f3n para fortalecer  tanto sus marcas como las categor\u00edas donde est\u00e1 presente. <strong>Nocilla Cookies  significa la primera incursi\u00f3n de la crema en la categor\u00eda de galletas, unas  cookies rellenas de Nocilla y que se presentan en distintos sabores y formatos.<\/strong>  <\/p>\n<p>Adem\u00e1s,<strong> tambi\u00e9n ha presentado recientemente Nocilla Noir,  para los que buscan sabores m\u00e1s intensos<\/strong>. Como el resto de variedades de la  gama, Nocilla Noir no contiene aceite de palma y es apta para cel\u00edacos. La nueva  variedad tambi\u00e9n es apta para veganos, ya que no contiene ning\u00fan ingrediente de  origen animal (tampoco leche).<\/p>\n<p><strong>La marca ha puesto en marcha su campa\u00f1a \u201cMarchando tu  ColaCao\u201d, protagonizada por el actor Arturo Valls<\/strong>, y enfocada en apoyar al  sector hostelero a trav\u00e9s del formato de ColaCao sobres, para incentivar la  vuelta del p\u00fablico de manera ordinary a los bares y que se tomen el ColaCao a  su manera fuera de casa. Una experiencia que duplicate en Alimentaria, recreando  un bar en su stand.<\/p>\n<p><strong>Idilia Meals tambi\u00e9n explicar\u00e1n los objetivos de la  Fundaci\u00f3n ColaCao<\/strong>, la entidad social que recientemente ha creado la marca, para  hacer realidad su prop\u00f3sito: celebrar las singularidades de cada ni\u00f1o y luchar  contra el bullying, el mayor enemigo de la diversidad en la infancia.\u00a0 <\/p>\n<p><strong>Esta nueva entidad trabaja en tres v\u00edas: la divulgaci\u00f3n, la  educaci\u00f3n y la investigaci\u00f3n, intentando minimizar los datos de incidencia del  acoso escolar en Espa\u00f1a, que se estima que afecte a m\u00e1s de dos millones de  menores<\/strong>. La Fundaci\u00f3n ha firmado un acuerdo de colaboraci\u00f3n para el desarrollo  de sus proyectos con Nace (Asociaci\u00f3n No al Acoso Escolar), una de las  entidades m\u00e1s relevantes en la lucha contra el bullying en nuestro pa\u00eds. De  esta manera ColaCao sigue liderando iniciativas que fomentan el bienestar  emocional de los peque\u00f1os y la construcci\u00f3n de una sociedad m\u00e1s inclusiva y  diversa.<\/p>\n<\/p><\/div>\n\n<p><em> \u2018 The preceding article may include information circulated by third parties \u2019 <\/em><\/p>\n<p><em> \u2018 Some details of this article were extracted from the following source www.revistaaral.com \u2019 <\/em><\/p>\n","protected":false},"excerpt":{"rendered":"<p>Idilia Meals, compa\u00f1\u00eda acquainted de alimentaci\u00f3n espa\u00f1ola con marcas como ColaCao y Nocilla, mostrar\u00e1 sus \u00faltimas novedades en Alimentaria 2022, que tendr\u00e1 lugar en Barcelona del 4 al 7 de abril. El stand de Idilia Meals, situado en el Pabell\u00f3n 2, recrea una gran selva tropical, en homenaje al origen del cacao pure con el [&hellip;]<\/p>\n","protected":false},"author":2,"featured_media":295416,"comment_status":"open","ping_status":"closed","sticky":false,"template":"","format":"standard","meta":{"om_disable_all_campaigns":false,"jnews-multi-image_gallery":[],"jnews_single_post":[],"jnews_primary_category":[],"jnews_social_meta":[],"footnotes":""},"categories":[43],"tags":[],"class_list":["post-295415","post","type-post","status-publish","format-standard","has-post-thumbnail","hentry","category-gourmet"],"_links":{"self":[{"href":"https:\/\/dimensionturistica.com\/es\/wp-json\/wp\/v2\/posts\/295415","targetHints":{"allow":["GET"]}}],"collection":[{"href":"https:\/\/dimensionturistica.com\/es\/wp-json\/wp\/v2\/posts"}],"about":[{"href":"https:\/\/dimensionturistica.com\/es\/wp-json\/wp\/v2\/types\/post"}],"author":[{"embeddable":true,"href":"https:\/\/dimensionturistica.com\/es\/wp-json\/wp\/v2\/users\/2"}],"replies":[{"embeddable":true,"href":"https:\/\/dimensionturistica.com\/es\/wp-json\/wp\/v2\/comments?post=295415"}],"version-history":[{"count":0,"href":"https:\/\/dimensionturistica.com\/es\/wp-json\/wp\/v2\/posts\/295415\/revisions"}],"wp:featuredmedia":[{"embeddable":true,"href":"https:\/\/dimensionturistica.com\/es\/wp-json\/wp\/v2\/media\/295416"}],"wp:attachment":[{"href":"https:\/\/dimensionturistica.com\/es\/wp-json\/wp\/v2\/media?parent=295415"}],"wp:term":[{"taxonomy":"category","embeddable":true,"href":"https:\/\/dimensionturistica.com\/es\/wp-json\/wp\/v2\/categories?post=295415"},{"taxonomy":"post_tag","embeddable":true,"href":"https:\/\/dimensionturistica.com\/es\/wp-json\/wp\/v2\/tags?post=295415"}],"curies":[{"name":"wp","href":"https:\/\/api.w.org\/{rel}","templated":true}]}}