{"id":295004,"date":"2022-03-31T14:27:54","date_gmt":"2022-03-31T14:27:54","guid":{"rendered":"https:\/\/dimensionturistica.com\/es\/?p=295004"},"modified":"2022-03-31T14:27:55","modified_gmt":"2022-03-31T14:27:55","slug":"a-partir-del-11-de-abril-estara-disponible-el-genero-x-al-solicitar-el-pasaporte-estados-unidos","status":"publish","type":"post","link":"https:\/\/dimensionturistica.com\/es\/a-partir-del-11-de-abril-estara-disponible-el-genero-x-al-solicitar-el-pasaporte-estados-unidos\/","title":{"rendered":"A partir del 11 de abril estar\u00e1 disponible el g\u00e9nero &#8216;X&#8217; al solicitar el pasaporte | Estados Unidos"},"content":{"rendered":"<p> <br \/>\n<\/p>\n<div id=\"article-body\" itemprop=\"articleBody\">\n                                <meta itemprop=\"isAccessibleForFree\" content=\"true\"\/><\/p>\n<p><strong>WASHINGTON-<\/strong> El presidente Joe Biden conmemora el D\u00eda de la Visibilidad Transg\u00e9nero celebrando a destacados estadounidenses transg\u00e9nero y abogando contra lo que su administraci\u00f3n denomina &#8220;peligrosos ataques legislativos antitransg\u00e9nero&#8221; que se han aprobado en las c\u00e1maras estatales de todo el pa\u00eds.<\/p>\n<p>El jueves, Biden anunci\u00f3 nuevas medidas destinadas a hacer que el gobierno federal sea m\u00e1s inclusivo para las personas transg\u00e9nero, incluyendo <strong>un nuevo marcador de g\u00e9nero &#8220;X&#8221; en las solicitudes de pasaporte de Estados Unidos a partir del 11 de abril<\/strong> y nuevos esc\u00e1neres de la Administraci\u00f3n de Seguridad del Transporte que son neutrales en cuanto al g\u00e9nero.<\/p>\n<p>La administraci\u00f3n del presidente dem\u00f3crata est\u00e1 trabajando para <strong>ampliar la disponibilidad del marcador de g\u00e9nero &#8220;X&#8221; a las aerol\u00edneas y a los programas federales de viajes<\/strong>, y facilitar\u00e1 a las personas transg\u00e9nero el cambio de su informaci\u00f3n de g\u00e9nero en los registros de la Administraci\u00f3n de la Seguridad Social.<\/p>\n<p>Los visitantes de la Casa Blanca pronto podr\u00e1n tambi\u00e9n seleccionar la opci\u00f3n del marcador de g\u00e9nero &#8220;X&#8221; en el Sistema de Entrada de Trabajadores y Visitantes de la Casa Blanca, que se utiliza para realizar controles de antecedentes de los visitantes de la mansi\u00f3n ejecutiva.<\/p>\n<p>En los aeropuertos, habr\u00e1 cambios en los esc\u00e1neres de management, as\u00ed como el uso de una &#8220;X&#8221; para los viajeros que pasen por Precheck y no se identifiquen como hombres o mujeres. Los agentes de la TSA recibir\u00e1n nuevas instrucciones sobre los controles para que los procedimientos sean menos invasivos. La TSA trabajar\u00e1 con las compa\u00f1\u00edas a\u00e9reas para promover la aceptaci\u00f3n del marcador de g\u00e9nero &#8220;X&#8221;.<\/p>\n<p>&#8220;Los estadounidenses transexuales siguen enfrent\u00e1ndose a la discriminaci\u00f3n, el acoso y las barreras a las oportunidades&#8221;, escribi\u00f3 Biden en una proclamaci\u00f3n para celebrar el d\u00eda. &#8220;En el \u00faltimo a\u00f1o, se propusieron cientos de proyectos de ley antitransg\u00e9nero en los Estados, la mayor\u00eda de ellos dirigidos a los ni\u00f1os transg\u00e9nero. El ataque ha continuado este a\u00f1o. Estos proyectos de ley son un error&#8221;.<\/p>\n<p>Biden tambi\u00e9n ten\u00eda previsto publicar el jueves un mensaje en v\u00eddeo dirigido a los estadounidenses transg\u00e9nero.<\/p>\n<p>La campeona de &#8220;Jeopardy&#8221;, Amy Schneider, la primera ganadora abiertamente transg\u00e9nero del concurso, visitar\u00e1 el jueves la Casa Blanca para reunirse con el segundo caballero Doug Emhoff. Emhoff, junto con la almirante Rachel Levine, secretaria adjunta de Salud del Departamento de Salud y Servicios Humanos, tambi\u00e9n organizar\u00e1 una conversaci\u00f3n con ni\u00f1os transg\u00e9nero y sus padres en la Casa Blanca.<\/p>\n<p><a rel=\"nofollow noopener\" target=\"_blank\" title=\"Debate sobre la ley del \" href=\"https:\/\/www.elvocero.com\/tncms\/asset\/editorial\/98bc1c9e-af75-11ec-b87a-5705755f7195\/\">En Florida, el secretario de Educaci\u00f3n, Miguel Cardona, se reunir\u00e1 con estudiantes LGBTQ+ a ra\u00edz de la nueva ley del estado que proh\u00edbe la instrucci\u00f3n sobre orientaci\u00f3n sexual e identidad de g\u00e9nero desde el jard\u00edn de infancia hasta el tercer grado<\/a>. Los republicanos argumentan que los padres deben abordar estos temas con los ni\u00f1os. Los dem\u00f3cratas han dicho que la ley demoniza a las personas LGBTQ al excluirlas de las clases.<\/p>\n<p>&#8220;Su conversaci\u00f3n se centrar\u00e1 en los impactos de la llamada ley de Florida &#8216;Don&#8217;t Say Gay&#8217;, las experiencias de los estudiantes en la escuela y, en particular, el apoyo a la salud mental de los estudiantes LGBTQI + y el bienestar&#8221;, dijo la Casa Blanca.<\/p>\n<p>HHS, dijo la Casa Blanca, tambi\u00e9n ser\u00e1 la primera agencia para volar una bandera del orgullo trans.<\/p>\n<div id=\"tncms-region-article_bottom_content\" class=\"tncms-region hidden-print\">\n<div id=\"tncms-block-1281565\" class=\"tncms-block\">\n<div class=\"visible-xs visible-sm\">\n<p style=\"font-style:italic\">Recibe m\u00e1s informaci\u00f3n sobre esta y otras noticias. Pulsa aqu\u00ed si eres usuario de <a rel=\"nofollow noopener\" target=\"_blank\" href=\"https:\/\/play.google.com\/store\/apps\/details?id=hr.apps.n207032405&amp;hl=en&amp;gl=US\">Android<\/a> o de <a rel=\"nofollow noopener\" target=\"_blank\" href=\"https:\/\/apps.apple.com\/us\/app\/el-vocero-de-puerto-rico\/id569268626\">iPhone<\/a>.<\/p>\n<\/div>\n<\/div>\n<\/div><\/div>\n<p><script>\n!function(f,b,e,v,n,t,s)\n{if(f.fbq)return;n=f.fbq=function(){n.callMethod?\nn.callMethod.apply(n,arguments):n.queue.push(arguments)};\nif(!f._fbq)f._fbq=n;n.push=n;n.loaded=!0;n.version='2.0';\nn.queue=[];t=b.createElement(e);t.async=!0;\nt.src=v;s=b.getElementsByTagName(e)[0];\ns.parentNode.insertBefore(t,s)}(window, document,'script',\n'https:\/\/connect.facebook.net\/en_US\/fbevents.js');\nfbq('init', '1815340891988198');\nfbq('track', 'PageView');\n<\/script><br \/>\n<br \/><\/p>\n<p><em> &#8221; Fuentes www.elvocero.com &#8221; <\/em><\/p>\n","protected":false},"excerpt":{"rendered":"<p>WASHINGTON- El presidente Joe Biden conmemora el D\u00eda de la Visibilidad Transg\u00e9nero celebrando a destacados estadounidenses transg\u00e9nero y abogando contra lo que su administraci\u00f3n denomina &#8220;peligrosos ataques legislativos antitransg\u00e9nero&#8221; que se han aprobado en las c\u00e1maras estatales de todo el pa\u00eds. El jueves, Biden anunci\u00f3 nuevas medidas destinadas a hacer que el gobierno federal sea [&hellip;]<\/p>\n","protected":false},"author":4,"featured_media":295005,"comment_status":"open","ping_status":"closed","sticky":false,"template":"","format":"standard","meta":{"om_disable_all_campaigns":false,"jnews-multi-image_gallery":[],"jnews_single_post":[],"jnews_primary_category":[],"jnews_social_meta":[],"footnotes":""},"categories":[40],"tags":[1363],"class_list":["post-295004","post","type-post","status-publish","format-standard","has-post-thumbnail","hentry","category-industria","tag-estados-unidos"],"_links":{"self":[{"href":"https:\/\/dimensionturistica.com\/es\/wp-json\/wp\/v2\/posts\/295004","targetHints":{"allow":["GET"]}}],"collection":[{"href":"https:\/\/dimensionturistica.com\/es\/wp-json\/wp\/v2\/posts"}],"about":[{"href":"https:\/\/dimensionturistica.com\/es\/wp-json\/wp\/v2\/types\/post"}],"author":[{"embeddable":true,"href":"https:\/\/dimensionturistica.com\/es\/wp-json\/wp\/v2\/users\/4"}],"replies":[{"embeddable":true,"href":"https:\/\/dimensionturistica.com\/es\/wp-json\/wp\/v2\/comments?post=295004"}],"version-history":[{"count":0,"href":"https:\/\/dimensionturistica.com\/es\/wp-json\/wp\/v2\/posts\/295004\/revisions"}],"wp:featuredmedia":[{"embeddable":true,"href":"https:\/\/dimensionturistica.com\/es\/wp-json\/wp\/v2\/media\/295005"}],"wp:attachment":[{"href":"https:\/\/dimensionturistica.com\/es\/wp-json\/wp\/v2\/media?parent=295004"}],"wp:term":[{"taxonomy":"category","embeddable":true,"href":"https:\/\/dimensionturistica.com\/es\/wp-json\/wp\/v2\/categories?post=295004"},{"taxonomy":"post_tag","embeddable":true,"href":"https:\/\/dimensionturistica.com\/es\/wp-json\/wp\/v2\/tags?post=295004"}],"curies":[{"name":"wp","href":"https:\/\/api.w.org\/{rel}","templated":true}]}}