{"id":294770,"date":"2022-03-31T00:39:14","date_gmt":"2022-03-31T00:39:14","guid":{"rendered":"https:\/\/dimensionturistica.com\/es\/?p=294770"},"modified":"2022-03-31T00:39:14","modified_gmt":"2022-03-31T00:39:14","slug":"tecnotabla-pone-en-alto-a-la-industria-de-la-madera-mexicana-en-mem-industrial-2022","status":"publish","type":"post","link":"https:\/\/dimensionturistica.com\/es\/tecnotabla-pone-en-alto-a-la-industria-de-la-madera-mexicana-en-mem-industrial-2022\/","title":{"rendered":"Tecnotabla pone en alto a la industria de la madera mexicana en MEM Industrial 2022"},"content":{"rendered":"<p>contar\u00e1 por tercer a\u00f1o consecutivo con la participaci\u00f3n de Tecnotabla, la empresa mexicana fabricante de tableros especializados de buena madera, que reafirma su compromiso con la Industria de la madera y el interiorismo en M\u00e9xico.<br \/>\nTecnotabla contar\u00e1 con un \u00e1rea de exhibici\u00f3n de 36 m2, en donde presentar\u00e1 su \u201cColecci\u00f3n de Melaminas V3\u201d, producidas en su planta ubicada en Huimanguillo, Tabasco. Esta planta de <img decoding=\"async\" class=\"size-medium wp-image-294772 alignleft\" src=\"https:\/\/dimensionturistica.com\/es\/wp-content\/uploads\/2022\/03\/Tecnotabla-en-MEM-1-300x225.jpeg\" alt=\"\" width=\"300\" height=\"225\" srcset=\"https:\/\/dimensionturistica.com\/es\/wp-content\/uploads\/2022\/03\/Tecnotabla-en-MEM-1-300x225.jpeg 300w, https:\/\/dimensionturistica.com\/es\/wp-content\/uploads\/2022\/03\/Tecnotabla-en-MEM-1-1024x768.jpeg 1024w, https:\/\/dimensionturistica.com\/es\/wp-content\/uploads\/2022\/03\/Tecnotabla-en-MEM-1-768x576.jpeg 768w, https:\/\/dimensionturistica.com\/es\/wp-content\/uploads\/2022\/03\/Tecnotabla-en-MEM-1-750x563.jpeg 750w, https:\/\/dimensionturistica.com\/es\/wp-content\/uploads\/2022\/03\/Tecnotabla-en-MEM-1-1140x855.jpeg 1140w, https:\/\/dimensionturistica.com\/es\/wp-content\/uploads\/2022\/03\/Tecnotabla-en-MEM-1.jpeg 1280w\" sizes=\"(max-width: 300px) 100vw, 300px\" \/>tecnolog\u00eda alemana es 100% sustentable y produce su propia energ\u00eda, y se abastece de la madera proveniente de sus plantaciones de eucalipto certificado FSC\u00ae. Tambi\u00e9n, los visitantes podr\u00e1n conocer sus 3 lanzamientos estrella del 2021: Melamina Teca Proteak, Carrara Negro y Encino Noche.<br \/>\nProfesionales de la arquitectura, dise\u00f1o y fabricaci\u00f3n tendr\u00e1n a su alcance un espacio en el que podr\u00e1n conocer las soluciones de Tecnotabla pensadas especialmente para satisfacer las necesidades del dise\u00f1o de interiores y la fabricaci\u00f3n de mobiliario. Adicional, Tecnotabla estar\u00e1 presente en el circuito de conferencias que organiza MEM Industrial cada a\u00f1o. El Gerente de Especificaci\u00f3n Hezael G\u00f3mez y la Gerente de Mercadotecnia Adriana Guti\u00e9rrez; estar\u00e1n participando con la ponencia &#8220;La importancia del trabajo colaborativo entre la industria, la comunidad creativa y la marca comercial\u201d.<br \/>\n\u201cM\u00e9xico es uno de los pa\u00edses m\u00e1s relevantes para la industria de la transformaci\u00f3n de la madera a nivel mundial y un factor clave en el desarrollo de nuestro pa\u00eds. En 2022 nos encontramos saliendo de un a\u00f1o complicado debido al confinamiento y en Tecnotabla nos comprometimos a seguir colaborando para que la industria siga creciendo e innovando. Nuestra participaci\u00f3n en MEM Industrial tiene como objetivo brindar asesor\u00eda en especificaci\u00f3n a la medida de cada proyecto, as\u00ed como inspirar nuevos e innovadores usos y aplicaciones de nuestros tableros en el dise\u00f1o de<img decoding=\"async\" class=\"size-medium wp-image-294774 alignleft\" src=\"https:\/\/dimensionturistica.com\/es\/wp-content\/uploads\/2022\/03\/BANNERTECNO-169x300.jpg\" alt=\"\" width=\"169\" height=\"300\" srcset=\"https:\/\/dimensionturistica.com\/es\/wp-content\/uploads\/2022\/03\/BANNERTECNO-169x300.jpg 169w, https:\/\/dimensionturistica.com\/es\/wp-content\/uploads\/2022\/03\/BANNERTECNO.jpg 400w\" sizes=\"(max-width: 169px) 100vw, 169px\" \/> interiores\u201d, coment\u00f3 al respecto Adriana Guti\u00e9rrez, Gerente de Marketing de Tecnotabla.<br \/>\nMEM Industrial 2022, que es un escaparate para que tanto marcas mexicanas como internacionales hagan un despliegue de sus m\u00e1s recientes avances tecnol\u00f3gicos, encaminados a la transformaci\u00f3n de la madera y el dise\u00f1o de mobiliario, tendr\u00e1 tres ejes principales: la sustentabilidad en toda la cadena de valor de la industria; el rol del dise\u00f1o; y la importancia de la digitalizaci\u00f3n en la industria a trav\u00e9s de un robusto programa de conferencias. El evento, que se celebrar\u00e1 del 29 al 31 de marzo de 2022 en Centro Citibanamex en la Ciudad de M\u00e9xico, cuenta con la participaci\u00f3n de m\u00e1s de 5,000 compradores profesionales y m\u00e1s de 200 marcas l\u00edderes en 11,000 metros cuadrados de exposici\u00f3n.<\/p>\n","protected":false},"excerpt":{"rendered":"<p>contar\u00e1 por tercer a\u00f1o consecutivo con la participaci\u00f3n de Tecnotabla, la empresa mexicana fabricante de tableros especializados de buena madera, que reafirma su compromiso con la Industria de la madera y el interiorismo en M\u00e9xico. Tecnotabla contar\u00e1 con un \u00e1rea de exhibici\u00f3n de 36 m2, en donde presentar\u00e1 su \u201cColecci\u00f3n de Melaminas V3\u201d, producidas en [&hellip;]<\/p>\n","protected":false},"author":1,"featured_media":294771,"comment_status":"open","ping_status":"closed","sticky":false,"template":"","format":"standard","meta":{"om_disable_all_campaigns":false,"jnews-multi-image_gallery":[],"jnews_single_post":{"source_name":"","source_url":"","via_name":"","via_url":"","override_template":"0","override":[{"template":"1","single_blog_custom":"","parallax":"1","fullscreen":"1","layout":"right-sidebar","sidebar":"default-sidebar","second_sidebar":"default-sidebar","sticky_sidebar":"1","share_position":"top","share_float_style":"share-monocrhome","show_share_counter":"1","show_view_counter":"1","show_featured":"1","show_post_meta":"1","show_post_author":"1","show_post_author_image":"1","show_post_date":"1","post_date_format":"default","post_date_format_custom":"Y\/m\/d","show_post_category":"1","show_post_reading_time":"0","post_reading_time_wpm":"300","show_zoom_button":"0","zoom_button_out_step":"2","zoom_button_in_step":"3","show_post_tag":"1","show_prev_next_post":"1","show_popup_post":"1","number_popup_post":"1","show_author_box":"0","show_post_related":"0","show_inline_post_related":"0"}],"override_image_size":"0","image_override":[{"single_post_thumbnail_size":"crop-500","single_post_gallery_size":"crop-500"}],"trending_post":"0","trending_post_position":"meta","trending_post_label":"Trending","sponsored_post":"0","sponsored_post_label":"Sponsored by","sponsored_post_name":"","sponsored_post_url":"","sponsored_post_logo_enable":"0","sponsored_post_logo":"","sponsored_post_desc":"","disable_ad":"0"},"jnews_primary_category":{"id":""},"jnews_social_meta":{"fb_title":"","fb_description":"","fb_image":"","twitter_title":"","twitter_description":"","twitter_image":""},"footnotes":""},"categories":[40],"tags":[],"class_list":["post-294770","post","type-post","status-publish","format-standard","has-post-thumbnail","hentry","category-industria"],"_links":{"self":[{"href":"https:\/\/dimensionturistica.com\/es\/wp-json\/wp\/v2\/posts\/294770","targetHints":{"allow":["GET"]}}],"collection":[{"href":"https:\/\/dimensionturistica.com\/es\/wp-json\/wp\/v2\/posts"}],"about":[{"href":"https:\/\/dimensionturistica.com\/es\/wp-json\/wp\/v2\/types\/post"}],"author":[{"embeddable":true,"href":"https:\/\/dimensionturistica.com\/es\/wp-json\/wp\/v2\/users\/1"}],"replies":[{"embeddable":true,"href":"https:\/\/dimensionturistica.com\/es\/wp-json\/wp\/v2\/comments?post=294770"}],"version-history":[{"count":0,"href":"https:\/\/dimensionturistica.com\/es\/wp-json\/wp\/v2\/posts\/294770\/revisions"}],"wp:featuredmedia":[{"embeddable":true,"href":"https:\/\/dimensionturistica.com\/es\/wp-json\/wp\/v2\/media\/294771"}],"wp:attachment":[{"href":"https:\/\/dimensionturistica.com\/es\/wp-json\/wp\/v2\/media?parent=294770"}],"wp:term":[{"taxonomy":"category","embeddable":true,"href":"https:\/\/dimensionturistica.com\/es\/wp-json\/wp\/v2\/categories?post=294770"},{"taxonomy":"post_tag","embeddable":true,"href":"https:\/\/dimensionturistica.com\/es\/wp-json\/wp\/v2\/tags?post=294770"}],"curies":[{"name":"wp","href":"https:\/\/api.w.org\/{rel}","templated":true}]}}