{"id":294471,"date":"2022-03-30T14:46:07","date_gmt":"2022-03-30T14:46:07","guid":{"rendered":"https:\/\/dimensionturistica.com\/es\/?p=294471"},"modified":"2022-03-30T14:46:07","modified_gmt":"2022-03-30T14:46:07","slug":"air-canada-y-aeromar-firman-asociacion-interlineal","status":"publish","type":"post","link":"https:\/\/dimensionturistica.com\/es\/air-canada-y-aeromar-firman-asociacion-interlineal\/","title":{"rendered":"Air Canada y Aeromar firman Asociaci\u00f3n Interlineal"},"content":{"rendered":"<p>Air Canada y Aeromar han anunciado la firma de una asociaci\u00f3n interlineal que ofrece la conectividad m\u00e1s eficiente entre destinos en M\u00e9xico y la red global de Air Canada, a trav\u00e9s de la Ciudad de M\u00e9xico, Puerto Vallarta y Canc\u00fan.<br \/>\nLos clientes ahora pueden realizar reservaciones en vuelos de ambas aerol\u00edneas bajo un mismo itinerario y boleto, y gozar de los beneficios de un servicio sincronizado a lo largo de todo su<img decoding=\"async\" class=\"size-medium wp-image-294473 alignright\" src=\"https:\/\/dimensionturistica.com\/es\/wp-content\/uploads\/2022\/03\/unnamed-27-300x165.jpg\" alt=\"\" width=\"300\" height=\"165\" srcset=\"https:\/\/dimensionturistica.com\/es\/wp-content\/uploads\/2022\/03\/unnamed-27-300x165.jpg 300w, https:\/\/dimensionturistica.com\/es\/wp-content\/uploads\/2022\/03\/unnamed-27.jpg 670w\" sizes=\"(max-width: 300px) 100vw, 300px\" \/> trayecto en los procesos de documentaci\u00f3n, abordaje y transporte de equipaje. Los boletos pueden ser adquiridos en la p\u00e1gina web de Air Canada (www.aircanada.com) y a trav\u00e9s de las agencias de viajes.<br \/>\nAir Canada vuela a 7 destinos en M\u00e9xico (Ciudad de M\u00e9xico-MEX, Canc\u00fan-CUN, Puerto Vallarta-PVR, Los Cabos-SJD, Cozumel-CZM, Ixtapa\/Zihuatanejo-ZIH, Huatulco-HUX) desde Toronto, Montreal, Vancouver, Calgary, Ottawa, Halifax, Quebec y Winnipeg, con conexiones a trav\u00e9s de su red global a m\u00e1s de 185 destinos alrededor del mundo. La oferta de vuelos de Air Canada hacia M\u00e9xico para el pr\u00f3ximo verano superar\u00e1 la que exist\u00eda antes de la pandemia, alcanzando m\u00e1s de 100 vuelos semanales para la temporada de invierno.<br \/>\nLos destinos en conexi\u00f3n con Aeromar incluyen Acapulco (ACA), Aguascalientes (AGU), Colima (CLQ), Ciudad Victoria (CVM), Flores\/Tikal (FRS), Guadalajara (GDL), La Habana(HAV), Ixtapa\/Zihuatanejo (ZIH), Ixtepec (IZT), Piedras Negras (PDS), Puerto Escondido (PXM), Tepic (TPQ) y Villahermosa (VSA).<br \/>\nAmbas aerol\u00edneas tambi\u00e9n se han comprometido a explorar una cooperaci\u00f3n m\u00e1s profunda mediante una posible relaci\u00f3n de c\u00f3digo compartido. Actualmente se encuentran preparando la<img decoding=\"async\" class=\"size-medium wp-image-294472 alignright\" src=\"https:\/\/dimensionturistica.com\/es\/wp-content\/uploads\/2022\/03\/unnamed-1-11-300x200.jpg\" alt=\"\" width=\"300\" height=\"200\" srcset=\"https:\/\/dimensionturistica.com\/es\/wp-content\/uploads\/2022\/03\/unnamed-1-11-300x200.jpg 300w, https:\/\/dimensionturistica.com\/es\/wp-content\/uploads\/2022\/03\/unnamed-1-11.jpg 544w\" sizes=\"(max-width: 300px) 100vw, 300px\" \/> implementaci\u00f3n de la participaci\u00f3n de Aeromar en el programa de viajero frecuente Aeroplan (FFP) de Air Canada. Esta colaboraci\u00f3n que se espera est\u00e9 en funcionamiento antes del verano de 2022, distinguir\u00e1 a Aeromar como la primera aerol\u00ednea asociada de Aeroplan con sede en M\u00e9xico, ofreciendo a sus miembros a\u00fan m\u00e1s opciones para acumular y canjear puntos Aeroplan en todos los vuelos operados por Aeromar.<br \/>\n&#8220;M\u00e9xico es un mercado extremadamente popular para los viajeros canadienses de turismo, as\u00ed como un importante mercado de negocios debido a la relaci\u00f3n comercial de nuestros pa\u00edses. Estamos muy contentos de asociarnos con Aeromar porque nos permite ofrecer a nuestros clientes un c\u00f3modo acceso a una gama m\u00e1s amplia de destinos en todo M\u00e9xico. Adem\u00e1s, \u00e9ste acuerdo har\u00e1 avanzar nuestra estrategia de fortalecer nuestros principales centros de distribuci\u00f3n canadienses con tr\u00e1fico de conexi\u00f3n. Esperamos profundizar nuestra asociaci\u00f3n con Aeromar en beneficio de los clientes de ambas aerol\u00edneas&#8221;, dijo Mark Galardo, Vicepresidente Senior de Planeaci\u00f3n de Red y Revenue Management de Air Canada.<br \/>\n&#8220;En Aeromar continuamos agregando valor a nuestros clientes al expandir nuestra cartera de acuerdos interlineales con aerol\u00edneas de clase mundial. Para nosotros es un honor asociarnos con Air Canada, aerol\u00ednea fundadora de Star Alliance y altamente reconocida por su galardonado servicio, flota joven, innovaci\u00f3n comercial y extensa red global de rutas, para contribuir al incremento de la conectividad internacional en las regiones de M\u00e9xico. Canad\u00e1 y M\u00e9xico comparten lazos comerciales y tur\u00edsticos muy intensos, siendo el transporte a\u00e9reo un motor clave para su sostenido crecimiento. Confiamos que este acuerdo se desarrolle r\u00e1pidamente y agradecemos a Air Canada su confianza y compromiso con Aeromar&#8221;, agreg\u00f3 Fabricio Cojuc, Director de Estrategia de Red y Alianzas en Aeromar.<\/p>\n","protected":false},"excerpt":{"rendered":"<p>Air Canada y Aeromar han anunciado la firma de una asociaci\u00f3n interlineal que ofrece la conectividad m\u00e1s eficiente entre destinos en M\u00e9xico y la red global de Air Canada, a trav\u00e9s de la Ciudad de M\u00e9xico, Puerto Vallarta y Canc\u00fan. Los clientes ahora pueden realizar reservaciones en vuelos de ambas aerol\u00edneas bajo un mismo itinerario [&hellip;]<\/p>\n","protected":false},"author":1,"featured_media":294474,"comment_status":"open","ping_status":"closed","sticky":false,"template":"","format":"standard","meta":{"om_disable_all_campaigns":false,"jnews-multi-image_gallery":[],"jnews_single_post":{"source_name":"","source_url":"","via_name":"","via_url":"","override_template":"0","override":[{"template":"1","single_blog_custom":"","parallax":"1","fullscreen":"1","layout":"right-sidebar","sidebar":"default-sidebar","second_sidebar":"default-sidebar","sticky_sidebar":"1","share_position":"top","share_float_style":"share-monocrhome","show_share_counter":"1","show_view_counter":"1","show_featured":"1","show_post_meta":"1","show_post_author":"1","show_post_author_image":"1","show_post_date":"1","post_date_format":"default","post_date_format_custom":"Y\/m\/d","show_post_category":"1","show_post_reading_time":"0","post_reading_time_wpm":"300","show_zoom_button":"0","zoom_button_out_step":"2","zoom_button_in_step":"3","show_post_tag":"1","show_prev_next_post":"1","show_popup_post":"1","number_popup_post":"1","show_author_box":"0","show_post_related":"0","show_inline_post_related":"0"}],"override_image_size":"0","image_override":[{"single_post_thumbnail_size":"crop-500","single_post_gallery_size":"crop-500"}],"trending_post":"0","trending_post_position":"meta","trending_post_label":"Trending","sponsored_post":"0","sponsored_post_label":"Sponsored by","sponsored_post_name":"","sponsored_post_url":"","sponsored_post_logo_enable":"0","sponsored_post_logo":"","sponsored_post_desc":"","disable_ad":"0"},"jnews_primary_category":{"id":""},"jnews_social_meta":{"fb_title":"","fb_description":"","fb_image":"","twitter_title":"","twitter_description":"","twitter_image":""},"footnotes":""},"categories":[39],"tags":[],"class_list":["post-294471","post","type-post","status-publish","format-standard","has-post-thumbnail","hentry","category-viajes"],"_links":{"self":[{"href":"https:\/\/dimensionturistica.com\/es\/wp-json\/wp\/v2\/posts\/294471","targetHints":{"allow":["GET"]}}],"collection":[{"href":"https:\/\/dimensionturistica.com\/es\/wp-json\/wp\/v2\/posts"}],"about":[{"href":"https:\/\/dimensionturistica.com\/es\/wp-json\/wp\/v2\/types\/post"}],"author":[{"embeddable":true,"href":"https:\/\/dimensionturistica.com\/es\/wp-json\/wp\/v2\/users\/1"}],"replies":[{"embeddable":true,"href":"https:\/\/dimensionturistica.com\/es\/wp-json\/wp\/v2\/comments?post=294471"}],"version-history":[{"count":0,"href":"https:\/\/dimensionturistica.com\/es\/wp-json\/wp\/v2\/posts\/294471\/revisions"}],"wp:featuredmedia":[{"embeddable":true,"href":"https:\/\/dimensionturistica.com\/es\/wp-json\/wp\/v2\/media\/294474"}],"wp:attachment":[{"href":"https:\/\/dimensionturistica.com\/es\/wp-json\/wp\/v2\/media?parent=294471"}],"wp:term":[{"taxonomy":"category","embeddable":true,"href":"https:\/\/dimensionturistica.com\/es\/wp-json\/wp\/v2\/categories?post=294471"},{"taxonomy":"post_tag","embeddable":true,"href":"https:\/\/dimensionturistica.com\/es\/wp-json\/wp\/v2\/tags?post=294471"}],"curies":[{"name":"wp","href":"https:\/\/api.w.org\/{rel}","templated":true}]}}