{"id":294448,"date":"2022-03-30T14:29:03","date_gmt":"2022-03-30T14:29:03","guid":{"rendered":"https:\/\/dimensionturistica.com\/es\/?p=294448"},"modified":"2022-03-30T14:29:03","modified_gmt":"2022-03-30T14:29:03","slug":"el-congreso-capitalino-otorga-la-medalla-al-merito-hermila-galindo-2021-a-aketzalli-gonzalez-santiago","status":"publish","type":"post","link":"https:\/\/dimensionturistica.com\/es\/el-congreso-capitalino-otorga-la-medalla-al-merito-hermila-galindo-2021-a-aketzalli-gonzalez-santiago\/","title":{"rendered":"El Congreso Capitalino Otorga La Medalla al Merito &#8220;Hermila Galindo 2021&#8221;, a Aketzalli Gonz\u00e1lez Santiago"},"content":{"rendered":"<p>La Comisi\u00f3n de Igualdad de G\u00e9nero del Congreso de la Ciudad de M\u00e9xico otorg\u00f3 la Medalla al M\u00e9rito \u201cHermila Galindo 2021\u201d a Aketzalli Gonz\u00e1lez Santiago, por realizar investigaciones cient\u00edficas en favor de las mujeres o por investigar alg\u00fan producto, medicamento o elemento que les beneficie; a Ant\u00edgona Segura Peralta, por fomentar el acceso de las mujeres a la planta laboral en igualdad de condiciones, fomentando la educaci\u00f3n entre mujeres mediante publicaciones enfocadas en temas de inter\u00e9s o educando a otras mujeres; a Mayra Hern\u00e1ndez<br \/>\nFigueroa, por su trabajo en favor de las mujeres; a Marion Renate Reimers Tusche, por el impulso a<img decoding=\"async\" class=\"size-medium wp-image-294459 alignright\" src=\"https:\/\/dimensionturistica.com\/es\/wp-content\/uploads\/2022\/03\/FOTO-1-Entrega-de-Medalla-Hermila-Galindo-2021-300x153.jpg\" alt=\"\" width=\"300\" height=\"153\" srcset=\"https:\/\/dimensionturistica.com\/es\/wp-content\/uploads\/2022\/03\/FOTO-1-Entrega-de-Medalla-Hermila-Galindo-2021-300x153.jpg 300w, https:\/\/dimensionturistica.com\/es\/wp-content\/uploads\/2022\/03\/FOTO-1-Entrega-de-Medalla-Hermila-Galindo-2021-1024x522.jpg 1024w, https:\/\/dimensionturistica.com\/es\/wp-content\/uploads\/2022\/03\/FOTO-1-Entrega-de-Medalla-Hermila-Galindo-2021-768x392.jpg 768w, https:\/\/dimensionturistica.com\/es\/wp-content\/uploads\/2022\/03\/FOTO-1-Entrega-de-Medalla-Hermila-Galindo-2021-750x383.jpg 750w, https:\/\/dimensionturistica.com\/es\/wp-content\/uploads\/2022\/03\/FOTO-1-Entrega-de-Medalla-Hermila-Galindo-2021-1140x582.jpg 1140w, https:\/\/dimensionturistica.com\/es\/wp-content\/uploads\/2022\/03\/FOTO-1-Entrega-de-Medalla-Hermila-Galindo-2021.jpg 1280w\" sizes=\"(max-width: 300px) 100vw, 300px\" \/> la cultura y la pr\u00e1ctica del deporte en el sector femenino; y a Marta Acevedo, por su activismo en defensa de los derechos humanos de otras mujeres.<br \/>\nEn sesi\u00f3n solemne del legislativo se hizo entrega de la medalla a estas valiosas mujeres y un reconocimiento p\u00f3stumo a la feminista de izquierda, Rosa Mar\u00eda Cabrera Lotfe (quien lamentablemente falleci\u00f3 el pasado 30 de enero del presente a\u00f1o), feminista y fundadora del PRD, por su trayectoria en favor de los derechos de las mujeres. Tambi\u00e9n se reconoci\u00f3 con esta presea a la organizaci\u00f3n J\u00f3venes por una Salud Integral, por fomentar la educaci\u00f3n entre mujeres mediante publicaciones enfocadas en temas de inter\u00e9s o educando a otras mujeres.<br \/>\nTras recibir la presea, la investigadora en el Instituto de Ciencias Nucleares de la Universidad Nacional Aut\u00f3noma de M\u00e9xico (UNAM) y colaboradora del Instituto de Astrobiolog\u00eda de la NASA, Ant\u00edgona Segura, se\u00f1al\u00f3 que escenarios como el de la UNAM donde apenas, y luego de a\u00f1os de marchas y paros por parte de la comunidad estudiantil, lograron modificar sus estatutos e iniciar el establecimiento de pol\u00edticas en contra de la violencia de g\u00e9nero, se repiten constantemente en otras instituciones educativas que reciben fondos gubernamentales, por lo que consider\u00f3 que, \u201cen ellas, los poderes legislativos, tanto estatales como federales, deben asegurar que existan estatutos y reglamentos en los que los actos de discriminaci\u00f3n y violencia de g\u00e9nero sean sancionados y <img decoding=\"async\" class=\"size-medium wp-image-294460 alignleft\" src=\"https:\/\/dimensionturistica.com\/es\/wp-content\/uploads\/2022\/03\/FOTO-3-Entrega-de-Medalla-Hermiala-Galindo-2021-300x200.jpeg\" alt=\"\" width=\"300\" height=\"200\" srcset=\"https:\/\/dimensionturistica.com\/es\/wp-content\/uploads\/2022\/03\/FOTO-3-Entrega-de-Medalla-Hermiala-Galindo-2021-300x200.jpeg 300w, https:\/\/dimensionturistica.com\/es\/wp-content\/uploads\/2022\/03\/FOTO-3-Entrega-de-Medalla-Hermiala-Galindo-2021-1024x683.jpeg 1024w, https:\/\/dimensionturistica.com\/es\/wp-content\/uploads\/2022\/03\/FOTO-3-Entrega-de-Medalla-Hermiala-Galindo-2021-768x512.jpeg 768w, https:\/\/dimensionturistica.com\/es\/wp-content\/uploads\/2022\/03\/FOTO-3-Entrega-de-Medalla-Hermiala-Galindo-2021-750x500.jpeg 750w, https:\/\/dimensionturistica.com\/es\/wp-content\/uploads\/2022\/03\/FOTO-3-Entrega-de-Medalla-Hermiala-Galindo-2021-1140x761.jpeg 1140w, https:\/\/dimensionturistica.com\/es\/wp-content\/uploads\/2022\/03\/FOTO-3-Entrega-de-Medalla-Hermiala-Galindo-2021.jpeg 1280w\" sizes=\"(max-width: 300px) 100vw, 300px\" \/>existan protocolos y pol\u00edticas de protecci\u00f3n para estos sectores de la poblaci\u00f3n hist\u00f3ricamente vulnerados. La comunidad acad\u00e9mica debe aprender sobre sus propios sesgos y entender que no podemos seguir haciendo ciencia en una sociedad que crea condiciones adversas para muchas personas\u201d.<br \/>\nA su vez, la bi\u00f3loga de la Facultad de Ciencias de la UNAM, Aketzalli Gonz\u00e1lez Santiago, agradeci\u00f3 a todos aquellos acad\u00e9micos y docentes que han respaldado proyectos e investigaciones fuera de la academia, \u201cpreocupados por esas ni\u00f1as y mujeres que en lo primero que piensan es en sobrevivir a este sistema que las est\u00e1 matando de hambre y las est\u00e1 matando f\u00edsicamente; por ello, agreg\u00f3, es muy importante el cuestionar a la ciencia y se\u00f1alar lo que estamos ense\u00f1ando en las aulas, que es donde debemos empezar a cuestionar a la ciencia patriarcal\u201d, y enfatiz\u00f3: \u201cel feminismo ser\u00e1 interseccional, antiracista, trans-incluyente, con conciencia de clase, ecofeminista o no ser\u00e1 feminismo\u201d.<br \/>\nEl reconocimiento a Rosa Mar\u00eda Cabrera lo recibi\u00f3 la secretaria de Igualdad de G\u00e9nero del PRD nacional, Karen Quiroga, quien agradeci\u00f3 a la Comisi\u00f3n de Igualdad de G\u00e9nero del Congreso de la CDMX, el haber podido considerar, de manera p\u00f3stuma, el trabajo de Cabrera, quien record\u00f3, \u201cfue fundamental en el movimiento feminista de este pa\u00eds\u201d. Y continu\u00f3, \u201cHay que decir que el movimiento feminista siempre ha dado la cr\u00edtica incluso al interior de los partidos en los que se acuerpa, con una voz que se escucha en lo m\u00e1s profundo de nuestro ser. Es importante que se vea que las mujeres seguimos trabajando desde cualquier trinchera y desde cualquier lugar, no s\u00f3lo las que han sido reconocidas hoy, sino<br \/>\nlas que contin\u00faan luchado en las calles d\u00eda tras d\u00eda\u201d.<br \/>\nFinalmente, la Presidenta de la Comisi\u00f3n de Igualdad de G\u00e9nero del Congreso capitalino, Ana Francis L\u00f3pez Bayghen Pati\u00f1o, agradeci\u00f3 el trabajo y dedicaci\u00f3n de todas y cada una de las galardonadas con la Medalla al M\u00e9rito \u201cHermila Galindo 2021\u201d desde sus distintas trincheras, reconociendo la inmensa aportaci\u00f3n que cada una de ellas ha abonado al trabajo que les toca realizar como diputadas: \u201cson aportes invaluables para la labor legislativa\u201d, apunt\u00f3, al<br \/>\nreiterar el compromiso de la Comisi\u00f3n que preside, sin importar el color del partido pol\u00edtico del que provienen cada una de sus integrantes.<\/p>\n","protected":false},"excerpt":{"rendered":"<p>La Comisi\u00f3n de Igualdad de G\u00e9nero del Congreso de la Ciudad de M\u00e9xico otorg\u00f3 la Medalla al M\u00e9rito \u201cHermila Galindo 2021\u201d a Aketzalli Gonz\u00e1lez Santiago, por realizar investigaciones cient\u00edficas en favor de las mujeres o por investigar alg\u00fan producto, medicamento o elemento que les beneficie; a Ant\u00edgona Segura Peralta, por fomentar el acceso de las [&hellip;]<\/p>\n","protected":false},"author":1,"featured_media":294461,"comment_status":"open","ping_status":"closed","sticky":false,"template":"","format":"standard","meta":{"om_disable_all_campaigns":false,"jnews-multi-image_gallery":[],"jnews_single_post":{"source_name":"","source_url":"","via_name":"","via_url":"","override_template":"0","override":[{"template":"1","single_blog_custom":"","parallax":"1","fullscreen":"1","layout":"right-sidebar","sidebar":"default-sidebar","second_sidebar":"default-sidebar","sticky_sidebar":"1","share_position":"top","share_float_style":"share-monocrhome","show_share_counter":"1","show_view_counter":"1","show_featured":"1","show_post_meta":"1","show_post_author":"1","show_post_author_image":"1","show_post_date":"1","post_date_format":"default","post_date_format_custom":"Y\/m\/d","show_post_category":"1","show_post_reading_time":"0","post_reading_time_wpm":"300","show_zoom_button":"0","zoom_button_out_step":"2","zoom_button_in_step":"3","show_post_tag":"1","show_prev_next_post":"1","show_popup_post":"1","number_popup_post":"1","show_author_box":"0","show_post_related":"0","show_inline_post_related":"0"}],"override_image_size":"0","image_override":[{"single_post_thumbnail_size":"crop-500","single_post_gallery_size":"crop-500"}],"trending_post":"0","trending_post_position":"meta","trending_post_label":"Trending","sponsored_post":"0","sponsored_post_label":"Sponsored by","sponsored_post_name":"","sponsored_post_url":"","sponsored_post_logo_enable":"0","sponsored_post_logo":"","sponsored_post_desc":"","disable_ad":"0"},"jnews_primary_category":{"id":""},"jnews_social_meta":{"fb_title":"","fb_description":"","fb_image":"","twitter_title":"","twitter_description":"","twitter_image":""},"footnotes":""},"categories":[40],"tags":[],"class_list":["post-294448","post","type-post","status-publish","format-standard","has-post-thumbnail","hentry","category-industria"],"_links":{"self":[{"href":"https:\/\/dimensionturistica.com\/es\/wp-json\/wp\/v2\/posts\/294448","targetHints":{"allow":["GET"]}}],"collection":[{"href":"https:\/\/dimensionturistica.com\/es\/wp-json\/wp\/v2\/posts"}],"about":[{"href":"https:\/\/dimensionturistica.com\/es\/wp-json\/wp\/v2\/types\/post"}],"author":[{"embeddable":true,"href":"https:\/\/dimensionturistica.com\/es\/wp-json\/wp\/v2\/users\/1"}],"replies":[{"embeddable":true,"href":"https:\/\/dimensionturistica.com\/es\/wp-json\/wp\/v2\/comments?post=294448"}],"version-history":[{"count":0,"href":"https:\/\/dimensionturistica.com\/es\/wp-json\/wp\/v2\/posts\/294448\/revisions"}],"wp:featuredmedia":[{"embeddable":true,"href":"https:\/\/dimensionturistica.com\/es\/wp-json\/wp\/v2\/media\/294461"}],"wp:attachment":[{"href":"https:\/\/dimensionturistica.com\/es\/wp-json\/wp\/v2\/media?parent=294448"}],"wp:term":[{"taxonomy":"category","embeddable":true,"href":"https:\/\/dimensionturistica.com\/es\/wp-json\/wp\/v2\/categories?post=294448"},{"taxonomy":"post_tag","embeddable":true,"href":"https:\/\/dimensionturistica.com\/es\/wp-json\/wp\/v2\/tags?post=294448"}],"curies":[{"name":"wp","href":"https:\/\/api.w.org\/{rel}","templated":true}]}}