{"id":293918,"date":"2022-03-29T15:29:48","date_gmt":"2022-03-29T15:29:48","guid":{"rendered":"https:\/\/dimensionturistica.com\/es\/?p=293918"},"modified":"2022-03-29T15:29:48","modified_gmt":"2022-03-29T15:29:48","slug":"mexico-es-el-pais-lider-en-la-preferencia-de-los-viajeros-de-eua-seguido-de-republica-dominicana-aruba-y-jamaica-entre-otros","status":"publish","type":"post","link":"https:\/\/dimensionturistica.com\/es\/mexico-es-el-pais-lider-en-la-preferencia-de-los-viajeros-de-eua-seguido-de-republica-dominicana-aruba-y-jamaica-entre-otros\/","title":{"rendered":"M\u00e9xico es el pa\u00eds l\u00edder en la preferencia de los viajeros de EUA, seguido de Rep\u00fablica Dominicana, Aruba y Jamaica, entre otros."},"content":{"rendered":"<p><img decoding=\"async\" class=\"size-medium wp-image-293919 alignleft\" src=\"https:\/\/dimensionturistica.com\/es\/wp-content\/uploads\/2022\/03\/Cancun-200x300.jpg\" alt=\"\" width=\"200\" height=\"300\" srcset=\"https:\/\/dimensionturistica.com\/es\/wp-content\/uploads\/2022\/03\/Cancun-200x300.jpg 200w, https:\/\/dimensionturistica.com\/es\/wp-content\/uploads\/2022\/03\/Cancun-682x1024.jpg 682w, https:\/\/dimensionturistica.com\/es\/wp-content\/uploads\/2022\/03\/Cancun-768x1153.jpg 768w, https:\/\/dimensionturistica.com\/es\/wp-content\/uploads\/2022\/03\/Cancun-750x1126.jpg 750w, https:\/\/dimensionturistica.com\/es\/wp-content\/uploads\/2022\/03\/Cancun.jpg 850w\" sizes=\"(max-width: 200px) 100vw, 200px\" \/>Las playas mexicanas de Canc\u00fan, Los Cabos y Puerto Vallarta se posicionaron como los tres destinos internacionales favoritos de los turistas estadounidenses para las vacaciones de primavera en este 2022 \u2013 spring break -, de acuerdo con un estudio realizado por Allianz Travel, l\u00edder mundial en servicios de asistencia de viajes.<br \/>\nEl reporte anual de Allianz Travel, Top 10 Destinos de Vacaciones de Primavera, se realiz\u00f3 a trav\u00e9s del an\u00e1lisis de m\u00e1s de 4.1 millones de itinerarios de vuelo planificados entre el 18 de febrero y el\u00a018 de abril, con una duraci\u00f3n de cinco a ocho d\u00edas, de viajeros estadounidenses. En t\u00e9rminos generales, el estudio indic\u00f3 un aumento del 134% en el n\u00famero de reservas de viaje para esta temporada alta, al interior y exterior de EUA, en comparaci\u00f3n con 2021.<br \/>\nSi bien el 81% de los turistas norteamericanos optaron por viajes al interior de EUA este a\u00f1o, dentro del 19% restante, M\u00e9xico destaca como el \u00fanico pa\u00eds con tres sitios listados en el top 10. Le siguen destinos como Rep\u00fablica Dominicana, Aruba, Jamaica, Las Bahamas, Las Islas Turcas y<img decoding=\"async\" class=\"size-medium wp-image-293921 alignright\" src=\"https:\/\/dimensionturistica.com\/es\/wp-content\/uploads\/2022\/03\/Los-Cabos-300x217.jpg\" alt=\"\" width=\"300\" height=\"217\" srcset=\"https:\/\/dimensionturistica.com\/es\/wp-content\/uploads\/2022\/03\/Los-Cabos-300x217.jpg 300w, https:\/\/dimensionturistica.com\/es\/wp-content\/uploads\/2022\/03\/Los-Cabos-768x555.jpg 768w, https:\/\/dimensionturistica.com\/es\/wp-content\/uploads\/2022\/03\/Los-Cabos-120x86.jpg 120w, https:\/\/dimensionturistica.com\/es\/wp-content\/uploads\/2022\/03\/Los-Cabos-750x542.jpg 750w, https:\/\/dimensionturistica.com\/es\/wp-content\/uploads\/2022\/03\/Los-Cabos.jpg 850w\" sizes=\"(max-width: 300px) 100vw, 300px\" \/> Caicos, Costa Rica e Inglaterra. De esta manera, M\u00e9xico se coloca, por segundo a\u00f1o consecutivo, como l\u00edder en cuanto a las preferencias del turismo de EUA.<br \/>\nDichos viajes internacionales, se caracterizan por estad\u00edas con una duraci\u00f3n de hasta ocho d\u00edas y una demanda al alza a medida que las aerol\u00edneas restablecen rutas internacionales y los viajeros buscan experiencias \u00fanicas despu\u00e9s de hasta dos a\u00f1os de vacaciones virtuales.<br \/>\n\u201cDentro de este escenario de recuperaci\u00f3n tur\u00edstica, hacemos un llamado para que los turistas viajen con esquemas de protecci\u00f3n que les brinden un respaldo y acompa\u00f1amiento durante todas sus vacaciones ante cualquier imprevisto. Hoy, por ejemplo, nuestros servicios de asistencias de viaje m\u00e1s recurridos van desde p\u00e9rdidas de equipaje, pasando por cancelaciones de vuelo y hasta necesidades m\u00e9dicas por accidentes, enfermedades o pandemia\u201d, destac\u00f3 Joana del Toro, Gerente de Allianz Travel.<\/p>\n<p>&nbsp;<\/p>\n","protected":false},"excerpt":{"rendered":"<p>Las playas mexicanas de Canc\u00fan, Los Cabos y Puerto Vallarta se posicionaron como los tres destinos internacionales favoritos de los turistas estadounidenses para las vacaciones de primavera en este 2022 \u2013 spring break -, de acuerdo con un estudio realizado por Allianz Travel, l\u00edder mundial en servicios de asistencia de viajes. El reporte anual de [&hellip;]<\/p>\n","protected":false},"author":1,"featured_media":293920,"comment_status":"open","ping_status":"closed","sticky":false,"template":"","format":"standard","meta":{"om_disable_all_campaigns":false,"jnews-multi-image_gallery":[],"jnews_single_post":{"source_name":"","source_url":"","via_name":"","via_url":"","override_template":"0","override":[{"template":"1","single_blog_custom":"","parallax":"1","fullscreen":"1","layout":"right-sidebar","sidebar":"default-sidebar","second_sidebar":"default-sidebar","sticky_sidebar":"1","share_position":"top","share_float_style":"share-monocrhome","show_share_counter":"1","show_view_counter":"1","show_featured":"1","show_post_meta":"1","show_post_author":"1","show_post_author_image":"1","show_post_date":"1","post_date_format":"default","post_date_format_custom":"Y\/m\/d","show_post_category":"1","show_post_reading_time":"0","post_reading_time_wpm":"300","show_zoom_button":"0","zoom_button_out_step":"2","zoom_button_in_step":"3","show_post_tag":"1","show_prev_next_post":"1","show_popup_post":"1","number_popup_post":"1","show_author_box":"0","show_post_related":"0","show_inline_post_related":"0"}],"override_image_size":"0","image_override":[{"single_post_thumbnail_size":"crop-500","single_post_gallery_size":"crop-500"}],"trending_post":"0","trending_post_position":"meta","trending_post_label":"Trending","sponsored_post":"0","sponsored_post_label":"Sponsored by","sponsored_post_name":"","sponsored_post_url":"","sponsored_post_logo_enable":"0","sponsored_post_logo":"","sponsored_post_desc":"","disable_ad":"0"},"jnews_primary_category":{"id":""},"jnews_social_meta":{"fb_title":"","fb_description":"","fb_image":"","twitter_title":"","twitter_description":"","twitter_image":""},"footnotes":""},"categories":[39],"tags":[],"class_list":["post-293918","post","type-post","status-publish","format-standard","has-post-thumbnail","hentry","category-viajes"],"_links":{"self":[{"href":"https:\/\/dimensionturistica.com\/es\/wp-json\/wp\/v2\/posts\/293918","targetHints":{"allow":["GET"]}}],"collection":[{"href":"https:\/\/dimensionturistica.com\/es\/wp-json\/wp\/v2\/posts"}],"about":[{"href":"https:\/\/dimensionturistica.com\/es\/wp-json\/wp\/v2\/types\/post"}],"author":[{"embeddable":true,"href":"https:\/\/dimensionturistica.com\/es\/wp-json\/wp\/v2\/users\/1"}],"replies":[{"embeddable":true,"href":"https:\/\/dimensionturistica.com\/es\/wp-json\/wp\/v2\/comments?post=293918"}],"version-history":[{"count":0,"href":"https:\/\/dimensionturistica.com\/es\/wp-json\/wp\/v2\/posts\/293918\/revisions"}],"wp:featuredmedia":[{"embeddable":true,"href":"https:\/\/dimensionturistica.com\/es\/wp-json\/wp\/v2\/media\/293920"}],"wp:attachment":[{"href":"https:\/\/dimensionturistica.com\/es\/wp-json\/wp\/v2\/media?parent=293918"}],"wp:term":[{"taxonomy":"category","embeddable":true,"href":"https:\/\/dimensionturistica.com\/es\/wp-json\/wp\/v2\/categories?post=293918"},{"taxonomy":"post_tag","embeddable":true,"href":"https:\/\/dimensionturistica.com\/es\/wp-json\/wp\/v2\/tags?post=293918"}],"curies":[{"name":"wp","href":"https:\/\/api.w.org\/{rel}","templated":true}]}}