{"id":293880,"date":"2022-03-29T14:55:41","date_gmt":"2022-03-29T14:55:41","guid":{"rendered":"https:\/\/dimensionturistica.com\/es\/?p=293880"},"modified":"2022-03-29T14:55:41","modified_gmt":"2022-03-29T14:55:41","slug":"sectur-y-el-gobierno-de-la-ciudad-de-mexico-instalan-el-comite-organizador-del-tianguis-turistico-mexico-2023","status":"publish","type":"post","link":"https:\/\/dimensionturistica.com\/es\/sectur-y-el-gobierno-de-la-ciudad-de-mexico-instalan-el-comite-organizador-del-tianguis-turistico-mexico-2023\/","title":{"rendered":"Sectur y el Gobierno de la Ciudad de M\u00e9xico instalan el Comit\u00e9 Organizador del Tianguis Tur\u00edstico M\u00e9xico 2023"},"content":{"rendered":"<p>El secretario de Turismo del Gobierno de M\u00e9xico, Miguel Torruco Marqu\u00e9s, y la jefa de Gobierno de la Ciudad de M\u00e9xico, Claudia Sheinbaum Pardo, encabezaron la instalaci\u00f3n del Comit\u00e9 Organizador de la edici\u00f3n 47 del Tianguis Tur\u00edstico M\u00e9xico 2023, que se llevar\u00e1 a cabo en la capital del pa\u00eds.<br \/>\nEl titular de la Secretar\u00eda de Turismo (Sectur) coment\u00f3 que en dos meses, al cierre de la edici\u00f3n 46<img decoding=\"async\" class=\"size-medium wp-image-293884 alignleft\" src=\"https:\/\/dimensionturistica.com\/es\/wp-content\/uploads\/2022\/03\/INSTALACION-DEL-COM-ORG-47-TIANGUIS-TURISTICO-2023-01-300x189.jpg\" alt=\"\" width=\"300\" height=\"189\" srcset=\"https:\/\/dimensionturistica.com\/es\/wp-content\/uploads\/2022\/03\/INSTALACION-DEL-COM-ORG-47-TIANGUIS-TURISTICO-2023-01-300x189.jpg 300w, https:\/\/dimensionturistica.com\/es\/wp-content\/uploads\/2022\/03\/INSTALACION-DEL-COM-ORG-47-TIANGUIS-TURISTICO-2023-01-768x484.jpg 768w, https:\/\/dimensionturistica.com\/es\/wp-content\/uploads\/2022\/03\/INSTALACION-DEL-COM-ORG-47-TIANGUIS-TURISTICO-2023-01-750x473.jpg 750w, https:\/\/dimensionturistica.com\/es\/wp-content\/uploads\/2022\/03\/INSTALACION-DEL-COM-ORG-47-TIANGUIS-TURISTICO-2023-01.jpg 850w\" sizes=\"(max-width: 300px) 100vw, 300px\" \/> del Tianguis Tur\u00edstico que se celebrar\u00e1 en Acapulco, la Ciudad de M\u00e9xico recibir\u00e1 la estafeta de este evento para la promoci\u00f3n y comercializaci\u00f3n de nuestros destinos, as\u00ed como de sus atractivos y productos tur\u00edsticos.<br \/>\nLuego de hacer un breve recuento hist\u00f3rico del Tianguis Tur\u00edstico desde su origen en 1975, Torruco Marqu\u00e9s subray\u00f3 las ventajas que ofrece la Ciudad de M\u00e9xico, como lo es contar con la mejor conectividad a\u00e9rea del pa\u00eds, al disponer de tres aeropuertos internacionales que forman parte del Sistema Metropolitano Aeroportuario: el Aeropuerto Internacional de la Ciudad de M\u00e9xico, el Aeropuerto Internacional \u201cGeneral Felipe \u00c1ngeles\u201d y el Aeropuerto Internacional de Toluca.<br \/>\nSe\u00f1al\u00f3 que la Ciudad de M\u00e9xico ocupa la primera posici\u00f3n a nivel nacional en recepci\u00f3n de turistas nacionales y turistas hospedados en hoteles, y el segundo sitio, despu\u00e9s de Quintana Roo, en arribo de turistas internacionales.<br \/>\nIndic\u00f3 tambi\u00e9n que la capital del pa\u00eds es conocida como la \u201cCiudad de los Palacios\u201d por sus numerosas edificaciones de los siglos 16 al 19; es la segunda ciudad con mayor n\u00famero de museos, despu\u00e9s de Londres, y alberga la Bas\u00edlica de Guadalupe, el segundo santuario m\u00e1s visitado del mundo, despu\u00e9s del Vaticano.<br \/>\nLa edici\u00f3n 47 del Tianguis Tur\u00edstico M\u00e9xico 2023 est\u00e1 contemplada para realizarse en el mes de<img decoding=\"async\" class=\"size-medium wp-image-293885 alignleft\" src=\"https:\/\/dimensionturistica.com\/es\/wp-content\/uploads\/2022\/03\/INSTALACION-DEL-COM-ORG-47-TIANGUIS-TURISTICO-2023-02-300x190.jpg\" alt=\"\" width=\"300\" height=\"190\" srcset=\"https:\/\/dimensionturistica.com\/es\/wp-content\/uploads\/2022\/03\/INSTALACION-DEL-COM-ORG-47-TIANGUIS-TURISTICO-2023-02-300x190.jpg 300w, https:\/\/dimensionturistica.com\/es\/wp-content\/uploads\/2022\/03\/INSTALACION-DEL-COM-ORG-47-TIANGUIS-TURISTICO-2023-02-768x485.jpg 768w, https:\/\/dimensionturistica.com\/es\/wp-content\/uploads\/2022\/03\/INSTALACION-DEL-COM-ORG-47-TIANGUIS-TURISTICO-2023-02-750x474.jpg 750w, https:\/\/dimensionturistica.com\/es\/wp-content\/uploads\/2022\/03\/INSTALACION-DEL-COM-ORG-47-TIANGUIS-TURISTICO-2023-02.jpg 850w\" sizes=\"(max-width: 300px) 100vw, 300px\" \/> marzo, y se estima una derrama econ\u00f3mica de mil 740 millones de pesos, que incluyen 40 mil cuartos-noche para los asistentes al evento.<br \/>\n\u201cEl Tianguis Tur\u00edstico de M\u00e9xico ha regresado con mayor \u00edmpetu, retomando un papel protag\u00f3nico en la recuperaci\u00f3n de nuestra apasionante actividad tur\u00edstica\u201d, declar\u00f3 Torruco Marqu\u00e9s.<br \/>\nPrecis\u00f3 tambi\u00e9n que, de acuerdo con los primeros reportes recibidos, la 46 edici\u00f3n de este magno evento, a realizarse en Acapulco, el pr\u00f3ximo mes de mayo, ser\u00e1 todo un \u00e9xito.<br \/>\nReiter\u00f3 que en la pasada edici\u00f3n 45, celebrada en M\u00e9rida, Yucat\u00e1n, se superaron cuatro marcas hist\u00f3ricas: 3 mil 492 expositores con delegados, 936 empresas expositoras, un mil 017 compa\u00f1\u00edas compradoras y 57 mil 287 citas de negocio.<br \/>\n\u201cLa conformaci\u00f3n del Comit\u00e9 Organizador de la 47 edici\u00f3n del Tianguis Tur\u00edstico representa el retomar el esquema que se hac\u00eda antes de la pandemia, en colaboraci\u00f3n con las autoridades de los destinos sede; y gracias al cual, en el corto plazo, la actividad tur\u00edstica estar\u00e1 en los niveles de 2019\u201d, asegur\u00f3 el titular de Sectur.<br \/>\nPor su parte, la jefa de Gobierno de la Ciudad de M\u00e9xico, Claudia Sheinbaum Pardo, destac\u00f3 que despu\u00e9s de la pandemia, el turismo en la capital est\u00e1 resurgiendo gracias a dos atributos: no haber cerrado y ser de las ciudades con mayor nivel de vacunaci\u00f3n en el mundo.<br \/>\nAl agradecer el apoyo de Sectur para la realizaci\u00f3n del Tianguis Tur\u00edstico en 2023, anunci\u00f3 algunos eventos que se llevar\u00e1n a cabo como parte de la agenda cultural, entre los que destaca que con motivo de los 50 a\u00f1os del Festival Internacional Cervantino, la Ciudad de M\u00e9xico por primera vez ser\u00e1 la entidad invitada, y por lo cual habr\u00e1 una serie de actividades en la capital.<br \/>\nEn la instalaci\u00f3n del Comit\u00e9 Organizador de la edici\u00f3n 47 del Tianguis Tur\u00edstico 2023 estuvieron<img decoding=\"async\" class=\"size-medium wp-image-293888 alignleft\" src=\"https:\/\/dimensionturistica.com\/es\/wp-content\/uploads\/2022\/03\/INSTALACION-DEL-COM-ORG-47-TIANGUIS-TURISTICO-2023-08-300x131.jpg\" alt=\"\" width=\"300\" height=\"131\" srcset=\"https:\/\/dimensionturistica.com\/es\/wp-content\/uploads\/2022\/03\/INSTALACION-DEL-COM-ORG-47-TIANGUIS-TURISTICO-2023-08-300x131.jpg 300w, https:\/\/dimensionturistica.com\/es\/wp-content\/uploads\/2022\/03\/INSTALACION-DEL-COM-ORG-47-TIANGUIS-TURISTICO-2023-08-768x336.jpg 768w, https:\/\/dimensionturistica.com\/es\/wp-content\/uploads\/2022\/03\/INSTALACION-DEL-COM-ORG-47-TIANGUIS-TURISTICO-2023-08-750x328.jpg 750w, https:\/\/dimensionturistica.com\/es\/wp-content\/uploads\/2022\/03\/INSTALACION-DEL-COM-ORG-47-TIANGUIS-TURISTICO-2023-08.jpg 850w\" sizes=\"(max-width: 300px) 100vw, 300px\" \/> presentes, entre otros, Humberto Hern\u00e1ndez-Haddad, subsecretario de Turismo; Emmanuel Rey, director general de Promoci\u00f3n y Asuntos Internacionales de Sectur; Eduardo Mart\u00ednez Garza, director general de CIE Comercial; Rebeca Olivia S\u00e1nchez Sandin, secretaria de Turismo de la Ciudad de M\u00e9xico; y Gabriela C\u00e1mara Bargellini, presidenta honor\u00edfica del Fondo Mixto de Promoci\u00f3n Tur\u00edstica de la Ciudad de M\u00e9xico.<\/p>\n","protected":false},"excerpt":{"rendered":"<p>El secretario de Turismo del Gobierno de M\u00e9xico, Miguel Torruco Marqu\u00e9s, y la jefa de Gobierno de la Ciudad de M\u00e9xico, Claudia Sheinbaum Pardo, encabezaron la instalaci\u00f3n del Comit\u00e9 Organizador de la edici\u00f3n 47 del Tianguis Tur\u00edstico M\u00e9xico 2023, que se llevar\u00e1 a cabo en la capital del pa\u00eds. El titular de la Secretar\u00eda de [&hellip;]<\/p>\n","protected":false},"author":1,"featured_media":293886,"comment_status":"open","ping_status":"closed","sticky":false,"template":"","format":"standard","meta":{"om_disable_all_campaigns":false,"jnews-multi-image_gallery":[],"jnews_single_post":{"source_name":"","source_url":"","via_name":"","via_url":"","override_template":"0","override":[{"template":"1","single_blog_custom":"","parallax":"1","fullscreen":"1","layout":"right-sidebar","sidebar":"default-sidebar","second_sidebar":"default-sidebar","sticky_sidebar":"1","share_position":"top","share_float_style":"share-monocrhome","show_share_counter":"1","show_view_counter":"1","show_featured":"1","show_post_meta":"1","show_post_author":"1","show_post_author_image":"1","show_post_date":"1","post_date_format":"default","post_date_format_custom":"Y\/m\/d","show_post_category":"1","show_post_reading_time":"0","post_reading_time_wpm":"300","show_zoom_button":"0","zoom_button_out_step":"2","zoom_button_in_step":"3","show_post_tag":"1","show_prev_next_post":"1","show_popup_post":"1","number_popup_post":"1","show_author_box":"0","show_post_related":"0","show_inline_post_related":"0"}],"override_image_size":"0","image_override":[{"single_post_thumbnail_size":"crop-500","single_post_gallery_size":"crop-500"}],"trending_post":"0","trending_post_position":"meta","trending_post_label":"Trending","sponsored_post":"0","sponsored_post_label":"Sponsored by","sponsored_post_name":"","sponsored_post_url":"","sponsored_post_logo_enable":"0","sponsored_post_logo":"","sponsored_post_desc":"","disable_ad":"0"},"jnews_primary_category":{"id":""},"jnews_social_meta":{"fb_title":"","fb_description":"","fb_image":"","twitter_title":"","twitter_description":"","twitter_image":""},"footnotes":""},"categories":[40],"tags":[],"class_list":["post-293880","post","type-post","status-publish","format-standard","has-post-thumbnail","hentry","category-industria"],"_links":{"self":[{"href":"https:\/\/dimensionturistica.com\/es\/wp-json\/wp\/v2\/posts\/293880","targetHints":{"allow":["GET"]}}],"collection":[{"href":"https:\/\/dimensionturistica.com\/es\/wp-json\/wp\/v2\/posts"}],"about":[{"href":"https:\/\/dimensionturistica.com\/es\/wp-json\/wp\/v2\/types\/post"}],"author":[{"embeddable":true,"href":"https:\/\/dimensionturistica.com\/es\/wp-json\/wp\/v2\/users\/1"}],"replies":[{"embeddable":true,"href":"https:\/\/dimensionturistica.com\/es\/wp-json\/wp\/v2\/comments?post=293880"}],"version-history":[{"count":0,"href":"https:\/\/dimensionturistica.com\/es\/wp-json\/wp\/v2\/posts\/293880\/revisions"}],"wp:featuredmedia":[{"embeddable":true,"href":"https:\/\/dimensionturistica.com\/es\/wp-json\/wp\/v2\/media\/293886"}],"wp:attachment":[{"href":"https:\/\/dimensionturistica.com\/es\/wp-json\/wp\/v2\/media?parent=293880"}],"wp:term":[{"taxonomy":"category","embeddable":true,"href":"https:\/\/dimensionturistica.com\/es\/wp-json\/wp\/v2\/categories?post=293880"},{"taxonomy":"post_tag","embeddable":true,"href":"https:\/\/dimensionturistica.com\/es\/wp-json\/wp\/v2\/tags?post=293880"}],"curies":[{"name":"wp","href":"https:\/\/api.w.org\/{rel}","templated":true}]}}