{"id":293852,"date":"2022-03-29T14:05:48","date_gmt":"2022-03-29T14:05:48","guid":{"rendered":"https:\/\/dimensionturistica.com\/es\/?p=293852"},"modified":"2022-03-29T14:05:49","modified_gmt":"2022-03-29T14:05:49","slug":"se-intensifica-la-promocion-en-costa-daurada-de-cara-a-una-temporada-de-recuperacion","status":"publish","type":"post","link":"https:\/\/dimensionturistica.com\/es\/se-intensifica-la-promocion-en-costa-daurada-de-cara-a-una-temporada-de-recuperacion\/","title":{"rendered":"Se intensifica la promoci\u00f3n en Costa Daurada de cara a una temporada de recuperaci\u00f3n"},"content":{"rendered":"<p> <br \/>\n<\/p>\n<div>\n<div class=\"wysiwyg-photo\"><img decoding=\"async\" src=\"https:\/\/static.hosteltur.com\/app\/public\/uploads\/img\/releases\/2022\/03\/29\/L_160011_promo-costa-daurada.jpg\" alt=\"Imagen nota de prensa Hosteltur\" width=\"2000\" height=\"1333\"\/><\/div>\n<p>Despu\u00e9s de las dos temporadas tur\u00edsticas m\u00e1s complicadas de la historia, el sector tur\u00edstico de la Costa Daurada prev\u00e9 que, una vez la pandemia ha pasado la fase de mayor complejidad, este 2022 sea un a\u00f1o de recuperaci\u00f3n, aunque todav\u00eda no se prev\u00e9 llegar a las cifras de pernoctaciones registradas en 2019.<\/p>\n<p>Hoy se han presentado las acciones promocionales que se enmarcan dentro del Plan Conjunto de Promoci\u00f3n donde participa el sector p\u00fablico -Patronatos de Turismo de la Diputaci\u00f3n de Tarragona, Salou, Cambrils y Vila-seca- y el privado -FEHT-. Adem\u00e1s, Meritxell Roig\u00e9, presidenta del Patronato de Turismo de la Diputaci\u00f3n de Tarragona, ha explicado la previsi\u00f3n para este a\u00f1o del aeropuerto de Reus. Respecto a los datos de recuperaci\u00f3n de la actividad a\u00e9rea, Roig\u00e9 ha afirmado que \u201cnos sentimos muy satisfechos ante estas perspectivas que son, sin duda, fruto de un trabajo conjunto de impulso de esta infraestructura. Un compromiso y un trabajo que hemos emprendido desde el Patronato de Turismo de la Diputaci\u00f3n en el marco de la Mesa Estrat\u00e9gica del Aeropuerto de Reus y junto a los agentes del territorio y administraciones que forman parte\u201d.<\/p>\n<p><strong>El Plan Conjunto de Promoci\u00f3n 2021 y 2022<\/strong><\/p>\n<p>En un a\u00f1o todav\u00eda donde la pandemia hizo estragos en el sector tur\u00edstico, las acciones del Plan Conjunto de Promoci\u00f3n 2021 se centraron, principalmente, en el mercado nacional y los mercados internacionales de proximidad. As\u00ed, Berta Cabr\u00e9, presidenta de la FEHT, ha explicado que &#8220;el 60% del presupuesto se centr\u00f3 en acciones de promoci\u00f3n en el mercado nacional, tanto en Catalu\u00f1a como en el resto de Espa\u00f1a, un 15% en el mercado brit\u00e1nico e irland\u00e9s, un 10% en el centroeuropeo, un 9% en el mercado franc\u00e9s y un 6% en los mercados ruso y ucraniano.&#8221;<\/p>\n<p>Las acciones m\u00e1s destacadas llevadas a cabo para promocionar la Costa Daurada en el mercado nacional fueron las acciones de advertising and marketing con agencias de viajes, campa\u00f1as de publicidad exterior en diversas ciudades, as\u00ed como en centros comerciales y estaciones de AVE. En cuanto al mercado brit\u00e1nico e irland\u00e9s, destaca el patrocinio por dos temporadas del equipo de f\u00fatbol femenino del Manchester Metropolis, as\u00ed como acciones de advertising and marketing con agencias de viajes locales. En el mercado franc\u00e9s tambi\u00e9n se ha trabajado la colaboraci\u00f3n con agencias de viajes y se asisti\u00f3 con un stand propio a la Feria IFTM TOP RESA de Par\u00eds. Tambi\u00e9n se realizaron acciones promocionales en los mercados centroeuropeos, como Holanda, B\u00e9lgica y Alemania.<\/p>\n<p>Cabr\u00e9 ha afirmado que &#8220;estamos muy satisfechos de esta colaboraci\u00f3n p\u00fablico-privada y de las acciones promocionales que realizamos el a\u00f1o pasado, nos centramos en el mercado nacional y, claramente, \u00e9ste fue el que nos permiti\u00f3 mantener unas cifras razonables de ocupaci\u00f3n. Este plan lo iniciamos en 2014, y este a\u00f1o lo volveremos a poner en marcha con el presupuesto habitual de 900.000. Las primeras acciones las iniciaremos en abril&#8221;.<\/p>\n<p><strong>La colaboraci\u00f3n p\u00fablico-privada para la desestacionalizaci\u00f3n<\/strong><\/p>\n<p>Pere Granados, alcalde de Salou, ha valorado positivamente las acciones promocionales que se realizan con este Plan, ya que &#8220;tambi\u00e9n van encaminadas a alcanzar uno de los objetivos que tenemos como municipios, la desestacionalizaci\u00f3n. Trabajamos el turismo deportivo, el turismo internacional como el brit\u00e1nico e irland\u00e9s que nos visita en primavera o el turismo senior franc\u00e9s que viene en oto\u00f1o y tambi\u00e9n mercados emergentes del este de Europa que, desgraciadamente, este a\u00f1o no podr\u00e1n visitarnos&#8221;.<\/p>\n<p>Oliver Klein, alcalde de Cambrils, ha recordado que &#8220;todos trabajamos para que la temporada tur\u00edstica sea lo m\u00e1s larga posible, nuestro clima es muy benigno todo el a\u00f1o. Los meses de invierno los turistas no vendr\u00e1n a la playa, pero tenemos muchos m\u00e1s argumentos como la gastronom\u00eda, un interior fant\u00e1stico, el enoturismo, la cultura, las instalaciones deportivas&#8230; Tenemos unos encantos y atractivos \u00fanicos que debemos seguir promocionando\u201d.<\/p>\n<p>Por su parte, Cristina Cid, concejala de Innovaci\u00f3n y Turismo de Vila-seca ha asegurado que &#8220;para conseguir alargar la temporada tambi\u00e9n debemos buscar nuevos mercados. Fuimos pioneros en captar la atenci\u00f3n del mercado ruso hace muchos a\u00f1os y ha sido un \u00e9xito, ahora debemos centrarnos en explorar nuevos mercados de Europa del Este o del Norte de Europa, siendo estos mercados los que deber\u00edan ayudarnos a tener m\u00e1s visitantes, tanto en primavera como en oto\u00f1o. A pesar de ser un destino maduro para muchos visitantes de el valle del Ebro o de Europa, todav\u00eda tenemos muchos mercados por explorar; este Plan Conjunto de Promoci\u00f3n tambi\u00e9n nos ayuda a abrir estos nuevos mercados&#8221;.<\/p>\n<p><strong>La recuperaci\u00f3n de la actividad en el Aeropuerto de Reus<\/strong><\/p>\n<p>El Aeropuerto de Reus recupera este 2022 el 90% del volumen de plazas que ofrec\u00eda en 2019 para volar con destino o desde la Costa Daurada. El complete de plazas ofertadas, tanto de llegada como de salida, supera el mill\u00f3n de asientos. As\u00ed, globalmente, este 2022 el Aeropuerto de Reus cuenta con un complete de 23 rutas que conectar\u00e1n la Costa Daurada con Inglaterra, Gales, Escocia, Irlanda, B\u00e9lgica, Pa\u00edses Bajos y Polonia en cuanto a destinos internacionales; y con Palma de Mallorca en Baleares.<\/p>\n<p>Por mercados, Reino Unido es el que dispone de m\u00e1s rutas, m\u00e1s vuelos y m\u00e1s oferta de plazas. Entre finales de marzo y octubre habr\u00e1 un complete de 321.093 asientos. Esto representa el 62,06% del complete de oferta de plazas de las compa\u00f1\u00edas que operan en el aeropuerto. En concreto, Reus estar\u00e1 conectado con 10 aeropuertos ingleses: Gatwick y Stansted (Londres), Manchester, Liverpool, Birmingham, East Midlands (Nottingham), Newcastle, Doncaster Sheffield, Leeds Bradford y Bristol. Adem\u00e1s, habr\u00e1 un vuelo a Gales, concretamente a la capital, Cardiff, y 3 vuelos a Escocia a trav\u00e9s de los aeropuertos de Edimburgo, Glasgow y Aberdeen.<\/p>\n<p>Resulta significativo el aumento respecto a 2019 del 30,4% de plazas que conectar\u00e1n el Aeropuerto de Reus e Irlanda. Este a\u00f1o se ofrecen 128.619 asientos. M\u00e1s all\u00e1 del incremento de vuelos semanales entre Reus e Irlanda, cabe se\u00f1alar que tambi\u00e9n se extiende el per\u00edodo en el que algunas conexiones estar\u00e1n operativas. En cuanto a otros mercados emisores, los vuelos que conectan con B\u00e9lgica, Pa\u00edses Bajos y Polonia incrementan su oferta de plazas ligeramente.<\/p>\n<p>En conjunto, en 2022, la oferta de plazas en el Aeropuerto de Reus es un 10% inferior al \u00faltimo a\u00f1o de normalidad en el transporte a\u00e9reo, en 2019. Esta circunstancia responde a la explicit situaci\u00f3n econ\u00f3mica de las diferentes compa\u00f1\u00edas, tambi\u00e9n de aquellas que lo hac\u00edan en el aeropuerto de Reus. La brit\u00e1nica Thomas Prepare dinner, por ejemplo, quebr\u00f3 en el \u00faltimo trimestre de 2019. Otras han afrontado las dificultades sobrevenidas desde 2020 redimensionando las operativas all\u00ed donde no ten\u00edan una presencia importante, como Easyjet. En cambio, el resto de compa\u00f1\u00edas que siguen operando en el Aeropuerto de Reus: Ryanair, Jet2 o TUI, mantienen o aumentan sus vuelos y el volumen de plazas. A estas hay que a\u00f1adir Air Nostrum que conectar\u00e1 este a\u00f1o la Costa Daurada con Palma de Mallorca con la posibilidad de a\u00f1adir al billete el viaje hasta Menorca e Ibiza.<\/p>\n<p><strong>El Plan de Promoci\u00f3n Conjunto. La FEHT y los Patronatos de Turismo trabajando juntos<\/strong><\/p>\n<p>Este plan de promoci\u00f3n, iniciado en 2014, tiene como objetivo elementary aplicar una parte de los recursos obtenidos provenientes del impuesto a las pernoctaciones en establecimientos reglados y es la FEHT la encargada de gestionarlo. As\u00ed pues, desde hace varios a\u00f1os, se han creado unas sinergias muy positivas entre el sector p\u00fablico y el privado para alcanzar objetivos de promoci\u00f3n, tanto relativos a la Costa Daurada, como a las poblaciones de Salou, Cambrils y Vila-seca, y tambi\u00e9n de los establecimientos tur\u00edsticos: hoteles, campings y apartamentos.<\/p>\n<p>La FEHT, Federaci\u00f3n Empresarial de Hosteler\u00eda y Turismo de Tarragona, aglutina el sector empresarial del alojamiento de la provincia de Tarragona y tiene como objetivo principal satisfacer las necesidades de los profesionales y empresas de este sector, as\u00ed como promover el amplia y variada oferta de alojamiento existente en esta demarcaci\u00f3n. Esta acci\u00f3n comercial se ejecuta en una sinergia ejemplar entre el tejido empresarial y el sector p\u00fablico, lo que representa una colaboraci\u00f3n \u00fanica en Catalu\u00f1a.<\/p>\n<\/p><\/div>\n\n<p><em> &#8221; Fuentes www.hosteltur.com &#8221; <\/em><\/p>\n","protected":false},"excerpt":{"rendered":"<p>Despu\u00e9s de las dos temporadas tur\u00edsticas m\u00e1s complicadas de la historia, el sector tur\u00edstico de la Costa Daurada prev\u00e9 que, una vez la pandemia ha pasado la fase de mayor complejidad, este 2022 sea un a\u00f1o de recuperaci\u00f3n, aunque todav\u00eda no se prev\u00e9 llegar a las cifras de pernoctaciones registradas en 2019. Hoy se han [&hellip;]<\/p>\n","protected":false},"author":4,"featured_media":293853,"comment_status":"open","ping_status":"closed","sticky":false,"template":"","format":"standard","meta":{"om_disable_all_campaigns":false,"jnews-multi-image_gallery":[],"jnews_single_post":[],"jnews_primary_category":[],"jnews_social_meta":[],"footnotes":""},"categories":[40],"tags":[715],"class_list":["post-293852","post","type-post","status-publish","format-standard","has-post-thumbnail","hentry","category-industria","tag-economia"],"_links":{"self":[{"href":"https:\/\/dimensionturistica.com\/es\/wp-json\/wp\/v2\/posts\/293852","targetHints":{"allow":["GET"]}}],"collection":[{"href":"https:\/\/dimensionturistica.com\/es\/wp-json\/wp\/v2\/posts"}],"about":[{"href":"https:\/\/dimensionturistica.com\/es\/wp-json\/wp\/v2\/types\/post"}],"author":[{"embeddable":true,"href":"https:\/\/dimensionturistica.com\/es\/wp-json\/wp\/v2\/users\/4"}],"replies":[{"embeddable":true,"href":"https:\/\/dimensionturistica.com\/es\/wp-json\/wp\/v2\/comments?post=293852"}],"version-history":[{"count":0,"href":"https:\/\/dimensionturistica.com\/es\/wp-json\/wp\/v2\/posts\/293852\/revisions"}],"wp:featuredmedia":[{"embeddable":true,"href":"https:\/\/dimensionturistica.com\/es\/wp-json\/wp\/v2\/media\/293853"}],"wp:attachment":[{"href":"https:\/\/dimensionturistica.com\/es\/wp-json\/wp\/v2\/media?parent=293852"}],"wp:term":[{"taxonomy":"category","embeddable":true,"href":"https:\/\/dimensionturistica.com\/es\/wp-json\/wp\/v2\/categories?post=293852"},{"taxonomy":"post_tag","embeddable":true,"href":"https:\/\/dimensionturistica.com\/es\/wp-json\/wp\/v2\/tags?post=293852"}],"curies":[{"name":"wp","href":"https:\/\/api.w.org\/{rel}","templated":true}]}}