{"id":293820,"date":"2022-03-29T13:03:14","date_gmt":"2022-03-29T13:03:14","guid":{"rendered":"https:\/\/dimensionturistica.com\/es\/?p=293820"},"modified":"2022-03-29T13:03:15","modified_gmt":"2022-03-29T13:03:15","slug":"turoperadores-promueven-en-lisboa-a-cuba","status":"publish","type":"post","link":"https:\/\/dimensionturistica.com\/es\/turoperadores-promueven-en-lisboa-a-cuba\/","title":{"rendered":"Turoperadores promueven en Lisboa a Cuba"},"content":{"rendered":"<p> <br \/>\n<\/p>\n<div>\n<p>   Se\u00f1alaron este martes en un informe que de manera reciente realizaron en Lisboa una Fiesta Cubana organizada por las firmas Sonhando y Solf\u00e9rias en el VIP Govt Artwork\u00b4s Resort de esta capital.<\/p>\n<p>   M\u00fasica y bailes tradicionales de Cuba se integraron a una jornada de trabajo donde se presentaron los hoteles que brindan estos operadores tur\u00edsticos, como parte de su venta hacia los cayos cubanos. <\/p>\n<p>   Este verano, a las tradicionales ofertas en Cayo Coco y Guillermo se une Cayo Cruz, un destino emergente situado en la costa norte de la provincia oriental cubana de Camag\u00fcey.  <\/p>\n<p>   A las playas del lugar se une su moderna infraestructura de alojamiento, que incluye a los complejos Iberostar Choice Emeralda y Valentin Cayo Cruz.<\/p>\n<p>   Refieren por su parte la publicaci\u00f3n especializada Turisver que en la velada estuvieron presentes la embajadora de Cuba en Portugal, Yusmari D\u00edaz,  y la Consejera de Turismo para los pa\u00edses de la pen\u00ednsula ib\u00e9rica, Niurka P\u00e9rez.<\/p>\n<p>   Igualmente, participaron representantes de los grupos hoteleros Meli\u00e1, Iberostar, Accor, Blue Diamond, Gaviota y MGM Muthu Resorts, compa\u00f1\u00eda que enfatiz\u00f3 sus ofertas para viajeros en Jardines del Rey a partir del Gran Muthu Cayo Guillermo, Gran Muthu Imperial y Gran Muthu Rainbow,<\/p>\n<p>   El director common de Sonhando, Jos\u00e9 Manuel Antunes, record\u00f3 que la operaci\u00f3n ch\u00e1rter hacia Jardines del Rey knowledge del a\u00f1o 2014, como resultado de la colaboraci\u00f3n con Solf\u00e9rias. <\/p>\n<p>   Hasta la fecha, m\u00e1s de 25 mil turistas portugueses llegaron al balneario de Cayo Coco a trav\u00e9s de esta conexi\u00f3n entre Cuba y el pa\u00eds europeo.<\/p>\n<p>   El directivo se mostr\u00f3 esperanzado con llevar adelante los nuevos proyectos, y reinsertar a la Mayor de Las Antillas en el mercado de los viajes de ocio desde Portugal. <\/p>\n<p>   En ese sentido, el CEO de Solf\u00e9rias, Nuno Mateus, destac\u00f3 los interesantes contactos entre agentes de viaje desde la pasada Bolsa Tur\u00edstica de Lisboa.<\/p>\n<p>   Para la temporada veraniega, Cuba acoger\u00e1 tres vuelos ch\u00e1rter a la semana desde Lisboa, incluyendo esta ruta coordinada por Sonhando y la aerol\u00ednea Euroatlantic (del 4 de julio al 5 de septiembre) y dos a Varadero, bajo la gesti\u00f3n de Newblue, World2Fly e Iberojet. <\/p>\n<p>mem\/rfc<\/p>\n<\/p><\/div>\n\n<p><em> &#8221; Fuentes www.prensa-latina.cu &#8221; <\/em><\/p>\n","protected":false},"excerpt":{"rendered":"<p>Se\u00f1alaron este martes en un informe que de manera reciente realizaron en Lisboa una Fiesta Cubana organizada por las firmas Sonhando y Solf\u00e9rias en el VIP Govt Artwork\u00b4s Resort de esta capital. M\u00fasica y bailes tradicionales de Cuba se integraron a una jornada de trabajo donde se presentaron los hoteles que brindan estos operadores tur\u00edsticos, [&hellip;]<\/p>\n","protected":false},"author":4,"featured_media":221258,"comment_status":"open","ping_status":"closed","sticky":false,"template":"","format":"standard","meta":{"om_disable_all_campaigns":false,"jnews-multi-image_gallery":[],"jnews_single_post":[],"jnews_primary_category":[],"jnews_social_meta":[],"footnotes":""},"categories":[40],"tags":[715,35201,544],"class_list":["post-293820","post","type-post","status-publish","format-standard","has-post-thumbnail","hentry","category-industria","tag-economia","tag-nota-informativa","tag-turismo"],"_links":{"self":[{"href":"https:\/\/dimensionturistica.com\/es\/wp-json\/wp\/v2\/posts\/293820","targetHints":{"allow":["GET"]}}],"collection":[{"href":"https:\/\/dimensionturistica.com\/es\/wp-json\/wp\/v2\/posts"}],"about":[{"href":"https:\/\/dimensionturistica.com\/es\/wp-json\/wp\/v2\/types\/post"}],"author":[{"embeddable":true,"href":"https:\/\/dimensionturistica.com\/es\/wp-json\/wp\/v2\/users\/4"}],"replies":[{"embeddable":true,"href":"https:\/\/dimensionturistica.com\/es\/wp-json\/wp\/v2\/comments?post=293820"}],"version-history":[{"count":0,"href":"https:\/\/dimensionturistica.com\/es\/wp-json\/wp\/v2\/posts\/293820\/revisions"}],"wp:featuredmedia":[{"embeddable":true,"href":"https:\/\/dimensionturistica.com\/es\/wp-json\/wp\/v2\/media\/221258"}],"wp:attachment":[{"href":"https:\/\/dimensionturistica.com\/es\/wp-json\/wp\/v2\/media?parent=293820"}],"wp:term":[{"taxonomy":"category","embeddable":true,"href":"https:\/\/dimensionturistica.com\/es\/wp-json\/wp\/v2\/categories?post=293820"},{"taxonomy":"post_tag","embeddable":true,"href":"https:\/\/dimensionturistica.com\/es\/wp-json\/wp\/v2\/tags?post=293820"}],"curies":[{"name":"wp","href":"https:\/\/api.w.org\/{rel}","templated":true}]}}