{"id":293723,"date":"2022-03-29T08:17:32","date_gmt":"2022-03-29T08:17:32","guid":{"rendered":"https:\/\/dimensionturistica.com\/es\/?p=293723"},"modified":"2022-03-29T08:17:34","modified_gmt":"2022-03-29T08:17:34","slug":"los-viajes-aumentan-mas-de-un-40-en-2021","status":"publish","type":"post","link":"https:\/\/dimensionturistica.com\/es\/los-viajes-aumentan-mas-de-un-40-en-2021\/","title":{"rendered":"los viajes aumentan m\u00e1s de un 40% en 2021"},"content":{"rendered":"<p> <br \/>\n<\/p>\n<div>\n<p>Los <strong>viajes realizados por los residentes en Espa\u00f1a aumentaron un 40,7% en 2021<\/strong> en comparaci\u00f3n con 2020, a\u00f1o en el que se inici\u00f3 la pandemia, y el <strong>gasto whole efectuado en estos viajes creci\u00f3 un 53,9%<\/strong>, hasta los 32.521 millones de euros, seg\u00fan datos difundidos este martes por el Instituto Nacional de Estad\u00edstica (INE).<\/p>\n<p>En concreto, los espa\u00f1oles realizaron <strong>142,9 millones de viajes en 2021<\/strong>, mientras que las pernoctaciones asociadas a los mismos sumaron 626,1 millones, un 26,9% menos. El 95% de los viajes emprendidos por los espa\u00f1oles el a\u00f1o pasado tuvo como destino principal el territorio nacional, y el <strong>5% fueron a pa\u00edses extranjeros<\/strong>.<\/p>\n<p>\t<span class=\"smallTitle center\">Noticias relacionadas<\/span><\/p>\n<p>Los viajes con destino interno acumularon el 89% de las pernoctaciones y el 83,4% del gasto whole, con un gasto medio diario de 49 euros. Por el contrario, los viajes al extranjero supusieron el 11% de las pernoctaciones y el 16,6% del gasto whole, con un <strong>gasto medio diario de 79 euros<\/strong>.<\/p>\n<p>Los principales motivos de viaje fueron el ocio (48,4% del whole) y las visitas a familiares o amigos (36,6%). Seg\u00fan el INE, los <strong>viajes de ocio acumularon el 58,1% del gasto whole<\/strong>, con un gasto medio diario de 57 euros, aunque el gasto medio diario m\u00e1s elevado fue el de los viajes de negocios (89 euros).<\/p>\n<\/p><\/div>\n\n<p><em> &#8221; Fuentes www.elperiodico.com &#8221; <\/em><\/p>\n","protected":false},"excerpt":{"rendered":"<p>Los viajes realizados por los residentes en Espa\u00f1a aumentaron un 40,7% en 2021 en comparaci\u00f3n con 2020, a\u00f1o en el que se inici\u00f3 la pandemia, y el gasto whole efectuado en estos viajes creci\u00f3 un 53,9%, hasta los 32.521 millones de euros, seg\u00fan datos difundidos este martes por el Instituto Nacional de Estad\u00edstica (INE). En [&hellip;]<\/p>\n","protected":false},"author":4,"featured_media":293724,"comment_status":"open","ping_status":"closed","sticky":false,"template":"","format":"standard","meta":{"om_disable_all_campaigns":false,"jnews-multi-image_gallery":[],"jnews_single_post":[],"jnews_primary_category":[],"jnews_social_meta":[],"footnotes":""},"categories":[39],"tags":[5684,544,545],"class_list":["post-293723","post","type-post","status-publish","format-standard","has-post-thumbnail","hentry","category-viajes","tag-espanoles","tag-turismo","tag-viajes"],"_links":{"self":[{"href":"https:\/\/dimensionturistica.com\/es\/wp-json\/wp\/v2\/posts\/293723","targetHints":{"allow":["GET"]}}],"collection":[{"href":"https:\/\/dimensionturistica.com\/es\/wp-json\/wp\/v2\/posts"}],"about":[{"href":"https:\/\/dimensionturistica.com\/es\/wp-json\/wp\/v2\/types\/post"}],"author":[{"embeddable":true,"href":"https:\/\/dimensionturistica.com\/es\/wp-json\/wp\/v2\/users\/4"}],"replies":[{"embeddable":true,"href":"https:\/\/dimensionturistica.com\/es\/wp-json\/wp\/v2\/comments?post=293723"}],"version-history":[{"count":0,"href":"https:\/\/dimensionturistica.com\/es\/wp-json\/wp\/v2\/posts\/293723\/revisions"}],"wp:featuredmedia":[{"embeddable":true,"href":"https:\/\/dimensionturistica.com\/es\/wp-json\/wp\/v2\/media\/293724"}],"wp:attachment":[{"href":"https:\/\/dimensionturistica.com\/es\/wp-json\/wp\/v2\/media?parent=293723"}],"wp:term":[{"taxonomy":"category","embeddable":true,"href":"https:\/\/dimensionturistica.com\/es\/wp-json\/wp\/v2\/categories?post=293723"},{"taxonomy":"post_tag","embeddable":true,"href":"https:\/\/dimensionturistica.com\/es\/wp-json\/wp\/v2\/tags?post=293723"}],"curies":[{"name":"wp","href":"https:\/\/api.w.org\/{rel}","templated":true}]}}