{"id":293494,"date":"2022-03-28T20:38:54","date_gmt":"2022-03-28T20:38:54","guid":{"rendered":"https:\/\/dimensionturistica.com\/es\/?p=293494"},"modified":"2022-03-28T20:38:54","modified_gmt":"2022-03-28T20:38:54","slug":"agrupaciones-del-vino-y-la-comunidad-academica-apoyan-el-ordenamiento-del-valle-de-guadalupe","status":"publish","type":"post","link":"https:\/\/dimensionturistica.com\/es\/agrupaciones-del-vino-y-la-comunidad-academica-apoyan-el-ordenamiento-del-valle-de-guadalupe\/","title":{"rendered":"Agrupaciones del Vino y la Comunidad Acad\u00e9mica apoyan el ordenamiento del Valle de Guadalupe"},"content":{"rendered":"<p><img decoding=\"async\" class=\"size-medium wp-image-293499 alignleft\" src=\"https:\/\/dimensionturistica.com\/es\/wp-content\/uploads\/2022\/03\/Provino-300x168.jpg\" alt=\"\" width=\"300\" height=\"168\" srcset=\"https:\/\/dimensionturistica.com\/es\/wp-content\/uploads\/2022\/03\/Provino-300x168.jpg 300w, https:\/\/dimensionturistica.com\/es\/wp-content\/uploads\/2022\/03\/Provino-1024x575.jpg 1024w, https:\/\/dimensionturistica.com\/es\/wp-content\/uploads\/2022\/03\/Provino-768x431.jpg 768w, https:\/\/dimensionturistica.com\/es\/wp-content\/uploads\/2022\/03\/Provino-1536x862.jpg 1536w, https:\/\/dimensionturistica.com\/es\/wp-content\/uploads\/2022\/03\/Provino-2048x1150.jpg 2048w, https:\/\/dimensionturistica.com\/es\/wp-content\/uploads\/2022\/03\/Provino-750x421.jpg 750w, https:\/\/dimensionturistica.com\/es\/wp-content\/uploads\/2022\/03\/Provino-1140x640.jpg 1140w\" sizes=\"(max-width: 300px) 100vw, 300px\" \/>\u00a0El sector vitivin\u00edcola de Baja California representado por sus diferentes agrupaciones apoya las medidas recientemente tomadas por las autoridades medioambientales a nivel Estatal para regular el desarrollo sostenible en materia ecol\u00f3gica del Valle de Guadalupe.<br \/>\nMauricio Cant\u00fa presidente del Comit\u00e9 Provino de Baja California acot\u00f3: \u201cCreemos que estas medidas son indispensables ya que nos encontramos en momentos cr\u00edticos, donde los intereses de algunos y las actividades econ\u00f3micas de otros no le aportan ni est\u00e1n alineadas con la vocaci\u00f3n de la zona. Es momento de garantizar continuidad y certeza para futuras generaciones de agricultores\u201d.<br \/>\nLa limitada capacidad de recarga del acu\u00edfero y los retos del Cambio Clim\u00e1tico, son solo algunos de los factores m\u00e1s delicados que se presentan como obst\u00e1culo para la prolongaci\u00f3n de la viticultura como la actividad vocacional por excelencia del Valle de Guadalupe.<br \/>\nEl presidente del Sistema Producto Vid de Baja California, Fernando P\u00e9rez Castro opin\u00f3 lo siguiente: \u201cLa gobernadora del Estado, maestra Marina del Pilar \u00c1vila, se comprometi\u00f3 a proteger la vocaci\u00f3n agr\u00edcola de la regi\u00f3n. Considero que acciones como \u00e9sta dan testimonio de su compromiso. A la par de lo que sabemos est\u00e1n trabajando de manera coordinada con el Gobierno<img decoding=\"async\" class=\"size-medium wp-image-293498 alignright\" src=\"https:\/\/dimensionturistica.com\/es\/wp-content\/uploads\/2022\/03\/1.-Ruta-del-Vino-300x206.jpg\" alt=\"\" width=\"300\" height=\"206\" srcset=\"https:\/\/dimensionturistica.com\/es\/wp-content\/uploads\/2022\/03\/1.-Ruta-del-Vino-300x206.jpg 300w, https:\/\/dimensionturistica.com\/es\/wp-content\/uploads\/2022\/03\/1.-Ruta-del-Vino-768x527.jpg 768w, https:\/\/dimensionturistica.com\/es\/wp-content\/uploads\/2022\/03\/1.-Ruta-del-Vino-750x515.jpg 750w, https:\/\/dimensionturistica.com\/es\/wp-content\/uploads\/2022\/03\/1.-Ruta-del-Vino.jpg 778w\" sizes=\"(max-width: 300px) 100vw, 300px\" \/> Federal y el Ayuntamiento de Ensenada para tener instrumentos normativos que doten de certeza al crecimiento en el Valle de Guadalupe y sobre todo protejan aquello que lo hace \u00fanico en el pa\u00eds\u201d.<br \/>\nDesde el \u00e1mbito acad\u00e9mico la investigadora Ileana Espejel, Directora del Observatorio Guadalupe coment\u00f3: \u201cEl Valle de Guadalupe ha sido estudiado por much\u00edsimos investigadores y estudiantes durante m\u00e1s de 30 a\u00f1os. Asimismo, ha sido sujeto a m\u00faltiples estudios de vocaci\u00f3n de uso de suelo, de ordenamiento ecol\u00f3gico y sectorial, por lo que es importante buscar la manera de que se cumplan dichas leyes, las cuales <img decoding=\"async\" class=\"size-medium wp-image-293506 alignleft\" src=\"https:\/\/dimensionturistica.com\/es\/wp-content\/uploads\/2022\/03\/ARBOLE-300x200.jpg\" alt=\"\" width=\"300\" height=\"200\" srcset=\"https:\/\/dimensionturistica.com\/es\/wp-content\/uploads\/2022\/03\/ARBOLE-300x200.jpg 300w, https:\/\/dimensionturistica.com\/es\/wp-content\/uploads\/2022\/03\/ARBOLE-768x512.jpg 768w, https:\/\/dimensionturistica.com\/es\/wp-content\/uploads\/2022\/03\/ARBOLE-750x500.jpg 750w, https:\/\/dimensionturistica.com\/es\/wp-content\/uploads\/2022\/03\/ARBOLE.jpg 874w\" sizes=\"(max-width: 300px) 100vw, 300px\" \/>tienen como meta el desarrollo sostenible; es decir, el bienestar de sus habitantes y la conservaci\u00f3n de los paisajes\u201d.<br \/>\nPor tal motivo el sector vitivin\u00edcola de Baja California hace un llamado para que todos los proyectos comerciales de la zona norte de los Valles Vitivin\u00edcolas del municipio de Ensenada, sin distingo alguno, cuenten con la factibilidad de uso de suelo en concordancia con el mapa de zonificaci\u00f3n del Programa de Ordenamiento Urbano-Tur\u00edstico y el Manifiesto de Impacto Ambiental siguiendo de una manera estricta los lineamientos ecol\u00f3gicos que establece la Secretar\u00eda del Medio Ambiente del Gobierno del Estado.<\/p>\n","protected":false},"excerpt":{"rendered":"<p>\u00a0El sector vitivin\u00edcola de Baja California representado por sus diferentes agrupaciones apoya las medidas recientemente tomadas por las autoridades medioambientales a nivel Estatal para regular el desarrollo sostenible en materia ecol\u00f3gica del Valle de Guadalupe. Mauricio Cant\u00fa presidente del Comit\u00e9 Provino de Baja California acot\u00f3: \u201cCreemos que estas medidas son indispensables ya que nos encontramos [&hellip;]<\/p>\n","protected":false},"author":1,"featured_media":293500,"comment_status":"open","ping_status":"closed","sticky":false,"template":"","format":"standard","meta":{"om_disable_all_campaigns":false,"jnews-multi-image_gallery":[],"jnews_single_post":{"source_name":"","source_url":"","via_name":"","via_url":"","override_template":"0","override":[{"template":"1","single_blog_custom":"","parallax":"1","fullscreen":"1","layout":"right-sidebar","sidebar":"default-sidebar","second_sidebar":"default-sidebar","sticky_sidebar":"1","share_position":"top","share_float_style":"share-monocrhome","show_share_counter":"1","show_view_counter":"1","show_featured":"1","show_post_meta":"1","show_post_author":"1","show_post_author_image":"1","show_post_date":"1","post_date_format":"default","post_date_format_custom":"Y\/m\/d","show_post_category":"1","show_post_reading_time":"0","post_reading_time_wpm":"300","show_zoom_button":"0","zoom_button_out_step":"2","zoom_button_in_step":"3","show_post_tag":"1","show_prev_next_post":"1","show_popup_post":"1","number_popup_post":"1","show_author_box":"0","show_post_related":"0","show_inline_post_related":"0"}],"override_image_size":"0","image_override":[{"single_post_thumbnail_size":"crop-500","single_post_gallery_size":"crop-500"}],"trending_post":"0","trending_post_position":"meta","trending_post_label":"Trending","sponsored_post":"0","sponsored_post_label":"Sponsored by","sponsored_post_name":"","sponsored_post_url":"","sponsored_post_logo_enable":"0","sponsored_post_logo":"","sponsored_post_desc":"","disable_ad":"0"},"jnews_primary_category":{"id":""},"jnews_social_meta":{"fb_title":"","fb_description":"","fb_image":"","twitter_title":"","twitter_description":"","twitter_image":""},"footnotes":""},"categories":[40],"tags":[],"class_list":["post-293494","post","type-post","status-publish","format-standard","has-post-thumbnail","hentry","category-industria"],"_links":{"self":[{"href":"https:\/\/dimensionturistica.com\/es\/wp-json\/wp\/v2\/posts\/293494","targetHints":{"allow":["GET"]}}],"collection":[{"href":"https:\/\/dimensionturistica.com\/es\/wp-json\/wp\/v2\/posts"}],"about":[{"href":"https:\/\/dimensionturistica.com\/es\/wp-json\/wp\/v2\/types\/post"}],"author":[{"embeddable":true,"href":"https:\/\/dimensionturistica.com\/es\/wp-json\/wp\/v2\/users\/1"}],"replies":[{"embeddable":true,"href":"https:\/\/dimensionturistica.com\/es\/wp-json\/wp\/v2\/comments?post=293494"}],"version-history":[{"count":0,"href":"https:\/\/dimensionturistica.com\/es\/wp-json\/wp\/v2\/posts\/293494\/revisions"}],"wp:featuredmedia":[{"embeddable":true,"href":"https:\/\/dimensionturistica.com\/es\/wp-json\/wp\/v2\/media\/293500"}],"wp:attachment":[{"href":"https:\/\/dimensionturistica.com\/es\/wp-json\/wp\/v2\/media?parent=293494"}],"wp:term":[{"taxonomy":"category","embeddable":true,"href":"https:\/\/dimensionturistica.com\/es\/wp-json\/wp\/v2\/categories?post=293494"},{"taxonomy":"post_tag","embeddable":true,"href":"https:\/\/dimensionturistica.com\/es\/wp-json\/wp\/v2\/tags?post=293494"}],"curies":[{"name":"wp","href":"https:\/\/api.w.org\/{rel}","templated":true}]}}