{"id":293476,"date":"2022-03-28T20:26:46","date_gmt":"2022-03-28T20:26:46","guid":{"rendered":"https:\/\/dimensionturistica.com\/es\/?p=293476"},"modified":"2022-03-28T20:26:46","modified_gmt":"2022-03-28T20:26:46","slug":"miguel-torruco-toma-protesta-al-comite-2022-2024-del-colegio-internacional-de-profesionales-especializados-en-turismo-y-gastronomia","status":"publish","type":"post","link":"https:\/\/dimensionturistica.com\/es\/miguel-torruco-toma-protesta-al-comite-2022-2024-del-colegio-internacional-de-profesionales-especializados-en-turismo-y-gastronomia\/","title":{"rendered":"Miguel Torruco toma protesta al Comit\u00e9 2022-2024 del Colegio Internacional de Profesionales Especializados en Turismo y Gastronom\u00eda"},"content":{"rendered":"<p><img decoding=\"async\" class=\"size-medium wp-image-293483 alignleft\" src=\"https:\/\/dimensionturistica.com\/es\/wp-content\/uploads\/2022\/03\/Toma-Protesta-del-CIPETURG-8-300x181.jpeg\" alt=\"\" width=\"300\" height=\"181\" srcset=\"https:\/\/dimensionturistica.com\/es\/wp-content\/uploads\/2022\/03\/Toma-Protesta-del-CIPETURG-8-300x181.jpeg 300w, https:\/\/dimensionturistica.com\/es\/wp-content\/uploads\/2022\/03\/Toma-Protesta-del-CIPETURG-8-1024x617.jpeg 1024w, https:\/\/dimensionturistica.com\/es\/wp-content\/uploads\/2022\/03\/Toma-Protesta-del-CIPETURG-8-768x463.jpeg 768w, https:\/\/dimensionturistica.com\/es\/wp-content\/uploads\/2022\/03\/Toma-Protesta-del-CIPETURG-8-1536x925.jpeg 1536w, https:\/\/dimensionturistica.com\/es\/wp-content\/uploads\/2022\/03\/Toma-Protesta-del-CIPETURG-8-750x452.jpeg 750w, https:\/\/dimensionturistica.com\/es\/wp-content\/uploads\/2022\/03\/Toma-Protesta-del-CIPETURG-8-1140x687.jpeg 1140w, https:\/\/dimensionturistica.com\/es\/wp-content\/uploads\/2022\/03\/Toma-Protesta-del-CIPETURG-8.jpeg 1600w\" sizes=\"(max-width: 300px) 100vw, 300px\" \/>El secretario de Turismo del Gobierno de M\u00e9xico, Miguel Torruco Marqu\u00e9s, tom\u00f3 protesta al Colegio Internacional de Profesionales Especializados en Turismo y Gastronom\u00eda (CIPETURG) A.C., que ser\u00e1 presidido por Juan Antonio G\u00f3mez C\u00e1rdenas, y cuya misi\u00f3n es fortalecer desde la investigaci\u00f3n, profesionalizaci\u00f3n y la innovaci\u00f3n permanente, el desarrollo de la actividad tur\u00edstica.<\/p>\n<p>El titular de la Secretar\u00eda de Turismo (Sectur) destac\u00f3 la importancia que tiene la profesionalizaci\u00f3n de los recursos humanos en el sector tur\u00edstico, raz\u00f3n por la cual, el plan sectorial tiene como acci\u00f3n promover la alineaci\u00f3n de los planes y programas de estudio en materia tur\u00edstica a las nuevas realidades del sector.<\/p>\n<p>\u201cDe igual modo, nos ocupamos de la capacitaci\u00f3n de los profesionales en turismo, como un instrumento indiscutible para reforzar sus competencias laborales, y con ello facilitar las tareas diarias y, principalmente, ofrecer un servicio de calidad a nuestros turistas nacionales y extranjeros, quienes se llevar\u00e1n a casa una imagen positiva de M\u00e9xico\u201d, coment\u00f3.<\/p>\n<p>Torruco Marqu\u00e9s dio a conocer que en materia de educaci\u00f3n tur\u00edstica, en nuestro pa\u00eds est\u00e1n registrados m\u00e1s de un mil 200 programas de nivel superior, de los cuales 79% se imparten en instituciones privadas y 21% en instituciones p\u00fablicas, de acuerdo con el Consejo para la Acreditaci\u00f3n de la Educaci\u00f3n Superior (COPAES).<\/p>\n<p>Se\u00f1al\u00f3 que se tienen m\u00e1s de 140 nombres distintos de t\u00edtulos de programas de formaci\u00f3n en turismo, siendo los m\u00e1s recurrentes: Licenciatura en Gastronom\u00eda, Licenciatura en Administraci\u00f3n de Empresas Tur\u00edsticas y Licenciatura en Turismo.<\/p>\n<p>El titular de Sectur indic\u00f3 que, seg\u00fan informaci\u00f3n de la Secretar\u00eda de Educaci\u00f3n P\u00fablica (SEP), se<img decoding=\"async\" class=\"size-medium wp-image-293484 alignleft\" src=\"https:\/\/dimensionturistica.com\/es\/wp-content\/uploads\/2022\/03\/Toma-Protesta-del-CIPETURG-5-300x195.jpeg\" alt=\"\" width=\"300\" height=\"195\" srcset=\"https:\/\/dimensionturistica.com\/es\/wp-content\/uploads\/2022\/03\/Toma-Protesta-del-CIPETURG-5-300x195.jpeg 300w, https:\/\/dimensionturistica.com\/es\/wp-content\/uploads\/2022\/03\/Toma-Protesta-del-CIPETURG-5-1024x667.jpeg 1024w, https:\/\/dimensionturistica.com\/es\/wp-content\/uploads\/2022\/03\/Toma-Protesta-del-CIPETURG-5-768x500.jpeg 768w, https:\/\/dimensionturistica.com\/es\/wp-content\/uploads\/2022\/03\/Toma-Protesta-del-CIPETURG-5-1536x1000.jpeg 1536w, https:\/\/dimensionturistica.com\/es\/wp-content\/uploads\/2022\/03\/Toma-Protesta-del-CIPETURG-5-750x488.jpeg 750w, https:\/\/dimensionturistica.com\/es\/wp-content\/uploads\/2022\/03\/Toma-Protesta-del-CIPETURG-5-1140x742.jpeg 1140w, https:\/\/dimensionturistica.com\/es\/wp-content\/uploads\/2022\/03\/Toma-Protesta-del-CIPETURG-5.jpeg 1600w\" sizes=\"(max-width: 300px) 100vw, 300px\" \/> cuenta con una matr\u00edcula de poco m\u00e1s de 120 mil estudiantes, 50% mujeres y 50% hombres. En tanto, el n\u00famero de egresados es de aproximadamente 100 mil, de los cuales, el 38% pertenecen a gesti\u00f3n empresarial tur\u00edstica, 37% a gastronom\u00eda y 21.6% a planificaci\u00f3n y desarrollo tur\u00edstico.<\/p>\n<p>\u201cEn aras de formar profesionales cada vez m\u00e1s competitivos, la educaci\u00f3n tur\u00edstica est\u00e1 obligada a establecer v\u00ednculos m\u00e1s estrechos entre escuela y empresa, a fin de que no haya una disociaci\u00f3n entre teor\u00eda y pr\u00e1ctica. Tambi\u00e9n, debe preparar a los alumnos en el manejo de idiomas y en el uso de las nuevas herramientas tecnol\u00f3gicas de la informaci\u00f3n y comunicaci\u00f3n, que d\u00eda a d\u00eda est\u00e1n ganando m\u00e1s terreno\u201d, afirm\u00f3 Torruco Marqu\u00e9s.<\/p>\n<p>Exhort\u00f3 a los integrantes del CIPETURG a participar activamente con Sectur, a trav\u00e9s de la Direcci\u00f3n General de Profesionalizaci\u00f3n y Competitividad Tur\u00edstica, para caminar hacia el mejoramiento de nuestra ense\u00f1anza tur\u00edstica, la formaci\u00f3n de recursos humanos eficaces y eficientes, el impulso a la investigaci\u00f3n y la gesti\u00f3n del conocimiento, favoreciendo con ello a la comunidad acad\u00e9mica, as\u00ed como a los destinos tur\u00edsticos de M\u00e9xico.<\/p>\n<p>Por su parte, el presidente del CIPETURG, Juan Antonio G\u00f3mez C\u00e1rdenas, expuso que el objetivo principal de la asociaci\u00f3n es impulsar y hacer posible el trabajo colaborativo y de investigaci\u00f3n tur\u00edstica entre los diferentes actores del sector, para conjuntamente propiciar el impulso y el desarrollo de la investigaci\u00f3n, la formulaci\u00f3n de proyectos, asesoramiento, acompa\u00f1amiento, innovaci\u00f3n y desarrollo de capacidades para la profesionalizaci\u00f3n del sector tur\u00edstico en M\u00e9xico y<img decoding=\"async\" class=\"size-medium wp-image-293485 alignleft\" src=\"https:\/\/dimensionturistica.com\/es\/wp-content\/uploads\/2022\/03\/Toma-Protesta-del-CIPETURG-7-1-300x225.jpeg\" alt=\"\" width=\"300\" height=\"225\" srcset=\"https:\/\/dimensionturistica.com\/es\/wp-content\/uploads\/2022\/03\/Toma-Protesta-del-CIPETURG-7-1-300x225.jpeg 300w, https:\/\/dimensionturistica.com\/es\/wp-content\/uploads\/2022\/03\/Toma-Protesta-del-CIPETURG-7-1-1024x768.jpeg 1024w, https:\/\/dimensionturistica.com\/es\/wp-content\/uploads\/2022\/03\/Toma-Protesta-del-CIPETURG-7-1-768x576.jpeg 768w, https:\/\/dimensionturistica.com\/es\/wp-content\/uploads\/2022\/03\/Toma-Protesta-del-CIPETURG-7-1-1536x1152.jpeg 1536w, https:\/\/dimensionturistica.com\/es\/wp-content\/uploads\/2022\/03\/Toma-Protesta-del-CIPETURG-7-1-750x563.jpeg 750w, https:\/\/dimensionturistica.com\/es\/wp-content\/uploads\/2022\/03\/Toma-Protesta-del-CIPETURG-7-1-1140x855.jpeg 1140w, https:\/\/dimensionturistica.com\/es\/wp-content\/uploads\/2022\/03\/Toma-Protesta-del-CIPETURG-7-1.jpeg 1600w\" sizes=\"(max-width: 300px) 100vw, 300px\" \/> el mundo.<\/p>\n<p>Afirm\u00f3 que el CIPETURG est\u00e1 abierto a todos los interesados en aportar, aprender, sumar y compartir conocimientos, propuestas y esfuerzos, para formar una red nacional e internacional como aliados en el estudio y profesionalizaci\u00f3n de estas actividades.<\/p>\n<p>En la reuni\u00f3n estuvieron presentes tambi\u00e9n Ram\u00f3n Mart\u00ednez Gasca, director general de Profesionalizaci\u00f3n y Competitividad Tur\u00edstica de Sectur; Jaime Mariano Dreyfus Guevara, primer vicepresidente internacional del CIPETURG; y Eduardo Paniagua Morales, presidente de la Asociaci\u00f3n Mexicana de Agencias de Viajes (AMAV Nacional).<\/p>\n<p>&nbsp;<\/p>\n","protected":false},"excerpt":{"rendered":"<p>El secretario de Turismo del Gobierno de M\u00e9xico, Miguel Torruco Marqu\u00e9s, tom\u00f3 protesta al Colegio Internacional de Profesionales Especializados en Turismo y Gastronom\u00eda (CIPETURG) A.C., que ser\u00e1 presidido por Juan Antonio G\u00f3mez C\u00e1rdenas, y cuya misi\u00f3n es fortalecer desde la investigaci\u00f3n, profesionalizaci\u00f3n y la innovaci\u00f3n permanente, el desarrollo de la actividad tur\u00edstica. El titular de [&hellip;]<\/p>\n","protected":false},"author":1,"featured_media":293488,"comment_status":"open","ping_status":"closed","sticky":false,"template":"","format":"standard","meta":{"om_disable_all_campaigns":false,"jnews-multi-image_gallery":[],"jnews_single_post":{"source_name":"","source_url":"","via_name":"","via_url":"","override_template":"0","override":[{"template":"1","single_blog_custom":"","parallax":"1","fullscreen":"1","layout":"right-sidebar","sidebar":"default-sidebar","second_sidebar":"default-sidebar","sticky_sidebar":"1","share_position":"top","share_float_style":"share-monocrhome","show_share_counter":"1","show_view_counter":"1","show_featured":"1","show_post_meta":"1","show_post_author":"1","show_post_author_image":"1","show_post_date":"1","post_date_format":"default","post_date_format_custom":"Y\/m\/d","show_post_category":"1","show_post_reading_time":"0","post_reading_time_wpm":"300","show_zoom_button":"0","zoom_button_out_step":"2","zoom_button_in_step":"3","show_post_tag":"1","show_prev_next_post":"1","show_popup_post":"1","number_popup_post":"1","show_author_box":"0","show_post_related":"0","show_inline_post_related":"0"}],"override_image_size":"0","image_override":[{"single_post_thumbnail_size":"crop-500","single_post_gallery_size":"crop-500"}],"trending_post":"0","trending_post_position":"meta","trending_post_label":"Trending","sponsored_post":"0","sponsored_post_label":"Sponsored by","sponsored_post_name":"","sponsored_post_url":"","sponsored_post_logo_enable":"0","sponsored_post_logo":"","sponsored_post_desc":"","disable_ad":"0"},"jnews_primary_category":{"id":""},"jnews_social_meta":{"fb_title":"","fb_description":"","fb_image":"","twitter_title":"","twitter_description":"","twitter_image":""},"footnotes":""},"categories":[40],"tags":[],"class_list":["post-293476","post","type-post","status-publish","format-standard","has-post-thumbnail","hentry","category-industria"],"_links":{"self":[{"href":"https:\/\/dimensionturistica.com\/es\/wp-json\/wp\/v2\/posts\/293476","targetHints":{"allow":["GET"]}}],"collection":[{"href":"https:\/\/dimensionturistica.com\/es\/wp-json\/wp\/v2\/posts"}],"about":[{"href":"https:\/\/dimensionturistica.com\/es\/wp-json\/wp\/v2\/types\/post"}],"author":[{"embeddable":true,"href":"https:\/\/dimensionturistica.com\/es\/wp-json\/wp\/v2\/users\/1"}],"replies":[{"embeddable":true,"href":"https:\/\/dimensionturistica.com\/es\/wp-json\/wp\/v2\/comments?post=293476"}],"version-history":[{"count":0,"href":"https:\/\/dimensionturistica.com\/es\/wp-json\/wp\/v2\/posts\/293476\/revisions"}],"wp:featuredmedia":[{"embeddable":true,"href":"https:\/\/dimensionturistica.com\/es\/wp-json\/wp\/v2\/media\/293488"}],"wp:attachment":[{"href":"https:\/\/dimensionturistica.com\/es\/wp-json\/wp\/v2\/media?parent=293476"}],"wp:term":[{"taxonomy":"category","embeddable":true,"href":"https:\/\/dimensionturistica.com\/es\/wp-json\/wp\/v2\/categories?post=293476"},{"taxonomy":"post_tag","embeddable":true,"href":"https:\/\/dimensionturistica.com\/es\/wp-json\/wp\/v2\/tags?post=293476"}],"curies":[{"name":"wp","href":"https:\/\/api.w.org\/{rel}","templated":true}]}}