{"id":293416,"date":"2022-03-28T18:58:09","date_gmt":"2022-03-28T18:58:09","guid":{"rendered":"https:\/\/dimensionturistica.com\/es\/?p=293416"},"modified":"2022-03-28T18:58:09","modified_gmt":"2022-03-28T18:58:09","slug":"tag-airlines-fortalece-la-conectividad-aerea-en-el-estado-de-chiapas-que-es-un-destino-estrategico-en-el-sur-del-pais","status":"publish","type":"post","link":"https:\/\/dimensionturistica.com\/es\/tag-airlines-fortalece-la-conectividad-aerea-en-el-estado-de-chiapas-que-es-un-destino-estrategico-en-el-sur-del-pais\/","title":{"rendered":"Tag Airlines fortalece la conectividad a\u00e9rea en el estado de Chiapas, que es un destino estrat\u00e9gico en el sur del pa\u00eds"},"content":{"rendered":"<p><img decoding=\"async\" class=\"size-medium wp-image-293417 alignleft\" src=\"https:\/\/dimensionturistica.com\/es\/wp-content\/uploads\/2022\/03\/unnamed-25-300x204.jpg\" alt=\"\" width=\"300\" height=\"204\" srcset=\"https:\/\/dimensionturistica.com\/es\/wp-content\/uploads\/2022\/03\/unnamed-25-300x204.jpg 300w, https:\/\/dimensionturistica.com\/es\/wp-content\/uploads\/2022\/03\/unnamed-25-768x524.jpg 768w, https:\/\/dimensionturistica.com\/es\/wp-content\/uploads\/2022\/03\/unnamed-25-750x511.jpg 750w, https:\/\/dimensionturistica.com\/es\/wp-content\/uploads\/2022\/03\/unnamed-25.jpg 1024w\" sizes=\"(max-width: 300px) 100vw, 300px\" \/> TAG Airlines, la aerol\u00ednea por excelencia del Mundo Maya, avanza en la consolidaci\u00f3n de su estrategia para fortalecer la conectividad a\u00e9rea en la regi\u00f3n sur de M\u00e9xico y anunci\u00f3 su pr\u00f3ximo vuelo que conectar\u00e1 a la ciudad de Guatemala con Tuxtla Guti\u00e9rrez, Chiapas.<br \/>\nFrancisco Pahul, Director Comercial de TAG Airlines, afirm\u00f3 que Chiapas es un destino estrat\u00e9gico dentro del Mundo Maya, ya que el estado ofrece un gran atractivo para los viajeros de negocios y de placer. Adem\u00e1s, agradeci\u00f3 la confianza que han depositado en la empresa las autoridades estatales y los socios comerciales.<br \/>\nEl nuevo vuelo estar\u00e1 disponible en las pr\u00f3ximas semanas y permitir\u00e1 ampliar la oferta de conectividad que ofrece la aerol\u00ednea en la regi\u00f3n, donde ya opera el vuelo entre Guatemana y Tapachula con una ocupaci\u00f3n superior al 90 por ciento.<br \/>\nEl Mundo Maya se ha convertido en un referente de los viajes y el turismo a nivel global, y TAG Airlines, reci\u00e9n nombrada Aerol\u00ednea Bandera de Guatemala, tiene el firme compromiso de continuar el fortalecimiento de la la conectividad en toda la regi\u00f3n.<br \/>\nChiapas es uno de los principales destinos de M\u00e9xico, que ofrece a los viajeros grandes atractivos como el imponente Parque Nacional del Ca\u00f1\u00f3n del Sumidero, los pueblos m\u00e1gicos de Chiapa de Corzo y San Crist\u00f3bal de las Casas, as\u00ed como los textiles de Zinacant\u00e1n, el m\u00edstico San Juan Chamula, el Centro Tur\u00edstico Sima del Cielo y su gastronom\u00eda \u00fanica.<br \/>\nFrancisco Pahul realiza una visita de trabajo a Tuxtla Guti\u00e9rrez, donde sostendr\u00e1 reuniones con autoridades, asociaciones de hoteleros y tour operadores, con el objetivo de fortalecer las acciones<img decoding=\"async\" class=\"size-medium wp-image-293420 alignright\" src=\"https:\/\/dimensionturistica.com\/es\/wp-content\/uploads\/2022\/03\/unnamed-2-3-300x200.jpg\" alt=\"\" width=\"300\" height=\"200\" srcset=\"https:\/\/dimensionturistica.com\/es\/wp-content\/uploads\/2022\/03\/unnamed-2-3-300x200.jpg 300w, https:\/\/dimensionturistica.com\/es\/wp-content\/uploads\/2022\/03\/unnamed-2-3-768x512.jpg 768w, https:\/\/dimensionturistica.com\/es\/wp-content\/uploads\/2022\/03\/unnamed-2-3-750x500.jpg 750w, https:\/\/dimensionturistica.com\/es\/wp-content\/uploads\/2022\/03\/unnamed-2-3.jpg 1024w\" sizes=\"(max-width: 300px) 100vw, 300px\" \/> de promoci\u00f3n de los viajes y el turismo, que son importantes motores de la econom\u00eda.<br \/>\nAl hacer un balance de las acciones emprendidas por la aerol\u00ednea, Julio Gamero destac\u00f3 que, en agosto pasado, TAG Airlines puso en marcha sus dos primeras rutas en M\u00e9xico, con los vuelos Guatemala-Tapachula y Canc\u00fan-Guatemala.<br \/>\nAdem\u00e1s, el pasado 1 de diciembre puso en operaci\u00f3n la ruta Canc\u00fan-Flores, en la regi\u00f3n del Pet\u00e9n guatemalteco, y alista sus pr\u00f3ximas rutas Guatemala-M\u00e9rida y Guatemala-Oaxaca.<br \/>\nTAG Airlines es una empresa 100 por ciento guatemalteca que desde hace 60 a\u00f1os mantiene un firme compromiso con la conectividad a\u00e9rea y el desarrollo. Actualmente opera 27 vuelos diarios en Guatemala, Honduras, El Salvador, Belice y M\u00e9xico, con una moderna flota de m\u00e1s de 20 aeronaves.<\/p>\n","protected":false},"excerpt":{"rendered":"<p>TAG Airlines, la aerol\u00ednea por excelencia del Mundo Maya, avanza en la consolidaci\u00f3n de su estrategia para fortalecer la conectividad a\u00e9rea en la regi\u00f3n sur de M\u00e9xico y anunci\u00f3 su pr\u00f3ximo vuelo que conectar\u00e1 a la ciudad de Guatemala con Tuxtla Guti\u00e9rrez, Chiapas. Francisco Pahul, Director Comercial de TAG Airlines, afirm\u00f3 que Chiapas es un [&hellip;]<\/p>\n","protected":false},"author":1,"featured_media":293422,"comment_status":"open","ping_status":"closed","sticky":false,"template":"","format":"standard","meta":{"om_disable_all_campaigns":false,"jnews-multi-image_gallery":[],"jnews_single_post":{"source_name":"","source_url":"","via_name":"","via_url":"","override_template":"0","override":[{"template":"1","single_blog_custom":"","parallax":"1","fullscreen":"1","layout":"right-sidebar","sidebar":"default-sidebar","second_sidebar":"default-sidebar","sticky_sidebar":"1","share_position":"top","share_float_style":"share-monocrhome","show_share_counter":"1","show_view_counter":"1","show_featured":"1","show_post_meta":"1","show_post_author":"1","show_post_author_image":"1","show_post_date":"1","post_date_format":"default","post_date_format_custom":"Y\/m\/d","show_post_category":"1","show_post_reading_time":"0","post_reading_time_wpm":"300","show_zoom_button":"0","zoom_button_out_step":"2","zoom_button_in_step":"3","show_post_tag":"1","show_prev_next_post":"1","show_popup_post":"1","number_popup_post":"1","show_author_box":"0","show_post_related":"0","show_inline_post_related":"0"}],"override_image_size":"0","image_override":[{"single_post_thumbnail_size":"crop-500","single_post_gallery_size":"crop-500"}],"trending_post":"0","trending_post_position":"meta","trending_post_label":"Trending","sponsored_post":"0","sponsored_post_label":"Sponsored by","sponsored_post_name":"","sponsored_post_url":"","sponsored_post_logo_enable":"0","sponsored_post_logo":"","sponsored_post_desc":"","disable_ad":"0"},"jnews_primary_category":{"id":""},"jnews_social_meta":{"fb_title":"","fb_description":"","fb_image":"","twitter_title":"","twitter_description":"","twitter_image":""},"footnotes":""},"categories":[39],"tags":[],"class_list":["post-293416","post","type-post","status-publish","format-standard","has-post-thumbnail","hentry","category-viajes"],"_links":{"self":[{"href":"https:\/\/dimensionturistica.com\/es\/wp-json\/wp\/v2\/posts\/293416","targetHints":{"allow":["GET"]}}],"collection":[{"href":"https:\/\/dimensionturistica.com\/es\/wp-json\/wp\/v2\/posts"}],"about":[{"href":"https:\/\/dimensionturistica.com\/es\/wp-json\/wp\/v2\/types\/post"}],"author":[{"embeddable":true,"href":"https:\/\/dimensionturistica.com\/es\/wp-json\/wp\/v2\/users\/1"}],"replies":[{"embeddable":true,"href":"https:\/\/dimensionturistica.com\/es\/wp-json\/wp\/v2\/comments?post=293416"}],"version-history":[{"count":0,"href":"https:\/\/dimensionturistica.com\/es\/wp-json\/wp\/v2\/posts\/293416\/revisions"}],"wp:featuredmedia":[{"embeddable":true,"href":"https:\/\/dimensionturistica.com\/es\/wp-json\/wp\/v2\/media\/293422"}],"wp:attachment":[{"href":"https:\/\/dimensionturistica.com\/es\/wp-json\/wp\/v2\/media?parent=293416"}],"wp:term":[{"taxonomy":"category","embeddable":true,"href":"https:\/\/dimensionturistica.com\/es\/wp-json\/wp\/v2\/categories?post=293416"},{"taxonomy":"post_tag","embeddable":true,"href":"https:\/\/dimensionturistica.com\/es\/wp-json\/wp\/v2\/tags?post=293416"}],"curies":[{"name":"wp","href":"https:\/\/api.w.org\/{rel}","templated":true}]}}