{"id":293392,"date":"2022-03-28T18:26:14","date_gmt":"2022-03-28T18:26:14","guid":{"rendered":"https:\/\/dimensionturistica.com\/es\/?p=293392"},"modified":"2022-03-28T18:26:14","modified_gmt":"2022-03-28T18:26:14","slug":"pricetravel-holding-participara-en-puerto-vallarta-riviera-nayarit","status":"publish","type":"post","link":"https:\/\/dimensionturistica.com\/es\/pricetravel-holding-participara-en-puerto-vallarta-riviera-nayarit\/","title":{"rendered":"Pricetravel Holding participara en \u00abPuerto Vallarta-Riviera Nayarit\u00bb"},"content":{"rendered":"<p><img decoding=\"async\" class=\" wp-image-293398 alignright\" src=\"https:\/\/dimensionturistica.com\/es\/wp-content\/uploads\/2022\/03\/unnamed-1-8-300x169.jpg\" alt=\"\" width=\"399\" height=\"225\" srcset=\"https:\/\/dimensionturistica.com\/es\/wp-content\/uploads\/2022\/03\/unnamed-1-8-300x169.jpg 300w, https:\/\/dimensionturistica.com\/es\/wp-content\/uploads\/2022\/03\/unnamed-1-8-1024x576.jpg 1024w, https:\/\/dimensionturistica.com\/es\/wp-content\/uploads\/2022\/03\/unnamed-1-8-768x432.jpg 768w, https:\/\/dimensionturistica.com\/es\/wp-content\/uploads\/2022\/03\/unnamed-1-8-750x422.jpg 750w, https:\/\/dimensionturistica.com\/es\/wp-content\/uploads\/2022\/03\/unnamed-1-8-1140x641.jpg 1140w, https:\/\/dimensionturistica.com\/es\/wp-content\/uploads\/2022\/03\/unnamed-1-8.jpg 1280w\" sizes=\"(max-width: 399px) 100vw, 399px\" \/>Las ventas de PriceTravel Holding a estos destinos crecieron en 2021 m\u00e1s de 100%, respecto a 2020.<br \/>\nCiudad de M\u00e9xico a 28 de marzo de 2022.- Con el objetivo de continuar fortaleciendo la promoci\u00f3n de destinos tan importantes como Puerto Vallarta y Riviera Nayarit, PriceTravel Holding se presentar\u00e1 en la XXVII edici\u00f3n de la Gala que se llevar\u00e1 a cabo el 28 y 29 de marzo.<br \/>\nEl evento concentrar\u00e1 alrededor de 67 mayoristas y m\u00e1s de 100 hoteleros de la regi\u00f3n, quienes atender\u00e1n 1,200 citas, de las cuales, PriceTravel Holding se presenta con una agenda muy nutrida y aprovecha esta plataforma para reunirse con diferentes proveedores; entre ellos, hoteleros, oficinas de turismo y otros, logrando as\u00ed m\u00e1s de 50 citas.<br \/>\nGala Puerto Vallarta y Riviera Nayarit es un evento de relevancia para el grupo tur\u00edstico, al encontrarse estos dos destinos dentro de los top 5 m\u00e1s vendidos a trav\u00e9s de sus diferentes canales de venta.<br \/>\nSeg\u00fan datos del Holding, estos destinos lograron un crecimiento en ventas durante 2021 de m\u00e1s del 100%; asimismo, mencionan que el n\u00famero de noches cuarto reservados en ese mismo periodo, lleg\u00f3 a m\u00e1s de 320,000 en ambos destinos.<br \/>\nLa participaci\u00f3n del grupo tur\u00edstico en este evento refuerza el compromiso que tiene con sus clientes de las diferentes unidades de negocio, para as\u00ed continuar sumando contenido de calidad a su amplio portafolio, as\u00ed como los mejores beneficios.<\/p>\n","protected":false},"excerpt":{"rendered":"<p>Las ventas de PriceTravel Holding a estos destinos crecieron en 2021 m\u00e1s de 100%, respecto a 2020. Ciudad de M\u00e9xico a 28 de marzo de 2022.- Con el objetivo de continuar fortaleciendo la promoci\u00f3n de destinos tan importantes como Puerto Vallarta y Riviera Nayarit, PriceTravel Holding se presentar\u00e1 en la XXVII edici\u00f3n de la Gala [&hellip;]<\/p>\n","protected":false},"author":1,"featured_media":293399,"comment_status":"open","ping_status":"closed","sticky":false,"template":"","format":"standard","meta":{"om_disable_all_campaigns":false,"jnews-multi-image_gallery":[],"jnews_single_post":{"source_name":"","source_url":"","via_name":"","via_url":"","override_template":"0","override":[{"template":"1","single_blog_custom":"","parallax":"1","fullscreen":"1","layout":"right-sidebar","sidebar":"default-sidebar","second_sidebar":"default-sidebar","sticky_sidebar":"1","share_position":"top","share_float_style":"share-monocrhome","show_share_counter":"1","show_view_counter":"1","show_featured":"1","show_post_meta":"1","show_post_author":"1","show_post_author_image":"1","show_post_date":"1","post_date_format":"default","post_date_format_custom":"Y\/m\/d","show_post_category":"1","show_post_reading_time":"0","post_reading_time_wpm":"300","show_zoom_button":"0","zoom_button_out_step":"2","zoom_button_in_step":"3","show_post_tag":"1","show_prev_next_post":"1","show_popup_post":"1","number_popup_post":"1","show_author_box":"0","show_post_related":"0","show_inline_post_related":"0"}],"override_image_size":"0","image_override":[{"single_post_thumbnail_size":"crop-500","single_post_gallery_size":"crop-500"}],"trending_post":"0","trending_post_position":"meta","trending_post_label":"Trending","sponsored_post":"0","sponsored_post_label":"Sponsored by","sponsored_post_name":"","sponsored_post_url":"","sponsored_post_logo_enable":"0","sponsored_post_logo":"","sponsored_post_desc":"","disable_ad":"0"},"jnews_primary_category":{"id":""},"jnews_social_meta":{"fb_title":"","fb_description":"","fb_image":"","twitter_title":"","twitter_description":"","twitter_image":""},"footnotes":""},"categories":[39],"tags":[],"class_list":["post-293392","post","type-post","status-publish","format-standard","has-post-thumbnail","hentry","category-viajes"],"_links":{"self":[{"href":"https:\/\/dimensionturistica.com\/es\/wp-json\/wp\/v2\/posts\/293392","targetHints":{"allow":["GET"]}}],"collection":[{"href":"https:\/\/dimensionturistica.com\/es\/wp-json\/wp\/v2\/posts"}],"about":[{"href":"https:\/\/dimensionturistica.com\/es\/wp-json\/wp\/v2\/types\/post"}],"author":[{"embeddable":true,"href":"https:\/\/dimensionturistica.com\/es\/wp-json\/wp\/v2\/users\/1"}],"replies":[{"embeddable":true,"href":"https:\/\/dimensionturistica.com\/es\/wp-json\/wp\/v2\/comments?post=293392"}],"version-history":[{"count":0,"href":"https:\/\/dimensionturistica.com\/es\/wp-json\/wp\/v2\/posts\/293392\/revisions"}],"wp:featuredmedia":[{"embeddable":true,"href":"https:\/\/dimensionturistica.com\/es\/wp-json\/wp\/v2\/media\/293399"}],"wp:attachment":[{"href":"https:\/\/dimensionturistica.com\/es\/wp-json\/wp\/v2\/media?parent=293392"}],"wp:term":[{"taxonomy":"category","embeddable":true,"href":"https:\/\/dimensionturistica.com\/es\/wp-json\/wp\/v2\/categories?post=293392"},{"taxonomy":"post_tag","embeddable":true,"href":"https:\/\/dimensionturistica.com\/es\/wp-json\/wp\/v2\/tags?post=293392"}],"curies":[{"name":"wp","href":"https:\/\/api.w.org\/{rel}","templated":true}]}}