{"id":293372,"date":"2022-03-28T18:04:21","date_gmt":"2022-03-28T18:04:21","guid":{"rendered":"https:\/\/dimensionturistica.com\/es\/?p=293372"},"modified":"2022-03-28T18:04:21","modified_gmt":"2022-03-28T18:04:21","slug":"tamaulipas-realiza-con-exito-su-primer-congreso-internacional-religioso","status":"publish","type":"post","link":"https:\/\/dimensionturistica.com\/es\/tamaulipas-realiza-con-exito-su-primer-congreso-internacional-religioso\/","title":{"rendered":"Tamaulipas realiza con \u00e9xito su primer Congreso Internacional Religioso"},"content":{"rendered":"<p><img decoding=\"async\" class=\"size-medium wp-image-293374 alignleft\" src=\"https:\/\/dimensionturistica.com\/es\/wp-content\/uploads\/2022\/03\/3-2-300x200.jpg\" alt=\"\" width=\"300\" height=\"200\" srcset=\"https:\/\/dimensionturistica.com\/es\/wp-content\/uploads\/2022\/03\/3-2-300x200.jpg 300w, https:\/\/dimensionturistica.com\/es\/wp-content\/uploads\/2022\/03\/3-2-1024x682.jpg 1024w, https:\/\/dimensionturistica.com\/es\/wp-content\/uploads\/2022\/03\/3-2-768x512.jpg 768w, https:\/\/dimensionturistica.com\/es\/wp-content\/uploads\/2022\/03\/3-2-750x500.jpg 750w, https:\/\/dimensionturistica.com\/es\/wp-content\/uploads\/2022\/03\/3-2-1140x760.jpg 1140w, https:\/\/dimensionturistica.com\/es\/wp-content\/uploads\/2022\/03\/3-2.jpg 1280w\" sizes=\"(max-width: 300px) 100vw, 300px\" \/>Consolidando la oferta que Tamaulipas ofrece dentro del segmento del turismo religioso, la zona sur es la sede del primer Congreso Internacional \u201cLas Rutas de Peregrinaci\u00f3n como impulsoras del Turismo Global\u201d.<br \/>\nRecibiendo a representantes de la Orden del Camino de Santiago provenientes de diversos destinos internacionales y nacionales.<br \/>\nDurante el transcurso del congreso, los participantes visitar\u00e1n los municipios de la zona sur, realizando actividades en recintos como la Catedral de Tampico, la Parroquia de Santiago Ap\u00f3stol en Altamira y el monumento en honor a la Virgen del Carmen, ubicado en Ciudad Madero, inform\u00f3 el secretario de Turismo de Tamaulipas, Fernando Olivera Rocha.<br \/>\nParticipando tambi\u00e9n en actividades formativas que incluir\u00e1n conferencias y mesas redondas como<img decoding=\"async\" class=\"size-medium wp-image-293375 alignleft\" src=\"https:\/\/dimensionturistica.com\/es\/wp-content\/uploads\/2022\/03\/4-1-300x200.jpg\" alt=\"\" width=\"300\" height=\"200\" srcset=\"https:\/\/dimensionturistica.com\/es\/wp-content\/uploads\/2022\/03\/4-1-300x200.jpg 300w, https:\/\/dimensionturistica.com\/es\/wp-content\/uploads\/2022\/03\/4-1-1024x682.jpg 1024w, https:\/\/dimensionturistica.com\/es\/wp-content\/uploads\/2022\/03\/4-1-768x512.jpg 768w, https:\/\/dimensionturistica.com\/es\/wp-content\/uploads\/2022\/03\/4-1-750x500.jpg 750w, https:\/\/dimensionturistica.com\/es\/wp-content\/uploads\/2022\/03\/4-1-1140x760.jpg 1140w, https:\/\/dimensionturistica.com\/es\/wp-content\/uploads\/2022\/03\/4-1.jpg 1280w\" sizes=\"(max-width: 300px) 100vw, 300px\" \/> \u201cCamino de Santiago, Camino Cultural Europeo\u201d, \u201cLas Peregrinaciones en Am\u00e9rica Latina. Presente y Futuro\u201d, incluyendo \u201cEl Camino de Santiago. Comportamiento de los Peregrinos\u201d.<br \/>\nJos\u00e9 Carlos de Santiago Bartolom\u00e9, caballero comendador y consejero de la Orden de Santiago, expres\u00f3 su benepl\u00e1cito por la trascendental celebraci\u00f3n que en materia religiosa tiene como sede Tamaulipas. Detallando que durante la asamblea que realizar\u00e1n, dentro del congreso, se contar\u00e1 con la participaci\u00f3n representantes de Espa\u00f1a, Cuba, Argentina, Ecuador y de diversos estados del pa\u00eds.<br \/>\n\u201cInvestir Damas y Caballeros de la Orden en la Catedral de Tampico ser\u00e1 un acto \u00fanico, existiendo la oportunidad de sentir como se maneja una actividad protocolar y ceremonial. Es un acto \u00edntimo que refleja y da fuerza al valor \u00e9tico y moral de las personas que han sido seleccionadas y admitidas\u201d, expres\u00f3 el consejero de Santiago.<br \/>\nLa Orden de Santiago remonta sus or\u00edgenes al siglo XII en el reino de Le\u00f3n.<br \/>\nTeniendo como objetivo inicial el proteger a los peregrinos que recorr\u00edan el Camino de Santiago,<img decoding=\"async\" class=\"size-medium wp-image-293376 alignright\" src=\"https:\/\/dimensionturistica.com\/es\/wp-content\/uploads\/2022\/03\/6-300x200.jpg\" alt=\"\" width=\"300\" height=\"200\" srcset=\"https:\/\/dimensionturistica.com\/es\/wp-content\/uploads\/2022\/03\/6-300x200.jpg 300w, https:\/\/dimensionturistica.com\/es\/wp-content\/uploads\/2022\/03\/6-1024x682.jpg 1024w, https:\/\/dimensionturistica.com\/es\/wp-content\/uploads\/2022\/03\/6-768x512.jpg 768w, https:\/\/dimensionturistica.com\/es\/wp-content\/uploads\/2022\/03\/6-750x500.jpg 750w, https:\/\/dimensionturistica.com\/es\/wp-content\/uploads\/2022\/03\/6-1140x760.jpg 1140w, https:\/\/dimensionturistica.com\/es\/wp-content\/uploads\/2022\/03\/6.jpg 1280w\" sizes=\"(max-width: 300px) 100vw, 300px\" \/> adoptando su nombre del patr\u00f3n de Espa\u00f1a, Santiago el Mayor.<br \/>\nTamaulipas posee una amplia oferta de destinos y festividades relacionadas con el turismo religioso. Ejemplo son la procesi\u00f3n n\u00e1utica por el r\u00edo P\u00e1nuco en honor a la Virgen del Carmen, recorriendo Tampico y Ciudad Madero, el santuario de la Virgen del Chorrito en el municipio de Hidalgo, as\u00ed como la procesi\u00f3n del Silencio y el santuario del El Contadero en el Pueblo M\u00e1gico de Tula.<\/p>\n","protected":false},"excerpt":{"rendered":"<p>Consolidando la oferta que Tamaulipas ofrece dentro del segmento del turismo religioso, la zona sur es la sede del primer Congreso Internacional \u201cLas Rutas de Peregrinaci\u00f3n como impulsoras del Turismo Global\u201d. Recibiendo a representantes de la Orden del Camino de Santiago provenientes de diversos destinos internacionales y nacionales. Durante el transcurso del congreso, los participantes [&hellip;]<\/p>\n","protected":false},"author":1,"featured_media":293373,"comment_status":"open","ping_status":"closed","sticky":false,"template":"","format":"standard","meta":{"om_disable_all_campaigns":false,"jnews-multi-image_gallery":[],"jnews_single_post":{"source_name":"","source_url":"","via_name":"","via_url":"","override_template":"0","override":[{"template":"1","single_blog_custom":"","parallax":"1","fullscreen":"1","layout":"right-sidebar","sidebar":"default-sidebar","second_sidebar":"default-sidebar","sticky_sidebar":"1","share_position":"top","share_float_style":"share-monocrhome","show_share_counter":"1","show_view_counter":"1","show_featured":"1","show_post_meta":"1","show_post_author":"1","show_post_author_image":"1","show_post_date":"1","post_date_format":"default","post_date_format_custom":"Y\/m\/d","show_post_category":"1","show_post_reading_time":"0","post_reading_time_wpm":"300","show_zoom_button":"0","zoom_button_out_step":"2","zoom_button_in_step":"3","show_post_tag":"1","show_prev_next_post":"1","show_popup_post":"1","number_popup_post":"1","show_author_box":"0","show_post_related":"0","show_inline_post_related":"0"}],"override_image_size":"0","image_override":[{"single_post_thumbnail_size":"crop-500","single_post_gallery_size":"crop-500"}],"trending_post":"0","trending_post_position":"meta","trending_post_label":"Trending","sponsored_post":"0","sponsored_post_label":"Sponsored by","sponsored_post_name":"","sponsored_post_url":"","sponsored_post_logo_enable":"0","sponsored_post_logo":"","sponsored_post_desc":"","disable_ad":"0"},"jnews_primary_category":{"id":""},"jnews_social_meta":{"fb_title":"","fb_description":"","fb_image":"","twitter_title":"","twitter_description":"","twitter_image":""},"footnotes":""},"categories":[39],"tags":[],"class_list":["post-293372","post","type-post","status-publish","format-standard","has-post-thumbnail","hentry","category-viajes"],"_links":{"self":[{"href":"https:\/\/dimensionturistica.com\/es\/wp-json\/wp\/v2\/posts\/293372","targetHints":{"allow":["GET"]}}],"collection":[{"href":"https:\/\/dimensionturistica.com\/es\/wp-json\/wp\/v2\/posts"}],"about":[{"href":"https:\/\/dimensionturistica.com\/es\/wp-json\/wp\/v2\/types\/post"}],"author":[{"embeddable":true,"href":"https:\/\/dimensionturistica.com\/es\/wp-json\/wp\/v2\/users\/1"}],"replies":[{"embeddable":true,"href":"https:\/\/dimensionturistica.com\/es\/wp-json\/wp\/v2\/comments?post=293372"}],"version-history":[{"count":0,"href":"https:\/\/dimensionturistica.com\/es\/wp-json\/wp\/v2\/posts\/293372\/revisions"}],"wp:featuredmedia":[{"embeddable":true,"href":"https:\/\/dimensionturistica.com\/es\/wp-json\/wp\/v2\/media\/293373"}],"wp:attachment":[{"href":"https:\/\/dimensionturistica.com\/es\/wp-json\/wp\/v2\/media?parent=293372"}],"wp:term":[{"taxonomy":"category","embeddable":true,"href":"https:\/\/dimensionturistica.com\/es\/wp-json\/wp\/v2\/categories?post=293372"},{"taxonomy":"post_tag","embeddable":true,"href":"https:\/\/dimensionturistica.com\/es\/wp-json\/wp\/v2\/tags?post=293372"}],"curies":[{"name":"wp","href":"https:\/\/api.w.org\/{rel}","templated":true}]}}