{"id":293127,"date":"2022-03-28T08:49:15","date_gmt":"2022-03-28T08:49:15","guid":{"rendered":"https:\/\/dimensionturistica.com\/es\/?p=293127"},"modified":"2022-03-28T08:49:15","modified_gmt":"2022-03-28T08:49:15","slug":"madrid-fusion-celebra-su-20-aniversario-con-una-vuelta-al-oficio-de-cocinar-efeagro-informacion-agroalimentaria","status":"publish","type":"post","link":"https:\/\/dimensionturistica.com\/es\/madrid-fusion-celebra-su-20-aniversario-con-una-vuelta-al-oficio-de-cocinar-efeagro-informacion-agroalimentaria\/","title":{"rendered":"Madrid Fusi\u00f3n celebra su 20 aniversario con una vuelta al &#8220;oficio de cocinar&#8221; ~ Efeagro Informaci\u00f3n agroalimentaria"},"content":{"rendered":"<p> <br \/>\n<\/p>\n<div id=\"post-115486\">\n<div class=\"entradilla\">\n<p>La cumbre gastron\u00f3mica internacional Madrid Fusi\u00f3n celebra su vig\u00e9simo aniversario con invitados a la altura, como los tres estrellas Michelin David Mu\u00f1oz, Quique Dacosta, Joan Roca o Ren\u00e9 Redzepi, entre otros muchos, en un programa que reivindica \u00abel oficio de cocinar\u00bb a trav\u00e9s de sus mejores exponentes.<\/p>\n<\/p><\/div>\n<p>&#13;<br \/>\n\t\t\t\t\t<span class=\"fecha\">28 marzo 2022<\/span>&#13;\n                <\/p>\n<p>&#13;<br \/>\n\t\t\t\t\t<span class=\"autor_fuente\">&#13;<br \/>\n\t\t\t\t\tEFEAGRO \t\t\t\t\t<\/span>&#13;\n                <\/p>\n<\/p><\/div>\n<div>\n<p class=\"cs2EEDECB2\"><span class=\"cs2266B82A\"><strong>Bajo el lema \u00abM\u00e1s all\u00e1 del producto\u00bb<\/strong>, durante <strong>tres d\u00edas a partir de este lunes<\/strong> en el recinto ferial Ifema <strong>se analizar\u00e1n las t\u00e9cnicas de cocina<\/strong> ancestrales, tradicionales y futuras, desde los asados al fuego a la cocina con microondas o con el empleo de ultrasonidos, sin olvidar el auge de la cocina vegetal y de la sostenible.<\/span><\/p>\n<p class=\"cs2EEDECB2\"><span class=\"cs2266B82A\">Como<strong> invitados para festejar estas dos d\u00e9cadas<\/strong> contar\u00e1 con <strong>cocineros cuyas trayectorias ha dado a conocer fuera de sus pa\u00edses<\/strong> como el peruano Gast\u00f3n Acurio (Astrid &amp; Gast\u00f3n), el brasile\u00f1o Alex Atala (D.O.M), el espa\u00f1ol David Mu\u00f1oz (DiverXO) o el italiano Maxximo Bottura (Osteria Francescana).<\/span><\/p>\n<p class=\"cs2EEDECB2\"><span class=\"cs2266B82A\">Adem\u00e1s de un <strong>di\u00e1logo entre Redzepi y el vasco Andoni Luis Aduriz<\/strong> (Mugaritz, Guip\u00fazcoa) sobre naturaleza y filosof\u00eda, la cocina danesa, que copa las listas internacionales de mejores restaurantes -The World\u2019s 50 Finest Eating places est\u00e1 encabezada por Noma 2.0-, tendr\u00e1 especial protagonismo a trav\u00e9s de Eric Vildgaard (Jordnaer) o Rasmus Munk (Alchemist).<\/span><\/p>\n<p class=\"cs2EEDECB2\"><span class=\"cs2266B82A\">Tambi\u00e9n habr\u00e1 una <strong>importante presencia de profesionales latinoamericanos<\/strong> como la Cocinera Revelaci\u00f3n de Bogot\u00e1 Madrid Fusi\u00f3n 2021, Denise Monroy (Elektra, Bogot\u00e1), con sus platos vegetales y saludables; la dominicana In\u00e9s P\u00e1ez, bandera de la Nueva Cocina Dominicana que promueve una cocina tribal modernizada o el mexicano que ha conquistado Londres con KOL, Santiago Lastra.<\/span><\/p>\n<p class=\"cs2EEDECB2\"><span class=\"cs2266B82A\">Se a\u00f1aden, entre otros, <strong>H\u00e9ctor Sol\u00eds con su escaparate del mar peruano<\/strong> en Fiesta, y Mario Castrell\u00f3n (Maito, Ciudad de Panam\u00e1) y su defensa de la despensa de Centroam\u00e9rica.<\/span><\/p>\n<blockquote>\n<p>Esta edici\u00f3n contar\u00e1 con una importante presencia de profesionales latinoamericanos<\/p>\n<\/blockquote>\n<h2>La representaci\u00f3n espa\u00f1ola en Madrid Fusi\u00f3n<\/h2>\n<p class=\"cs2EEDECB2\"><span class=\"cs2266B82A\"><strong>Espa\u00f1a estar\u00e1 representada<\/strong> a trav\u00e9s de <strong>\u00abcocineros singulares, con proyectos \u00fanicos\u00bb<\/strong> como Luis Alberto Lera y su cocina salvaje en Lera (Castroverde de Campos, Zamora), la nueva cocina del pescado de Rafa Zafra (con restaurantes en Barcelona, Madrid, Sevilla e Ibiza) o de Jos\u00e9 Manuel Viejo (La Huertona, Ribadesella); la maestr\u00eda nipona de F\u00e9lix Jim\u00e9nez en Kiro Sushi (Logro\u00f1o) o la innovaci\u00f3n del tambi\u00e9n riojano David Chamorro en Meals Thought Lab.<\/span><\/p>\n<p class=\"cs2EEDECB2\"><span class=\"cs2266B82A\"><strong>El plantel nacional se completa con un universo de estrellas Michelin<\/strong> como Dabiz Mu\u00f1oz (DiverXo, Madrid), Joan Roca (El Celler de Can Roca, Girona), Quique Dacosta (Restaurante Quique Dacosta, Denia, Alicante), Oriol Castro, Eduard Xatruch y Mateu Casa\u00f1as (Disfrutar, Barcelona); Ricard Camarena (Restaurante Ricard Camarena, Valencia), Pablo Airaudo (Amelia, San Sebasti\u00e1n) y Mario Sandoval (Coque, Madrid).<\/span><\/p>\n<p class=\"cs2EEDECB2\"><span class=\"cs2266B82A\">Asimismo ofrecer\u00e1n ponencias Iv\u00e1n Cerde\u00f1o (Restaurante Iv\u00e1n Cerde\u00f1o, Toledo), Rodrigo de la Calle (El Invernadero, Madrid), Artur Mart\u00ednez (A\u00fcrt*, Barcelona), Jos\u00e9 \u00c1lvarez (La Costa, El Ejido, Almer\u00eda), Jos\u00e9 Cremades (La Mestiza, La Manga) o Camila Ferraro (Sobretablas, Sevilla), la<strong><a target=\"_blank\" href=\"http:\/\/www.efeagro.com\/noticia\/madrid-fusion-protagonismo-femenino-fogones\/\" rel=\"noopener\"> \u00fanica mujer<\/a> que ha ganado el premio Cocinero Revelaci\u00f3n de Madrid Fusi\u00f3n<\/strong>.<\/span><\/p>\n<p class=\"cs2EEDECB2\"><span class=\"cs2266B82A\">El <strong>ganador de la nueva edici\u00f3n<\/strong> de este prestigioso galard\u00f3n <strong>se dar\u00e1 a conocer este mi\u00e9rcoles<\/strong>, mientras que el martes Redzepi recoger\u00e1 el Premio Cocinero del A\u00f1o en Europa y se celebrar\u00e1n otros concursos como el de escabeches o el de croquetas, que buscar\u00e1 la \u00abcampeona de campeones\u00bb entre las ganadoras de las siete ediciones anteriores.<\/span><\/p>\n<div id=\"attachment_59180\" style=\"width: 810px\" class=\"caption alignnone\"><img decoding=\"async\" aria-describedby=\"caption-attachment-59180\" loading=\"lazy\" class=\"wp-image-59180 size-full\" src=\"https:\/\/www.efeagro.com\/storage\/sites\/2\/2017\/01\/636209615654439286w.jpg\" alt=\"Un cortador de jam\u00f3n en Madrid Fusi\u00f3n 2017. EFE\/Mariscal.\" width=\"800\" height=\"586\" srcset=\"https:\/\/www.efeagro.com\/storage\/sites\/2\/2017\/01\/636209615654439286w.jpg 800w, https:\/\/www.efeagro.com\/storage\/sites\/2\/2017\/01\/636209615654439286w-300x220.jpg 300w, https:\/\/www.efeagro.com\/storage\/sites\/2\/2017\/01\/636209615654439286w-768x563.jpg 768w\" sizes=\"auto, (max-width: 800px) 100vw, 800px\"\/><\/p>\n<p id=\"caption-attachment-59180\" class=\"caption-text\">Un cortador de jam\u00f3n en Madrid Fusi\u00f3n 2017. EFE\/Mariscal.<\/p>\n<\/div>\n<p class=\"cs2EEDECB2\"><span class=\"cs2266B82A\">De forma paralela <strong>se desarrollar\u00e1 el primer encuentro Pastry Fusi\u00f3n<\/strong>, para \u00abreivindicar la gran pasteler\u00eda y panader\u00eda\u00bb, con la participaci\u00f3n de Jessica Pr\u00e9alpato (Restaurante Alain Ducasse, Par\u00eds), el mejor pizzero del mundo, Franco Pepe (Pepe in Grani, Caiazzo), o lo espa\u00f1oles Paco y Jacob Torreblanca, Albert Adri\u00e0 y David Gil, Jordi Butr\u00f3n y Ricard Mart\u00ednez y Ricardo V\u00e9lez.<\/span><\/p>\n<p class=\"cs2EEDECB2\"><span class=\"cs2266B82A\">La <strong>segunda edici\u00f3n de MF The Wine Version<\/strong> descubrir\u00e1 nuevas tendencias y talentos \u00aben un sector que es parte basic de nuestra cultura y nuestra gastronom\u00eda\u00bb, por lo que har\u00e1 especial hincapi\u00e9 en su importancia en la experiencia culinaria.<\/span><\/p>\n<p class=\"cs2EEDECB2\"><span class=\"cs2266B82A\">Un <strong>apartado dedicado a la cocteler\u00eda<\/strong> y el I Assembly Internacional de Turismo Gastron\u00f3mico completan un apretado programa lleno de ponencias, talleres, catas y demostraciones culinarias para analizar el presente y el futuro del sector.<\/span><\/p>\n<\/p><\/div>\n<p><script>(function(d, s, id) {\n  var js, fjs = d.getElementsByTagName(s)[0];\n  if (d.getElementById(id)) return;\n  js = d.createElement(s); js.id = id;\n  js.src = \"\/\/connect.facebook.net\/es_ES\/all.js#xfbml=1&appId=426019907525595\";\n  fjs.parentNode.insertBefore(js, fjs);\n}(document, 'script', 'facebook-jssdk'));<\/script><br \/>\n<br \/><\/p>\n<p><em> \u2018 The preceding article may include information circulated by third parties \u2019 <\/em><\/p>\n<p><em> \u2018 Some details of this article were extracted from the following source www.efeagro.com \u2019 <\/em><\/p>\n","protected":false},"excerpt":{"rendered":"<p>La cumbre gastron\u00f3mica internacional Madrid Fusi\u00f3n celebra su vig\u00e9simo aniversario con invitados a la altura, como los tres estrellas Michelin David Mu\u00f1oz, Quique Dacosta, Joan Roca o Ren\u00e9 Redzepi, entre otros muchos, en un programa que reivindica \u00abel oficio de cocinar\u00bb a trav\u00e9s de sus mejores exponentes. &#13; 28 marzo 2022&#13; &#13; &#13; EFEAGRO &#13; [&hellip;]<\/p>\n","protected":false},"author":2,"featured_media":293128,"comment_status":"open","ping_status":"closed","sticky":false,"template":"","format":"standard","meta":{"om_disable_all_campaigns":false,"jnews-multi-image_gallery":[],"jnews_single_post":[],"jnews_primary_category":[],"jnews_social_meta":[],"footnotes":""},"categories":[43],"tags":[],"class_list":["post-293127","post","type-post","status-publish","format-standard","has-post-thumbnail","hentry","category-gourmet"],"_links":{"self":[{"href":"https:\/\/dimensionturistica.com\/es\/wp-json\/wp\/v2\/posts\/293127","targetHints":{"allow":["GET"]}}],"collection":[{"href":"https:\/\/dimensionturistica.com\/es\/wp-json\/wp\/v2\/posts"}],"about":[{"href":"https:\/\/dimensionturistica.com\/es\/wp-json\/wp\/v2\/types\/post"}],"author":[{"embeddable":true,"href":"https:\/\/dimensionturistica.com\/es\/wp-json\/wp\/v2\/users\/2"}],"replies":[{"embeddable":true,"href":"https:\/\/dimensionturistica.com\/es\/wp-json\/wp\/v2\/comments?post=293127"}],"version-history":[{"count":0,"href":"https:\/\/dimensionturistica.com\/es\/wp-json\/wp\/v2\/posts\/293127\/revisions"}],"wp:featuredmedia":[{"embeddable":true,"href":"https:\/\/dimensionturistica.com\/es\/wp-json\/wp\/v2\/media\/293128"}],"wp:attachment":[{"href":"https:\/\/dimensionturistica.com\/es\/wp-json\/wp\/v2\/media?parent=293127"}],"wp:term":[{"taxonomy":"category","embeddable":true,"href":"https:\/\/dimensionturistica.com\/es\/wp-json\/wp\/v2\/categories?post=293127"},{"taxonomy":"post_tag","embeddable":true,"href":"https:\/\/dimensionturistica.com\/es\/wp-json\/wp\/v2\/tags?post=293127"}],"curies":[{"name":"wp","href":"https:\/\/api.w.org\/{rel}","templated":true}]}}