{"id":292542,"date":"2022-03-26T07:12:23","date_gmt":"2022-03-26T07:12:23","guid":{"rendered":"https:\/\/dimensionturistica.com\/es\/?p=292542"},"modified":"2022-03-26T07:12:24","modified_gmt":"2022-03-26T07:12:24","slug":"lo-que-tiene-que-saber-quien-piensa-viajar-a-catar-ovacion-26-03-2022","status":"publish","type":"post","link":"https:\/\/dimensionturistica.com\/es\/lo-que-tiene-que-saber-quien-piensa-viajar-a-catar-ovacion-26-03-2022\/","title":{"rendered":"Lo que tiene que saber quien piensa viajar a Catar &#8211; Ovaci\u00f3n &#8211; 26\/03\/2022"},"content":{"rendered":"<p> <br \/>\n<\/p>\n<div>\n<div class=\"contenido-exclusivo-nota\" style=\"display:none\">\n<div class=\"ico-text\">\n<img decoding=\"async\" src=\"https:\/\/sc2.elpais.com.uy\/images\/ico_epmas_notas.svg\" width=\"25\" height=\"25\" alt=\"Contenido exclusivo para suscriptores\" title=\"Contenido exclusivo para suscriptores\" border=\"0\"\/><\/p>\n<p>Contenido Exclusivo<\/p>\n<\/div>\n<p>La nota a la que intentas acceder es exclusiva para suscriptores<\/p>\n<div class=\"btn\">\n<a rel=\"nofollow noopener\" target=\"_blank\" class=\"suscribirme\" href=\"https:\/\/www.elpais.com.uy\/ovacion\/futbol\/javascript:displayRequireEntitlementPaywall()\">Suscribirme<\/a> <\/p>\n<p><b>Conoc\u00e9 nuestros planes<\/b><br \/>y disfrut\u00e1 de El Pa\u00eds sin l\u00edmites.<\/p>\n<\/div>\n<div class=\"btn\">\n<a rel=\"nofollow noopener\" target=\"_blank\" class=\"ingresar\" href=\"https:\/\/www.elpais.com.uy\/ovacion\/futbol\/javascript:displayRequireLoginPopupPaywall(true)\">Ingresar<\/a> <\/p>\n<p><b>Si ya sos suscriptor<\/b> pod\u00e9s<br \/>ingresar con tu usuario y contrase\u00f1a.<\/p>\n<\/div>\n<\/div>\n<p class=\"paragraph \" id=\"p324500-m726-725-727\">L os tel\u00e9fonos comenzaron a sonar en las agencias de viajes incluso antes de la atajada de <b>Sergio Rochet<\/b> que paraliz\u00f3 el coraz\u00f3n los aficionados, seg\u00fan coment\u00f3 a <i>Ovaci\u00f3n<\/i> un representante de una de las empresas, revelando el inter\u00e9s que despert\u00f3 entre los uruguayos la posibilidad de viajar al <b>Mundial<\/b> para alentar al equipo.<\/p>\n<p class=\"paragraph \" id=\"p324500-m742-2-743\">Claro que esto no significa que en <b>Catar<\/b> habr\u00e1 una numerosa hinchada celeste, porque los precios de esta Copa del Mundo<b> \u201cno son para la tribuna Amsterdam ni la Ol\u00edmpica, son para el p\u00fablico de la Am\u00e9rica<\/b>\u201d, de acuerdo con la definici\u00f3n de otro empresario. O sea, apto para escasos bolsillos. Las agencias estiman que estar\u00e1n en Catar entre <b>algo m\u00e1s de 500 y mil uruguayo<\/b>s, de los cuales el 20% vive en el exterior. Para comparar, a Rusia 2018 viajaron 2.000 compatriotas.<\/p>\n<p class=\"paragraph \" id=\"p324500-m747-3-748\">El precio que se est\u00e1 manejando hoy por el paquete completo ronda los <b>15.000 d\u00f3lares<\/b> por persona en base doble. Para comparar, es lo que puede costar un viaje de una familia de cuatro personas por Europa durante 15 d\u00edas.<\/p>\n<p>Atenci\u00f3n: si se viaja solo, el costo puede aumentar unos 4.000. Pero si son tres personas puede bajar a 11.000 y algo, aunque no todos los hoteles disponen de habitaciones con tres camas. Y se aclar\u00f3 que nadie que pretenda viajar y tenga el dinero suficiente quedar\u00e1 afuera, porque el cupo de entradas reservadas por la FIFA para Uruguay supera ampliamente las estimaciones sobre la demanda.<\/p>\n<p>Este viernes fue el primer d\u00eda de intenso trabajo para las agencias, tras la clasificaci\u00f3n uruguaya. Sin esa confirmaci\u00f3n, las empresas ten\u00edan poco poder de negociaci\u00f3n internacional en un mercado que mueve fortunas.<\/p>\n<p class=\"paragraph \" id=\"p324500-m763-5-764\"><b>HiperViajes<\/b> es una de las agencias que ya dispone de una propuesta con n\u00fameros: 14.900 d\u00f3lares por un paquete que incluye los vuelos (con una noche en <b>Madrid<\/b> y a la ida y a la vuelta), 13 noches en <b>Doha<\/b> en lodge de cuatro estrellas, traslados internos y entradas para los tres partidos de la primera fase de la categor\u00eda 1, m\u00e1s un tour por el desierto y otro por la ciudad. <b>Fernando Riva<\/b>, director de la empresa, indic\u00f3 que hay opciones que bajan el precio: entradas de otra categor\u00eda y alojamientos en <b>Dubai<\/b>. <\/p>\n<p>Riva destac\u00f3 que su agencia trabaja con viajeros a mundiales desde Sud\u00e1frica 2010, lo cual le permiti\u00f3 tener ya un programa armado para proponer. Los llamados ayer fueron constantes e incluso se cerraron algunas ventas, dijo.<\/p>\n<p class=\"paragraph \" id=\"p324500-m768-6-769\">Otra compa\u00f1\u00eda que anunci\u00f3 su plan es <b>Mac Journey<\/b>, un mayorista que tambi\u00e9n vende al p\u00fablico. Ofrece un paquete comparable por 14.900 d\u00f3lares. Hasta hace pocas horas lo ten\u00eda a 12.990, pero debi\u00f3 actualizarlo. Su director, <b>Sergio Ba\u00f1ales<\/b>, coment\u00f3 que el precio podr\u00eda seguir subiendo porque se trata de un Mundial caro, cuyas condiciones siguen cambiando.<\/p>\n<p>\u201cHace 30 a\u00f1os que trabajamos con mundiales, pero este es el m\u00e1s complicado. Por eso nos estamos manejando con cautela. Modulamos grupos de 15 personas y vamos a ir actualizando\u201d, indic\u00f3. \u201cNosotros no trabajamos con p\u00fablicos masivos, porque es dif\u00edcil controlar a grupos grandes que viajan\u201d, a\u00f1adi\u00f3.<\/p>\n<p>De cualquier manera, asegur\u00f3 que est\u00e1n \u201cinundados\u201d de interesados, muchos de ellos del exterior. Un uruguayo residente en Espa\u00f1a, aunque viaje a Catar desde Madrid, forma parte del contingente compatriota y en los estadios se ubicar\u00e1 en el mismo sector que quienes vuelen desde el Aeropuerto de Carrasco.<\/p>\n<p class=\"paragraph \" id=\"p324500-m773-7-774\"><b>Jorge Mart\u00ednez y Asociados<\/b> todav\u00eda no tiene un paquete ya armado, pero ayer contrat\u00f3 30 lugares en vuelos a Doha en una compa\u00f1\u00eda a\u00e9rea. Su director, <b>Jorge Mart\u00ednez<\/b>, estim\u00f3 que su precio estar\u00e1 por debajo de las cifras antes mencionadas. \u201cVamos a poner un precio que consideremos justo\u201d, sostuvo. \u201cAhora estamos explorando el tema de los hoteles\u201d, agreg\u00f3.<\/p>\n<p class=\"paragraph \" id=\"p324500-m778-8-779\">\u201cNo ser\u00e1 un mundial barato, ni tampoco accesible desde el punto de vista de la log\u00edstica. El Mundial se jugar\u00e1 en un territorio muy chico donde se espera recibir a mucha gente\u201d, explic\u00f3 por su parte <b>Guillermo Ricci<\/b>, de <b>Viajes Continental<\/b>. La fecha de la competencia, cerca de fin de a\u00f1o, representa otra complicaci\u00f3n con respecto a anteriores ediciones. Y a eso se agrega que es un torneo que se juega tras una pandemia y muy cercano a una guerra-<\/p>\n<p>Indic\u00f3 que Continental no anuncia un precio por el viaje porque un mundial \u201cno es un producto com\u00fan\u201d. \u201cTrabajamos para nuestros clientes a pedido, con cotizaciones personalizadas y en estos d\u00edas terminaremos de armar nuestro productos. Tenemos consultas desde anoche, mientras se estaba jugando el partido con Per\u00fa\u201d, dijo.<\/p>\n<p class=\"paragraph \" id=\"p324500-m783-9-784\">La firma <b>Jetmar<\/b>, en tanto, abri\u00f3 un registro de clientes interesados para preparar una propuesta personalizada para un destino tur\u00edstico poco recurring. \u201cA\u00fan no tenemos un precio fijo definido, ya que estamos negociando con operadores del destino las mejores opciones del mercado, con las que estaremos saliendo la semana que viene\u201d, inform\u00f3 <b>Anal\u00eda Ram\u00edrez<\/b>, del departamento de advertising and marketing.<\/p>\n<div class=\"composite-label-title-paragraph \" id=\"p324500-m788-10-789\">\n<p>procedimiento<\/p>\n<h2 id=\"m797-1-798\" class=\"content-title \">C\u00f3mo adquirir entradas<\/h2>\n<p id=\"m802-2-803\" class=\"paragraph \">Hasta el martes a las 7 de la ma\u00f1ana se pueden adquirir entradas para Catar 2022 a trav\u00e9s de la net de la FIFA, que se otorgar\u00e1n por orden de llegada. Luego del sorteo de los grupos habr\u00e1 dos instancias m\u00e1s de venta. Los precios est\u00e1n en riyales catar\u00edes, pero hecho el cambio se puede estimar que para la fase de grupos el valor es de 725 d\u00f3lares por partido en categor\u00eda 1, 543 en categor\u00eda 2 y 227 d\u00f3lares en categor\u00eda 3. Existe una categor\u00eda 4, m\u00e1s barata, solo para cataries. Las entradas se asignar\u00e1n directamente a los compradores una vez se reciba el pago y \u00e9stos recibir\u00e1n inmediatamente un correo electr\u00f3nico de confirmaci\u00f3n<\/p>\n<p>Otra cosa a tener en cuenta: todos los aficionados locales e internacionales deben solicitar la tarjeta Hayya, el permiso de entrada al Estado de Catar y su acceso al estadio (junto con la entrada para el partido). Los aficionados internacionales tambi\u00e9n deber\u00e1n confirmar sus planes de alojamiento. <br \/>======<\/p>\n<\/div>\n<\/div>\n<p><script>\n        (function(d, s, id) {\n         var js, fjs = d.getElementsByTagName(s)[0];\n         if (d.getElementById(id)) return;\n         js = d.createElement(s); js.id = id;\n         js.src = \"\/\/connect.facebook.net\/es_ES\/sdk.js#xfbml=1&version=v2.10\";\n         fjs.parentNode.insertBefore(js, fjs);\n         }(document, 'script', 'facebook-jssdk'));\n    <\/script><script>\n\tif(typeof(fbAccounts)==\"undefined\"){\n\t\tfbAccounts = {\n\t\t\t'www.elpais.com.uy':'1975946609143501',\n\t\t\t'www.ovaciondigital.com.uy':'1126084374135056'\n\t   }\n\t   if(fbAccounts[window.location.host]){\n\t\t  !function(f,b,e,v,n,t,s)\n\t\t  {if(f.fbq)return;n=f.fbq=function(){n.callMethod?\n\t\t  n.callMethod.apply(n,arguments):n.queue.push(arguments)};\n\t\t  if(!f._fbq)f._fbq=n;n.push=n;n.loaded=!0;n.version='2.0';\n\t\t  n.queue=[];t=b.createElement(e);t.async=!0;\n\t\t  t.src=v;s=b.getElementsByTagName(e)[0];\n\t\t  s.parentNode.insertBefore(t,s)}(window, document,'script',\n\t\t  'https:\/\/connect.facebook.net\/en_US\/fbevents.js');\n\t\t  fbq('init', fbAccounts[window.location.host]);\n\t\t  fbq('track', 'PageView');\n\t\t }\n\t}\n<\/script><br \/>\n<br \/><\/p>\n<p><em> &#8221; Fuentes www.elpais.com.uy &#8221; <\/em><\/p>\n","protected":false},"excerpt":{"rendered":"<p>Contenido Exclusivo La nota a la que intentas acceder es exclusiva para suscriptores Suscribirme Conoc\u00e9 nuestros planesy disfrut\u00e1 de El Pa\u00eds sin l\u00edmites. Ingresar Si ya sos suscriptor pod\u00e9singresar con tu usuario y contrase\u00f1a. L os tel\u00e9fonos comenzaron a sonar en las agencias de viajes incluso antes de la atajada de Sergio Rochet que paraliz\u00f3 [&hellip;]<\/p>\n","protected":false},"author":4,"featured_media":292543,"comment_status":"open","ping_status":"closed","sticky":false,"template":"","format":"standard","meta":{"om_disable_all_campaigns":false,"jnews-multi-image_gallery":[],"jnews_single_post":[],"jnews_primary_category":[],"jnews_social_meta":[],"footnotes":""},"categories":[40],"tags":[9240,7017,790],"class_list":["post-292542","post","type-post","status-publish","format-standard","has-post-thumbnail","hentry","category-industria","tag-catar","tag-piensa","tag-viajar"],"_links":{"self":[{"href":"https:\/\/dimensionturistica.com\/es\/wp-json\/wp\/v2\/posts\/292542","targetHints":{"allow":["GET"]}}],"collection":[{"href":"https:\/\/dimensionturistica.com\/es\/wp-json\/wp\/v2\/posts"}],"about":[{"href":"https:\/\/dimensionturistica.com\/es\/wp-json\/wp\/v2\/types\/post"}],"author":[{"embeddable":true,"href":"https:\/\/dimensionturistica.com\/es\/wp-json\/wp\/v2\/users\/4"}],"replies":[{"embeddable":true,"href":"https:\/\/dimensionturistica.com\/es\/wp-json\/wp\/v2\/comments?post=292542"}],"version-history":[{"count":0,"href":"https:\/\/dimensionturistica.com\/es\/wp-json\/wp\/v2\/posts\/292542\/revisions"}],"wp:featuredmedia":[{"embeddable":true,"href":"https:\/\/dimensionturistica.com\/es\/wp-json\/wp\/v2\/media\/292543"}],"wp:attachment":[{"href":"https:\/\/dimensionturistica.com\/es\/wp-json\/wp\/v2\/media?parent=292542"}],"wp:term":[{"taxonomy":"category","embeddable":true,"href":"https:\/\/dimensionturistica.com\/es\/wp-json\/wp\/v2\/categories?post=292542"},{"taxonomy":"post_tag","embeddable":true,"href":"https:\/\/dimensionturistica.com\/es\/wp-json\/wp\/v2\/tags?post=292542"}],"curies":[{"name":"wp","href":"https:\/\/api.w.org\/{rel}","templated":true}]}}