{"id":292524,"date":"2022-03-26T04:11:13","date_gmt":"2022-03-26T04:11:13","guid":{"rendered":"https:\/\/dimensionturistica.com\/es\/?p=292524"},"modified":"2022-03-26T04:11:13","modified_gmt":"2022-03-26T04:11:13","slug":"murolo-foods-el-obrador-de-pasta-artesanal-que-traslada-el-corazon-de-italia-a-vigo","status":"publish","type":"post","link":"https:\/\/dimensionturistica.com\/es\/murolo-foods-el-obrador-de-pasta-artesanal-que-traslada-el-corazon-de-italia-a-vigo\/","title":{"rendered":"Murolo Foods, el obrador de pasta artesanal que traslada el coraz\u00f3n de Italia a Vigo"},"content":{"rendered":" \r\n<br><div>\n<p><strong>Giancarlo Murolo<\/strong> no permite que el tiempo pase por delante de sus propias decisiones. Hace 15 a\u00f1os dej\u00f3 atr\u00e1s Salerno (N\u00e1poles) para mudarse a Vigo, donde viv\u00eda uno de sus primos. Quer\u00eda cambiar de aires.<\/p>\n<!--postparrafo1-->\n\n\n\n<p>Hasta el comienzo de la pandemia, el italiano<strong> trabajaba como ingeniero inform\u00e1tico<\/strong>, pero un nuevo impulso de transformaci\u00f3n le llev\u00f3 a abandonar su puesto y emprender otro camino, el de la gastronom\u00eda.<\/p>\n<!--postparrafo2-->\n\n\n\n<p>&#8220;Trabajaba para una gran marca, pero me di cuenta de que lo importante es hacer lo que te llena&#8221;, explica. En su caso, la pasta, de la que se declara<strong> &#8220;un loco&#8221; <\/strong>con rotundidad. No es ning\u00fan secreto que Italia es el para\u00edso de este alimento, y en el caso de Giancarlo, <strong>su pasi\u00f3n viene de familia.<\/strong><\/p>\n<!--postparrafo3-->\n\n\n<!--anteheading1-->\n\n<h2 class=\"wp-block-heading\">Un &#8216;laboratorio&#8217; de pasta<\/h2>\n\n\n\n<figure class=\"wp-block-image size-large\"><div style=\"position:relative; padding-bottom:56.25%;max-width:2560px\"><img decoding=\"async\" src=\"https:\/\/media.quincemil.com\/imagenes\/2022\/03\/24224342\/IMG_1853-1-1024x576.jpg\" alt=\"\" class=\"lazyload wp-image-375196\" style=\"position:absolute;top:0;left:0;\"\/><\/div><figcaption>Giancarlo Murolo en el obrador con una bandeja de pasta &#8216;agnolotti&#8217;.<\/figcaption><\/figure>\n\n\n\n<p>Sus maestras fueron <strong>su <em>nonna<\/em> y su t\u00eda<\/strong>. Ellas le ense\u00f1aron las bases para elaborar la pasta fresca. Cuando les coment\u00f3 que hab\u00eda decidido montar su propio obrador, aplaudieron la noticia: &#8220;Me dijeron que por fin lo llevaba a cabo&#8221;.<\/p>\n<!--postparrafo4-->\n\n\n\n<p>Aunque los conocimientos ya los ten\u00eda, Giancarlo Murolo regres\u00f3 a Italia a obtener su<strong> certificaci\u00f3n oficial<\/strong> como maestro artesano, que necesitaba para adquirir la <strong>maquinaria <\/strong>adecuada del obrador. <\/p>\n<!--postparrafo5-->\n\n\n\n<p>As\u00ed naci\u00f3 <a target=\"_blank\" href=\"https:\/\/www.instagram.com\/murolofoods\/\" rel=\"noreferrer noopener\"><strong>Murolo Foods<\/strong><\/a>, su <em>pastificio<\/em>. Primero abri\u00f3 en la calle V\u00e1zquez Varela y, recientemente, se ha mudado a la calle Oporto. &#8220;La idea es <strong>hacer algo diferente <\/strong>para la gente, intento no hacer lo tradicional aunque esa sea mi base de conocimiento&#8221;. <\/p>\n<!--postparrafo6-->\n\n\n\n<p>&#8220;<strong>Lo normal y lo cotidiano<\/strong> ya est\u00e1 en el supermercado&#8221;, se\u00f1ala Giancarlo. El artesano emplea ingredientes como la<strong> c\u00farcuma, la remolacha o la espirulina<\/strong> para crear pasta de colores y sabores sorprendentes, que vende principalmente a negocios de hosteler\u00eda del \u00e1rea de Vigo. <\/p>\n<!--postparrafo7-->\n\n\n<!--anteheading2-->\n\n<h2 class=\"wp-block-heading\">El secreto de una pasta perfecta<\/h2>\n\n\n\n<figure class=\"wp-block-image size-large\"><div style=\"position:relative; padding-bottom:79.4%;max-width:1350px\"><img decoding=\"async\" src=\"https:\/\/media.quincemil.com\/imagenes\/2022\/03\/24225717\/pasta_MuroloFoods-1024x813.jpeg\" alt=\"\" class=\"lazyload wp-image-375204\" style=\"position:absolute;top:0;left:0;\"\/><\/div><figcaption>Herramientas para la elaboraci\u00f3n de pasta de Murolo Meals.<\/figcaption><\/figure>\n\n\n\n<p>Cada d\u00eda en el obrador es distinto. De <strong>lunes a mi\u00e9rcoles<\/strong> el trabajo se desarrolla a puerta cerrada. Prepara los encargos pendientes y produce una cantidad limitada de algunas clases de pasta para vender de cara al p\u00fablico los jueves y los viernes. <\/p>\n<!--postparrafo8-->\n\n\n\n<p>&#8220;Intento ofrecer <strong>dos o tres sabores cada d\u00eda<\/strong> o dos o tres pastas convencionales&#8221;, comenta Giancarlo. Quien pasa por Murolo Meals no sabe qu\u00e9 puede encontrar ese d\u00eda; tal vez haya <em>penne rigate, orechiette o pappaderlle<\/em>, entre muchos otros tipos.<strong> Su especialidad es la pasta <em>agnolotti<\/em><\/strong>, cuya preparaci\u00f3n ronda las dos horas debido a su complejidad.<\/p>\n<!--postparrafo9-->\n\n\n\n<p>Lo m\u00e1s importante para la elaboraci\u00f3n es l<strong>a materia prima<\/strong>. Giancarlo importa la harina de Italia, la s\u00e9mola de los Pirineos y el trigo lo recibe desde Lal\u00edn. &#8220;Intento que mi pasta est\u00e9 rica pero <strong>que siente bien<\/strong>, por eso escojo trigo blando, que tiene menos gluten y es muy digerible&#8221;, explica.<\/p>\n<!--postparrafo10-->\n\n\n\n<figure class=\"wp-block-gallery columns-2 is-cropped wp-block-gallery-1 is-layout-flex wp-block-gallery-is-layout-flex\"><ul class=\"blocks-gallery-grid\"><li class=\"blocks-gallery-item\"><figure><img decoding=\"async\" src=\"https:\/\/media.quincemil.com\/imagenes\/2022\/03\/24230016\/WhatsApp-Image-2022-03-23-at-19.08.24-821x1024.jpeg\" alt=\"\" data-id=\"375206\" class=\"lazyload wp-image-375206\"\/><\/figure><\/li><li class=\"blocks-gallery-item\"><figure><img decoding=\"async\" src=\"https:\/\/media.quincemil.com\/imagenes\/2022\/03\/24230052\/WhatsApp-Image-2022-03-23-at-19.08.41-825x1024.jpeg\" alt=\"\" data-id=\"375207\" data-full-url=\"https:\/\/media.quincemil.com\/imagenes\/2022\/03\/24230052\/WhatsApp-Image-2022-03-23-at-19.08.41.jpeg\" data-link=\"https:\/\/www.elespanol.com\/quincemil\/?attachment_id=375207\" class=\"lazyload wp-image-375207\"\/><\/figure><\/li><\/ul><figcaption class=\"blocks-gallery-caption\">Pasta artesanal de Murolo Meals.<\/figcaption><\/figure>\n\n\n\n<p>Adem\u00e1s, el artesano resalta que el secreto para una pasta perfecta tambi\u00e9n lo componen <strong>&#8220;tener ganas, dedicaci\u00f3n y ser muy organizado&#8221;<\/strong>. Su producci\u00f3n es limitada, cuidadosa y trata de primar la calidad por encima de otros elementos.<\/p>\n<!--postparrafo11-->\n\n\n\n<p>Gracias a las redes sociales y al &#8220;boca oreja&#8221;, Murolo Meals comenz\u00f3 a trabajar para locales de hosteler\u00eda. Reconoce que &#8220;<strong>la mitad&#8221; de su negocio es la tienda cara el p\u00fablico<\/strong> porque le gusta &#8220;hablar con la gente y recomendarles recetas&#8221;, pero los restaurantes \u2014entre los que se encuentra el Talaso Atl\u00e1ntico de Baiona\u2014 l<strong>e otorgan cierto &#8220;valor&#8221; a su trabajo. <\/strong><\/p>\n<!--postparrafo12-->\n\n\n\n<p>Con todo, Giancarlo es <strong>cuidadoso<\/strong> con su carta de clientes: &#8220;<strong>No me interesa que mi pasta la venda un negocio que no le sepa dar valor<\/strong> o no sepa cocerla. Ya me ha pasado lo de vender a un restaurante donde no sab\u00edan cocinarla bien y que despu\u00e9s me llamasen con quejas&#8221;.<\/p>\n<!--postparrafo13-->\n<\/div><script>\r\neventosScrollLoad.push(function() {\r\n!function(f,b,e,v,n,t,s)\r\n{if(f.fbq)return;n=f.fbq=function(){n.callMethod?\r\nn.callMethod.apply(n,arguments):n.queue.push(arguments)};\r\nif(!f._fbq)f._fbq=n;n.push=n;n.loaded=!0;n.version='2.0';\r\nn.queue=[];t=b.createElement(e);t.async=!0;\r\nt.src=v;s=b.getElementsByTagName(e)[0];\r\ns.parentNode.insertBefore(t,s)}(window, document,'script',\r\n'https:\/\/connect.facebook.net\/en_US\/fbevents.js');\r\nfbq('init', '283470385904458');\r\nfbq('track', 'PageView');\r\n});\r\n<\/script><script type=\"text\/javascript\">\r\nvar facebook_cargado=0;\r\nvar instagram_cargado=0;\r\nvar twitter_cargado=0;\r\nvar flickr_cargado=0;\r\nvar tiktok_cargado=0;\r\nvar facebook_cargar=0;\r\nfunction oembed_generar () {\r\n\tvar oembed_divs=document.querySelectorAll('.wp-block-embed__wrapper');\r\n\r\n\tfor(var i=0;i<oembed_divs.length;i++) {\r\n\t\tvar url=oembed_divs[i].innerHTML.trim();\r\n\t\tif(url.match(\/^http\/)) {\r\n\t\t\tif(url.match(\/twitter\/)) {\r\n\t\t\t\toembed_elemento_invocar(\"twitter\",oembed_divs[i],\"https:\/\/www.elespanol.com\/quincemil\/ajax\/ajax_oembed.php?url=\"+url);\r\n\t\t\t}\r\n\t\t\tif(url.match(\/soundcloud\/)) {\r\n\t\t\t\toembed_elemento_invocar(\"soundcloud\",oembed_divs[i],\"https:\/\/www.elespanol.com\/quincemil\/ajax\/ajax_oembed.php?url=\"+url);\r\n\t\t\t}\r\n\t\t\telse if(url.match(\/instagram\/)) {\r\n\t\t\t\toembed_elemento_invocar(\"instagram\",oembed_divs[i],\"https:\/\/www.elespanol.com\/quincemil\/ajax\/ajax_oembed.php?url=\"+url);\r\n\t\t\t}\r\n\t\t\telse if(url.match(\/facebook\/)) {\r\n\t\t\t\tfacebook_cargar=1;\r\n\t\t\t\toembed_elemento_invocar(\"facebook\",oembed_divs[i],\"https:\/\/www.elespanol.com\/quincemil\/ajax\/ajax_oembed.php?url=\"+url);\r\n\t\t\t}\r\n\t\t\telse if(url.match(\/spotify\/)) {\r\n\t\t\t\toembed_elemento_invocar(\"spotify\",oembed_divs[i],\"https:\/\/www.elespanol.com\/quincemil\/ajax\/ajax_oembed.php?url=\"+url);\r\n\t\t\t}\r\n\t\t\telse if(url.match(\/vimeo\/)) {\r\n\t\t\t\toembed_elemento_invocar(\"vimeo\",oembed_divs[i],\"https:\/\/www.elespanol.com\/quincemil\/ajax\/ajax_oembed.php?url=\"+url);\r\n\t\t\t}\r\n\t\t\telse if(url.match(\/dailymotion\/)) {\r\n\t\t\t\toembed_elemento_invocar(\"dailymotion\",oembed_divs[i],\"https:\/\/www.elespanol.com\/quincemil\/ajax\/ajax_oembed.php?url=\"+url);\r\n\t\t\t}\r\n\t\t\telse if(url.match(\/flickr\/)) {\r\n\t\t\t\toembed_elemento_invocar(\"flickr\",oembed_divs[i],\"https:\/\/www.elespanol.com\/quincemil\/ajax\/ajax_oembed.php?url=\"+url);\r\n\t\t\t}\r\n\t\t\telse if(url.match(\/datawrapper\/)) {\r\n\t\t\t\toembed_elemento_invocar(\"flickr\",oembed_divs[i],\"https:\/\/www.elespanol.com\/quincemil\/ajax\/ajax_oembed.php?url=\"+url);\r\n\t\t\t}\r\n\t\t\telse if(url.match(\/tiktok\/)) {\r\n\t\t\t\toembed_elemento_invocar(\"tiktok\",oembed_divs[i],\"https:\/\/www.elespanol.com\/quincemil\/ajax\/ajax_oembed.php?url=\"+url);\r\n\t\t\t}\r\n\t\t}\r\n\t\telse {\r\n\t\t\tif(url.match(\/class=\"twitter-tweet\"\/)) {\r\n\t\t\t\toembed_elemento_sustituir(\"twitter\",null,\"\");\r\n\t\t\t}\r\n\t\t\tif(url.match(\/class=\"instagram-media\"\/)) {\r\n\t\t\t\toembed_elemento_sustituir(\"instagram\",null,\"\");\r\n\t\t\t}\r\n\t\t\tif(url.match(\/class=\"fb-post\"\/)) {\r\n\t\t\t\toembed_elemento_sustituir(\"facebook\",null,\"\");\r\n\t\t\t}\r\n\t\t}\r\n\t}\r\n\t\/*SE CARGAN LOS SCRIPTS*\/\r\n\t\r\n\t\r\n\t\r\n\t\r\n\t\r\n}\r\n\r\nfunction oembed_elemento_invocar(tipo,div,url) {\r\n\tvar req = generar_ajax();\r\n\treq.onreadystatechange= function () {\r\n\t\tif (req.readyState != 4) {return;}\r\n  \t\tif (req.status == 200) {\r\n\t  \t\toembed_elemento_sustituir(tipo,div,req.responseText);\r\n  \t\t} \r\n  \t\telse {}\r\n\t\treq = null;\r\n\t}\r\n\treq.open(\"GET\", url, true);\r\n\tvar encoded=\"\";\r\n\treq.send(encoded);\r\n}\r\n\r\nfunction oembed_elemento_sustituir (tipo,div,respuesta) {\r\n\tif(div!=null) {\r\n\t\tdiv.innerHTML=respuesta;\r\n\t}\r\n\tif(tipo=='instagram') {\r\n\t\tif(instagram_cargado==0) {\r\n\t\t\tconsole.log(\"cargamos instagram\");\r\n\t\t\tcargarscript(\"https:\/\/www.instagram.com\/embed.js\");\r\n\t\t\tinstagram_cargado=1;\r\n\t\t}\r\n\t}\r\n\tif(tipo=='twitter') {\r\n\t\tif(twitter_cargado==0) {\r\n\t\t\tconsole.log(\"cargamos twitter\");\r\n\t\t\tcargarscript(\"https:\/\/platform.twitter.com\/widgets.js\");\r\n\t\t\ttwitter_cargado=1;\r\n\t\t}\r\n\t}\r\n\tif(tipo=='flickr') {\r\n\t\tif(flickr_cargado==0) {\r\n\t\t\tconsole.log(\"cargamos flickr\");\r\n\t\t\tcargarscript(\"https:\/\/embedr.flickr.com\/assets\/client-code.js\");\r\n\t\t\tflickr_cargado=1;\r\n\t\t}\r\n\t}\r\n\tif(tipo=='tiktok') {\r\n\t\tif(tiktok_cargado==0) {\r\n\t\t\tconsole.log(\"cargamos tiktok\");\r\n\t\t\tcargarscript(\"https:\/\/www.tiktok.com\/embed.js\");\r\n\t\t\ttiktok_cargado=1;\r\n\t\t}\r\n\t}\r\n\tif(tipo=='facebook' &#038;&#038; !facebook_cargado) {\r\n\t\tif(facebook_cargado==0) {\r\n\t\t\tconsole.log(\"cargamos fb\");\r\n\t\t\tcargarscript(\"https:\/\/connect.facebook.net\/es_ES\/sdk.js#xfbml=1&#038;autoLogAppEvents=1&#038;version=v3.2&#038;appId=444569736084554\");\r\n\t\t\tfacebook_cargado==1;\r\n\t\t}\r\n\t}\r\n\t\r\n}\r\neventosScroll2.push(function() {oembed_generar();});\r\n\r\n\r\neventosScroll2.push(function() { \/\/ADMAN\r\n\tcargarscript(\"https:\/\/pub.admanmedia.com\/go?id=7643\");\r\n});\r\neventosScroll2.push(function() {\r\nif(!facebook_cargar) {\r\n\tcargarscript(\"https:\/\/connect.facebook.net\/es_ES\/sdk.js#xfbml=1&#038;autoLogAppEvents=1&#038;version=v3.2&#038;appId=444569736084554\");\r\n}\r\n});\r\n<\/script><script async defer src=\"https:\/\/platform.instagram.com\/en_US\/embeds.js\"><\/script>\r\n<br>\r\n<p><em> \u2018 The preceding article may include information circulated by third parties \u2019 <\/em><\/p>\r\n<p><em> \u2018 Some details of this article were extracted from the following source www.elespanol.com \u2019 <\/em><\/p>","protected":false},"excerpt":{"rendered":"<p>Giancarlo Murolo no permite que el tiempo pase por delante de sus propias decisiones. Hace 15 a\u00f1os dej\u00f3 atr\u00e1s Salerno (N\u00e1poles) para mudarse a Vigo, donde viv\u00eda uno de sus primos. Quer\u00eda cambiar de aires. Hasta el comienzo de la pandemia, el italiano trabajaba como ingeniero inform\u00e1tico, pero un nuevo impulso de transformaci\u00f3n le llev\u00f3 [&hellip;]<\/p>\n","protected":false},"author":2,"featured_media":292525,"comment_status":"open","ping_status":"closed","sticky":false,"template":"","format":"standard","meta":{"om_disable_all_campaigns":false,"jnews-multi-image_gallery":[],"jnews_single_post":[],"jnews_primary_category":[],"jnews_social_meta":[],"footnotes":""},"categories":[43],"tags":[],"class_list":["post-292524","post","type-post","status-publish","format-standard","has-post-thumbnail","hentry","category-gourmet"],"_links":{"self":[{"href":"https:\/\/dimensionturistica.com\/es\/wp-json\/wp\/v2\/posts\/292524","targetHints":{"allow":["GET"]}}],"collection":[{"href":"https:\/\/dimensionturistica.com\/es\/wp-json\/wp\/v2\/posts"}],"about":[{"href":"https:\/\/dimensionturistica.com\/es\/wp-json\/wp\/v2\/types\/post"}],"author":[{"embeddable":true,"href":"https:\/\/dimensionturistica.com\/es\/wp-json\/wp\/v2\/users\/2"}],"replies":[{"embeddable":true,"href":"https:\/\/dimensionturistica.com\/es\/wp-json\/wp\/v2\/comments?post=292524"}],"version-history":[{"count":0,"href":"https:\/\/dimensionturistica.com\/es\/wp-json\/wp\/v2\/posts\/292524\/revisions"}],"wp:featuredmedia":[{"embeddable":true,"href":"https:\/\/dimensionturistica.com\/es\/wp-json\/wp\/v2\/media\/292525"}],"wp:attachment":[{"href":"https:\/\/dimensionturistica.com\/es\/wp-json\/wp\/v2\/media?parent=292524"}],"wp:term":[{"taxonomy":"category","embeddable":true,"href":"https:\/\/dimensionturistica.com\/es\/wp-json\/wp\/v2\/categories?post=292524"},{"taxonomy":"post_tag","embeddable":true,"href":"https:\/\/dimensionturistica.com\/es\/wp-json\/wp\/v2\/tags?post=292524"}],"curies":[{"name":"wp","href":"https:\/\/api.w.org\/{rel}","templated":true}]}}