{"id":292277,"date":"2022-03-25T15:40:37","date_gmt":"2022-03-25T15:40:37","guid":{"rendered":"https:\/\/dimensionturistica.com\/es\/?p=292277"},"modified":"2022-03-25T15:40:37","modified_gmt":"2022-03-25T15:40:37","slug":"en-medellin-se-han-impuesto-70-comparendos-este-ano-por-invasion-a-ciclorrutas","status":"publish","type":"post","link":"https:\/\/dimensionturistica.com\/es\/en-medellin-se-han-impuesto-70-comparendos-este-ano-por-invasion-a-ciclorrutas\/","title":{"rendered":"En Medell\u00edn se han impuesto 70 comparendos este a\u00f1o por invasi\u00f3n a ciclorrutas"},"content":{"rendered":"<p> <br \/>\n<\/p>\n<div>\n<div class=\"paragraph\" mlnid=\"idcon=39695463;order=7.0\">\n<p>En el transcurso de 2022 las autoridades viales han impuesto 70 comparendos en Medell\u00edn por la obstrucci\u00f3n de las ciclorrutas. La Secretar\u00eda de Movilidad ha hecho recorridos de management en los que se han evidenciado violaciones a estos espacios.<\/p>\n<p>Entre los hechos m\u00e1s frecuentes se encuentran veh\u00edculos transitando por las ciclorrutas o parqueados en las mismas; personas que las usan para hacer mantenimiento de automotores, para cargar y descargar mercanc\u00eda, para hacer publicidad a sus marcas y hasta para disponer basuras.<\/p>\n<p>Seg\u00fan el reporte de la Alcald\u00eda de Medell\u00edn, <b>la ciclorruta de la carrera 65 es la m\u00e1s propensa a ser invadida, debido a que tiene una infraestructura liviana de carril preferencial. <\/b><\/p>\n<p>\u201cQueremos hacer un llamado a la ciudadan\u00eda para que respete la cicloinfraestructura y, especialmente, para que cuide la vida de los ciclistas que por all\u00ed transitan practicando la movilidad activa\u201d, expres\u00f3 Daniela Cardona, gerente de Movilidad Humana de la ciudad, quien a\u00f1adi\u00f3 que los operativos para evitar el mal uso de las ciclorrutas busca tambi\u00e9n promover el uso de la bicicleta como medio de transporte.<\/p>\n<p>De hecho, la meta de la administraci\u00f3n municipal es que <b>de aqu\u00ed a 2023 el 4% del whole de viajes o desplazamientos en la ciudad se haga en bicicleta.<\/b> En este momento esa cifra est\u00e1 en el 1%.<\/p>\n<p>Para cumplir con las tareas de management y patrullaje en las ciclorrutas, el cuerpo de Agentes de Tr\u00e1nsito de Medell\u00edn cuenta con 24 bicicletas el\u00e9ctricas.<\/p>\n<\/p><\/div>\n<div class=\"paragraph\" mlnid=\"idcon=39695624;order=9.0\">\n<p>El problema de la invasi\u00f3n a estos espacios ha generado varias pol\u00e9micas en la ciudad. Entre los casos m\u00e1s recientes est\u00e1 el de un bus que, a principios de marzo,<b> invadi\u00f3 una ciclorruta para evitar el tr\u00e1fico. <\/b>Un ciclista se plant\u00f3 en el lugar para no dejarlo seguir transitando por ese camino, tras lo cual el conductor del veh\u00edculo se llev\u00f3 algunos de los bolardos que separan la v\u00eda del carril de bicicletas.<\/p>\n<p>Posteriormente, se conoci\u00f3 que el veh\u00edculo fue inmovilizado, pero por una falta distinta a la invasi\u00f3n de la ciclorruta. El motivo por el que fue retenido es \u201ctotalmente ajeno\u201d a la invasi\u00f3n de la cicloinfraestructura, pues en el momento del hecho no hab\u00eda un agente de tr\u00e1nsito que tramitara la infracci\u00f3n. Aun as\u00ed, la Alcald\u00eda anunci\u00f3 sanciones por el hecho.<\/p>\n<p>Tambi\u00e9n recientemente gener\u00f3 controversia en Envigado<b> un conductor que invadi\u00f3 la ciclov\u00eda tradicional de los domingos <\/b>y, al momento de huir, arroll\u00f3 a una persona. El presunto responsable del hecho fue hallado y el carro inmovilizado.<\/p>\n<\/p><\/div><\/div>\n<p><script>\/*<![CDATA[*\/!function(h,a,i,c,j,d,g){if(h.fbq){return}j=h.fbq=function(){j.callMethod?j.callMethod.apply(j,arguments):j.queue.push(arguments)};if(!h._fbq){h._fbq=j}j.push=j;j.loaded=!0;j.version=\"2.0\";j.queue=[];d=a.createElement(i);d.async=!0;d.src=c;g=a.getElementsByTagName(i)[0];g.parentNode.insertBefore(d,g)}(window,document,\"script\",\"\/\/connect.facebook.net\/en_US\/fbevents.js\");fbq(\"init\",\"378526515676058\");fbq(\"track\",\"PageView\");\/*]]>*\/<\/script><br \/>\n<br \/><\/p>\n<p><em> &#8221; Fuentes www.elcolombiano.com &#8221; <\/em><\/p>\n","protected":false},"excerpt":{"rendered":"<p>En el transcurso de 2022 las autoridades viales han impuesto 70 comparendos en Medell\u00edn por la obstrucci\u00f3n de las ciclorrutas. La Secretar\u00eda de Movilidad ha hecho recorridos de management en los que se han evidenciado violaciones a estos espacios. Entre los hechos m\u00e1s frecuentes se encuentran veh\u00edculos transitando por las ciclorrutas o parqueados en las [&hellip;]<\/p>\n","protected":false},"author":4,"featured_media":292278,"comment_status":"open","ping_status":"closed","sticky":false,"template":"","format":"standard","meta":{"om_disable_all_campaigns":false,"jnews-multi-image_gallery":[],"jnews_single_post":[],"jnews_primary_category":[],"jnews_social_meta":[],"footnotes":""},"categories":[40],"tags":[5557],"class_list":["post-292277","post","type-post","status-publish","format-standard","has-post-thumbnail","hentry","category-industria","tag-medellin"],"_links":{"self":[{"href":"https:\/\/dimensionturistica.com\/es\/wp-json\/wp\/v2\/posts\/292277","targetHints":{"allow":["GET"]}}],"collection":[{"href":"https:\/\/dimensionturistica.com\/es\/wp-json\/wp\/v2\/posts"}],"about":[{"href":"https:\/\/dimensionturistica.com\/es\/wp-json\/wp\/v2\/types\/post"}],"author":[{"embeddable":true,"href":"https:\/\/dimensionturistica.com\/es\/wp-json\/wp\/v2\/users\/4"}],"replies":[{"embeddable":true,"href":"https:\/\/dimensionturistica.com\/es\/wp-json\/wp\/v2\/comments?post=292277"}],"version-history":[{"count":0,"href":"https:\/\/dimensionturistica.com\/es\/wp-json\/wp\/v2\/posts\/292277\/revisions"}],"wp:featuredmedia":[{"embeddable":true,"href":"https:\/\/dimensionturistica.com\/es\/wp-json\/wp\/v2\/media\/292278"}],"wp:attachment":[{"href":"https:\/\/dimensionturistica.com\/es\/wp-json\/wp\/v2\/media?parent=292277"}],"wp:term":[{"taxonomy":"category","embeddable":true,"href":"https:\/\/dimensionturistica.com\/es\/wp-json\/wp\/v2\/categories?post=292277"},{"taxonomy":"post_tag","embeddable":true,"href":"https:\/\/dimensionturistica.com\/es\/wp-json\/wp\/v2\/tags?post=292277"}],"curies":[{"name":"wp","href":"https:\/\/api.w.org\/{rel}","templated":true}]}}