{"id":292250,"date":"2022-03-25T14:42:30","date_gmt":"2022-03-25T14:42:30","guid":{"rendered":"https:\/\/dimensionturistica.com\/es\/?p=292250"},"modified":"2022-03-25T14:42:30","modified_gmt":"2022-03-25T14:42:30","slug":"sectur-y-fonatur-trabajan-para-que-los-beneficios-del-turismo-lleguen-a-las-zonas-mas-marginadas-del-pais","status":"publish","type":"post","link":"https:\/\/dimensionturistica.com\/es\/sectur-y-fonatur-trabajan-para-que-los-beneficios-del-turismo-lleguen-a-las-zonas-mas-marginadas-del-pais\/","title":{"rendered":"Sectur y Fonatur trabajan para que los beneficios del turismo lleguen a las zonas m\u00e1s marginadas del pa\u00eds"},"content":{"rendered":"<p>El secretario de Turismo del Gobierno de M\u00e9xico, Miguel Torruco Marqu\u00e9s, dio a conocer que en conjunto con el Fondo Nacional de Fomento al Turismo (Fonatur) se trabaja para que los beneficios de la actividad tur\u00edstica permeen en las zonas m\u00e1s marginadas de M\u00e9xico.<br \/>\nAcompa\u00f1ado del director general de Fonatur, Javier May Rodr\u00edguez, el titular de la Secretar\u00eda de Turismo (Sectur) encabez\u00f3 la Primera Sesi\u00f3n Ordinaria del Comit\u00e9 T\u00e9cnico de Fonatur 2022, e indic\u00f3 que este organismo ha servido para desarrollar la inversi\u00f3n tur\u00edstica de M\u00e9xico bajo los preceptos del desarrollo y la competitividad.<br \/>\nSin embargo, precis\u00f3 que es importante poner mayor \u00e9nfasis en el trabajo para garantizar que ese<img decoding=\"async\" class=\"size-medium wp-image-292251 alignright\" src=\"https:\/\/dimensionturistica.com\/es\/wp-content\/uploads\/2022\/03\/Sectur-Fonatur-2-300x200.jpg\" alt=\"\" width=\"300\" height=\"200\" srcset=\"https:\/\/dimensionturistica.com\/es\/wp-content\/uploads\/2022\/03\/Sectur-Fonatur-2-300x200.jpg 300w, https:\/\/dimensionturistica.com\/es\/wp-content\/uploads\/2022\/03\/Sectur-Fonatur-2.jpg 400w\" sizes=\"(max-width: 300px) 100vw, 300px\" \/> desarrollo llegue a las zonas m\u00e1s marginadas de nuestro pa\u00eds, las cuales han estado olvidadas desde hace muchos a\u00f1os.<br \/>\nAfirm\u00f3 que como nunca se hab\u00eda visto, hay inversi\u00f3n tur\u00edstica, que adem\u00e1s va acompa\u00f1ada de un plan de justicia, sin que ello signifique restar las condiciones de atractividad, rentabilidad y sostenibilidad.<br \/>\n&#8220;El mundo ha cambiado y el turismo debe hacerlo tambi\u00e9n; por ello, nuestros turistas nacionales e internacionales esperan desarrollos que no sean invasivos, que sean arm\u00f3nicos con el entorno, con sus tradiciones, con su historia y su cultura&#8221;, declar\u00f3 Torruco Marqu\u00e9s.<br \/>\nAnte los integrantes del Comit\u00e9 T\u00e9cnico de Fonatur, expuso que el proyecto del Tren Maya, en el que trabaja esta instituci\u00f3n, es parte del Plan Maestro que impulsar\u00e1 la descentralizaci\u00f3n de los destinos tur\u00edsticos y la regionalizaci\u00f3n de la actividad tur\u00edstica en el sureste de M\u00e9xico.<br \/>\nPara ello, ya se entreg\u00f3 a Fonatur una lista de 62 paquetes tur\u00edsticos que se podr\u00e1n ofrecer a lo largo de las 19 estaciones que integrar\u00e1n esta obra ferroviaria, con opciones para viajeros de todos los niveles socioecon\u00f3micos.<br \/>\nTorruco Marqu\u00e9s destac\u00f3 tambi\u00e9n los proyectos que se realizan en otras regiones del pa\u00eds como en Chetumal, en donde se moderniz\u00f3 el aeropuerto y se dar\u00e1 continuidad al dragado del Canal de Zaragoza para permitir la entrada de embarcaciones a la bah\u00eda sin pasar por San Pedro, Belice.<br \/>\nAdem\u00e1s de los proyectos como el Eje Nayarit, el Eje Sinaloa, los aeropuertos de Tulum en Quintana Roo, Creel en Chihuahua, la autopista de la ciudad de Oaxaca a Huatulco y el impulso a la Huasteca Potosina.<br \/>\n<img decoding=\"async\" class=\"size-medium wp-image-292252 alignleft\" src=\"https:\/\/dimensionturistica.com\/es\/wp-content\/uploads\/2022\/03\/Reunion-300x204.jpg\" alt=\"\" width=\"300\" height=\"204\" srcset=\"https:\/\/dimensionturistica.com\/es\/wp-content\/uploads\/2022\/03\/Reunion-300x204.jpg 300w, https:\/\/dimensionturistica.com\/es\/wp-content\/uploads\/2022\/03\/Reunion.jpg 400w\" sizes=\"(max-width: 300px) 100vw, 300px\" \/>Reiter\u00f3 que estas acciones permitir\u00e1n que M\u00e9xico ascienda en los indicadores mundiales de turismo, pues con los 54 mil millones de pesos ejercidos entre 2012 y 2018, M\u00e9xico se ubic\u00f3 en la s\u00e9ptima posici\u00f3n en llegada de turistas internacionales, pero en lugar 17 en captaci\u00f3n de divisas, en el n\u00famero 40 en gasto per c\u00e1pita, y en el 25 en competitividad tur\u00edstica y transparencia.<br \/>\nComent\u00f3 que, como lo ha destacado el presidente Andr\u00e9s Manuel L\u00f3pez Obrador, \u201cestamos frente a una oportunidad \u00fanica de transformaci\u00f3n, la cual debemos aprovechar para que el turismo no sea ajeno a los derechos y al bienestar social, ni a la responsabilidad con el ambiente y con nuestra historia\u201d.<br \/>\n&#8220;Desde la Secretar\u00eda de Turismo del Gobierno de M\u00e9xico valoramos las gestiones realizadas por Fonatur para detonar la actividad tur\u00edstica del pa\u00eds&#8221;, agreg\u00f3 Torruco Marqu\u00e9s.<br \/>\nPor su parte, el director general de Fonatur, Javier May Rodr\u00edguez, reiter\u00f3 el compromiso para cumplir la encomienda de concluir el proyecto del Tren Maya para finales de 2023, el cual ser\u00e1 un referente mundial, y potenciar\u00e1 el desarrollo del pa\u00eds, alineado a la pol\u00edtica de austeridad y combate a la corrupci\u00f3n.<br \/>\n\u201cLas obras p\u00fablicas ya no son la caja chica de nadie, trabajamos en un proyecto que cuida el medio ambiente y fomenta el desarrollo social\u201d, destac\u00f3 el titular de Fonatur.<br \/>\nEn la reuni\u00f3n estuvieron presentes tambi\u00e9n Humberto Hern\u00e1ndez-Haddad, subsecretario de Turismo y Alejandro Aguilera G\u00f3mez, titular de la Unidad de Informaci\u00f3n y Seguimiento de Sectur.<br \/>\nAdem\u00e1s asistieron representantes de las Secretar\u00edas de la Funci\u00f3n P\u00fablica, de Infraestructura Comunicaciones y Transportes, de Bienestar, de Medio Ambiente y Recursos Naturales, as\u00ed como del Banco de M\u00e9xico y NAFIN.<\/p>\n","protected":false},"excerpt":{"rendered":"<p>El secretario de Turismo del Gobierno de M\u00e9xico, Miguel Torruco Marqu\u00e9s, dio a conocer que en conjunto con el Fondo Nacional de Fomento al Turismo (Fonatur) se trabaja para que los beneficios de la actividad tur\u00edstica permeen en las zonas m\u00e1s marginadas de M\u00e9xico. Acompa\u00f1ado del director general de Fonatur, Javier May Rodr\u00edguez, el titular [&hellip;]<\/p>\n","protected":false},"author":1,"featured_media":292253,"comment_status":"open","ping_status":"closed","sticky":false,"template":"","format":"standard","meta":{"om_disable_all_campaigns":false,"jnews-multi-image_gallery":[],"jnews_single_post":{"source_name":"","source_url":"","via_name":"","via_url":"","override_template":"0","override":[{"template":"1","single_blog_custom":"","parallax":"1","fullscreen":"1","layout":"right-sidebar","sidebar":"default-sidebar","second_sidebar":"default-sidebar","sticky_sidebar":"1","share_position":"top","share_float_style":"share-monocrhome","show_share_counter":"1","show_view_counter":"1","show_featured":"1","show_post_meta":"1","show_post_author":"1","show_post_author_image":"1","show_post_date":"1","post_date_format":"default","post_date_format_custom":"Y\/m\/d","show_post_category":"1","show_post_reading_time":"0","post_reading_time_wpm":"300","show_zoom_button":"0","zoom_button_out_step":"2","zoom_button_in_step":"3","show_post_tag":"1","show_prev_next_post":"1","show_popup_post":"1","number_popup_post":"1","show_author_box":"0","show_post_related":"0","show_inline_post_related":"0"}],"override_image_size":"0","image_override":[{"single_post_thumbnail_size":"crop-500","single_post_gallery_size":"crop-500"}],"trending_post":"0","trending_post_position":"meta","trending_post_label":"Trending","sponsored_post":"0","sponsored_post_label":"Sponsored by","sponsored_post_name":"","sponsored_post_url":"","sponsored_post_logo_enable":"0","sponsored_post_logo":"","sponsored_post_desc":"","disable_ad":"0"},"jnews_primary_category":{"id":""},"jnews_social_meta":{"fb_title":"","fb_description":"","fb_image":"","twitter_title":"","twitter_description":"","twitter_image":""},"footnotes":""},"categories":[39],"tags":[],"class_list":["post-292250","post","type-post","status-publish","format-standard","has-post-thumbnail","hentry","category-viajes"],"_links":{"self":[{"href":"https:\/\/dimensionturistica.com\/es\/wp-json\/wp\/v2\/posts\/292250","targetHints":{"allow":["GET"]}}],"collection":[{"href":"https:\/\/dimensionturistica.com\/es\/wp-json\/wp\/v2\/posts"}],"about":[{"href":"https:\/\/dimensionturistica.com\/es\/wp-json\/wp\/v2\/types\/post"}],"author":[{"embeddable":true,"href":"https:\/\/dimensionturistica.com\/es\/wp-json\/wp\/v2\/users\/1"}],"replies":[{"embeddable":true,"href":"https:\/\/dimensionturistica.com\/es\/wp-json\/wp\/v2\/comments?post=292250"}],"version-history":[{"count":0,"href":"https:\/\/dimensionturistica.com\/es\/wp-json\/wp\/v2\/posts\/292250\/revisions"}],"wp:featuredmedia":[{"embeddable":true,"href":"https:\/\/dimensionturistica.com\/es\/wp-json\/wp\/v2\/media\/292253"}],"wp:attachment":[{"href":"https:\/\/dimensionturistica.com\/es\/wp-json\/wp\/v2\/media?parent=292250"}],"wp:term":[{"taxonomy":"category","embeddable":true,"href":"https:\/\/dimensionturistica.com\/es\/wp-json\/wp\/v2\/categories?post=292250"},{"taxonomy":"post_tag","embeddable":true,"href":"https:\/\/dimensionturistica.com\/es\/wp-json\/wp\/v2\/tags?post=292250"}],"curies":[{"name":"wp","href":"https:\/\/api.w.org\/{rel}","templated":true}]}}