{"id":292022,"date":"2022-03-24T21:47:31","date_gmt":"2022-03-24T21:47:31","guid":{"rendered":"https:\/\/dimensionturistica.com\/es\/?p=292022"},"modified":"2022-03-24T21:47:31","modified_gmt":"2022-03-24T21:47:31","slug":"anuncia-el-zoologico-guadalajara-el-nacimiento-de-dos-jirafas","status":"publish","type":"post","link":"https:\/\/dimensionturistica.com\/es\/anuncia-el-zoologico-guadalajara-el-nacimiento-de-dos-jirafas\/","title":{"rendered":"Anuncia el Zool\u00f3gico Guadalajara el nacimiento de dos Jirafas"},"content":{"rendered":"<p><img decoding=\"async\" class=\"size-full wp-image-292026 alignright\" src=\"https:\/\/dimensionturistica.com\/es\/wp-content\/uploads\/2022\/03\/276139961_1506960643053370_6421682587269196625_n.jpg\" alt=\"\" width=\"225\" height=\"225\" srcset=\"https:\/\/dimensionturistica.com\/es\/wp-content\/uploads\/2022\/03\/276139961_1506960643053370_6421682587269196625_n.jpg 225w, https:\/\/dimensionturistica.com\/es\/wp-content\/uploads\/2022\/03\/276139961_1506960643053370_6421682587269196625_n-150x150.jpg 150w, https:\/\/dimensionturistica.com\/es\/wp-content\/uploads\/2022\/03\/276139961_1506960643053370_6421682587269196625_n-75x75.jpg 75w\" sizes=\"(max-width: 225px) 100vw, 225px\" \/>El Zool\u00f3gico y Safari de Guadalajara anunci\u00f3 el nacimiento de Mwezi y Jua, dos cr\u00edas de jirafas cuyos nombres significan Luna y Sol en la lengua africana swahili. Las peque\u00f1as tienen tan solo dos y cinco meses de edad, sin embargo, ya miden m\u00e1s de 1.80m de altura.<br \/>\nEste zool\u00f3gico es uno de los m\u00e1s importantes de M\u00e9xico, y actualmente tiene bajo su cuidado a un total de 15 jirafas, tres machos y 12 hembras, con las nuevas dos cr\u00edas.<br \/>\nMwezi (Luna) recibi\u00f3 su nombre debido a que su alumbramiento se dio una noche de luna llena, el 16 de octubre de 2021. Es hija de Bakit y Juana, una hembra tambi\u00e9n nacida en el parque. Por otra parte, Jua (Sol) naci\u00f3 el 11 de enero de este a\u00f1o, y es hija de la pareja formada por Bakit y Luisa, tambi\u00e9n nacida en el zool\u00f3gico.<br \/>\nAunque ambas cr\u00edas tienen meses de nacida, ya miden m\u00e1s de 1.80 metros de altura y son inquietas y muy curiosas. Se les puede ver en refugio jugando y corriendo de un lado a otro.<br \/>\nAntes de su alumbramiento, las jirafas tienen un periodo de gestaci\u00f3n de aproximadamente en 15<img decoding=\"async\" class=\"size-medium wp-image-292027 alignleft\" src=\"https:\/\/dimensionturistica.com\/es\/wp-content\/uploads\/2022\/03\/image-254x300.png\" alt=\"\" width=\"254\" height=\"300\" srcset=\"https:\/\/dimensionturistica.com\/es\/wp-content\/uploads\/2022\/03\/image-254x300.png 254w, https:\/\/dimensionturistica.com\/es\/wp-content\/uploads\/2022\/03\/image.png 465w\" sizes=\"(max-width: 254px) 100vw, 254px\" \/> meses, y al nacer, suelen pesar entre 47 y 60 kilos. Su promedio de vida es de 25 a\u00f1os, sin embargo, bajo cuidado humano este periodo puede aumentar.<br \/>\nLas jirafas son consideradas como los animales terrestres m\u00e1s altos del mundo; los machos pueden llegar a medir m\u00e1s de cinco metros, y las hembras, hasta cuatro metros.<br \/>\nLa Oficina de Visitantes y Convenciones de Guadalajara te invita a visitar a estas nuevas inquilinas del zool\u00f3gico para aprender de esta especie y observar c\u00f3mo sus madres las alimentan y les ense\u00f1an a socializar.<br \/>\nAdem\u00e1s, puedes disfrutar otras atracciones como la Pinguarder\u00eda, una guarder\u00eda acondicionada para las cr\u00edas de ping\u00fcino: el m\u00e1s peque\u00f1o, una cr\u00eda de gentoo hijo de Usagi y Steve; y un polluelo de Adelie nacido en enero, ambas especies ant\u00e1rticas reproducidas en el recinto.<br \/>\nVIDEO ZOOL\u00d3GICO DE GUADALAJARA: https:\/\/www.facebook.com\/zoologicogdl\/videos\/405264954648898\/<\/p>\n<p>&nbsp;<\/p>\n<p>&nbsp;<\/p>\n","protected":false},"excerpt":{"rendered":"<p>El Zool\u00f3gico y Safari de Guadalajara anunci\u00f3 el nacimiento de Mwezi y Jua, dos cr\u00edas de jirafas cuyos nombres significan Luna y Sol en la lengua africana swahili. Las peque\u00f1as tienen tan solo dos y cinco meses de edad, sin embargo, ya miden m\u00e1s de 1.80m de altura. Este zool\u00f3gico es uno de los m\u00e1s [&hellip;]<\/p>\n","protected":false},"author":1,"featured_media":292028,"comment_status":"open","ping_status":"closed","sticky":false,"template":"","format":"standard","meta":{"om_disable_all_campaigns":false,"jnews-multi-image_gallery":[],"jnews_single_post":{"source_name":"","source_url":"","via_name":"","via_url":"","override_template":"0","override":[{"template":"1","single_blog_custom":"","parallax":"1","fullscreen":"1","layout":"right-sidebar","sidebar":"default-sidebar","second_sidebar":"default-sidebar","sticky_sidebar":"1","share_position":"top","share_float_style":"share-monocrhome","show_share_counter":"1","show_view_counter":"1","show_featured":"1","show_post_meta":"1","show_post_author":"1","show_post_author_image":"1","show_post_date":"1","post_date_format":"default","post_date_format_custom":"Y\/m\/d","show_post_category":"1","show_post_reading_time":"0","post_reading_time_wpm":"300","show_zoom_button":"0","zoom_button_out_step":"2","zoom_button_in_step":"3","show_post_tag":"1","show_prev_next_post":"1","show_popup_post":"1","number_popup_post":"1","show_author_box":"0","show_post_related":"0","show_inline_post_related":"0"}],"override_image_size":"0","image_override":[{"single_post_thumbnail_size":"crop-500","single_post_gallery_size":"crop-500"}],"trending_post":"0","trending_post_position":"meta","trending_post_label":"Trending","sponsored_post":"0","sponsored_post_label":"Sponsored by","sponsored_post_name":"","sponsored_post_url":"","sponsored_post_logo_enable":"0","sponsored_post_logo":"","sponsored_post_desc":"","disable_ad":"0"},"jnews_primary_category":{"id":""},"jnews_social_meta":{"fb_title":"","fb_description":"","fb_image":"","twitter_title":"","twitter_description":"","twitter_image":""},"footnotes":""},"categories":[39],"tags":[],"class_list":["post-292022","post","type-post","status-publish","format-standard","has-post-thumbnail","hentry","category-viajes"],"_links":{"self":[{"href":"https:\/\/dimensionturistica.com\/es\/wp-json\/wp\/v2\/posts\/292022","targetHints":{"allow":["GET"]}}],"collection":[{"href":"https:\/\/dimensionturistica.com\/es\/wp-json\/wp\/v2\/posts"}],"about":[{"href":"https:\/\/dimensionturistica.com\/es\/wp-json\/wp\/v2\/types\/post"}],"author":[{"embeddable":true,"href":"https:\/\/dimensionturistica.com\/es\/wp-json\/wp\/v2\/users\/1"}],"replies":[{"embeddable":true,"href":"https:\/\/dimensionturistica.com\/es\/wp-json\/wp\/v2\/comments?post=292022"}],"version-history":[{"count":0,"href":"https:\/\/dimensionturistica.com\/es\/wp-json\/wp\/v2\/posts\/292022\/revisions"}],"wp:featuredmedia":[{"embeddable":true,"href":"https:\/\/dimensionturistica.com\/es\/wp-json\/wp\/v2\/media\/292028"}],"wp:attachment":[{"href":"https:\/\/dimensionturistica.com\/es\/wp-json\/wp\/v2\/media?parent=292022"}],"wp:term":[{"taxonomy":"category","embeddable":true,"href":"https:\/\/dimensionturistica.com\/es\/wp-json\/wp\/v2\/categories?post=292022"},{"taxonomy":"post_tag","embeddable":true,"href":"https:\/\/dimensionturistica.com\/es\/wp-json\/wp\/v2\/tags?post=292022"}],"curies":[{"name":"wp","href":"https:\/\/api.w.org\/{rel}","templated":true}]}}