{"id":291835,"date":"2022-03-24T13:59:31","date_gmt":"2022-03-24T13:59:31","guid":{"rendered":"https:\/\/dimensionturistica.com\/es\/?p=291835"},"modified":"2022-03-24T13:59:32","modified_gmt":"2022-03-24T13:59:32","slug":"importante-firma-mexicana-de-turismo-asistira-a-fitcuba-2022","status":"publish","type":"post","link":"https:\/\/dimensionturistica.com\/es\/importante-firma-mexicana-de-turismo-asistira-a-fitcuba-2022\/","title":{"rendered":"Importante firma mexicana de turismo asistir\u00e1 a FITCuba 2022"},"content":{"rendered":"<p> <br \/>\n<\/p>\n<div>\n<p>   El empresario Armando Bojorquez, CEO o l\u00edder de su empresa, viajar\u00e1 a Cuba acompa\u00f1ado de un grupo importante de empresarios y agentes para participar en la mencionada reuni\u00f3n.<\/p>\n<p>   Esa cita se efect\u00faa en el m\u00e1s importante balneario de esta isla, a 140 kil\u00f3metros hacia el este de La Habana, la capital, playa calificada como la segunda mejor del mundo por el sitio TripAdvisor.<\/p>\n<p>   Viajes Bojorquez realiz\u00f3 importantes acciones para promover el destino caribe\u00f1o en M\u00e9xico y estimular las vacaciones en la isla, liderando la cadena de vuelos charters a bordo de la l\u00ednea a\u00e9rea mexicana Magnicharters.<\/p>\n<p>   Esas acciones las realiz\u00f3 junto a otros operadores como Take pleasure in Cuba, Vi\u00f1ales y Proturs.<\/p>\n<p>   La capacitaci\u00f3n constante a las agencias de viajes, forma parte de sus objetivos principales, se\u00f1ala el empresario, que considera a FITCuba como el mejor escenario para actualizarse con todas las novedades, servicios y productos de la isla.<\/p>\n<p>   Es la oportunidad, dijo, de conocer los grupos hoteleros radicados en el pa\u00eds, participar en los foros simult\u00e1neos de negocios, tecnolog\u00eda y eventos e incentivos,  asistir a la feria expositora con empresas prestadoras de servicios y suministradoras al turismo, adem\u00e1s de negocios para inversi\u00f3n.<\/p>\n<p>   Viajes Bojorquez se\u00f1al\u00f3 adem\u00e1s su inter\u00e9s en continuar promoviendo los diferentes destinos, potenciar con fuerza este a\u00f1o el Oriente Cubano sobre todo la ciudad de Holgu\u00edn, y explotar al m\u00e1ximo el potencial cultural de la isla.<\/p>\n<p>   Referente a la apuesta por el multidestino y la extensi\u00f3n de vuelos charters al pa\u00eds caribe\u00f1o, hoy en M\u00e9xico esa firma tiene nueve frecuencias a la semana, dos desde la Ciudad de M\u00e9xico, seis desde Canc\u00fan y una desde M\u00e9rida, mientras pr\u00f3ximamente abrir\u00e1n desde Monterrey y Guadalajara.<\/p>\n<p>   Viajes Bojorquez considera alternativas para entrar a promover Cuba desde destinos de Centroam\u00e9rica y Sudam\u00e9rica en alianza con otros mayoristas.<\/p>\n<p>   Bojorquez, como presidente de la Asociaci\u00f3n para la Cultura y el Turismo en Am\u00e9rica Latina, apuesta por Cuba, no solo como uno de los mejores destinos accesibles de la regi\u00f3n, sino el lugar ideally suited para que familias y amigos desde M\u00e9xico y Latinoam\u00e9rica disfruten del descanso.<\/p>\n<p>jcm\/rfc<\/p>\n<\/p><\/div>\n\n<p><em> &#8221; Fuentes www.prensa-latina.cu &#8221; <\/em><\/p>\n","protected":false},"excerpt":{"rendered":"<p>El empresario Armando Bojorquez, CEO o l\u00edder de su empresa, viajar\u00e1 a Cuba acompa\u00f1ado de un grupo importante de empresarios y agentes para participar en la mencionada reuni\u00f3n. Esa cita se efect\u00faa en el m\u00e1s importante balneario de esta isla, a 140 kil\u00f3metros hacia el este de La Habana, la capital, playa calificada como la [&hellip;]<\/p>\n","protected":false},"author":4,"featured_media":221258,"comment_status":"open","ping_status":"closed","sticky":false,"template":"","format":"standard","meta":{"om_disable_all_campaigns":false,"jnews-multi-image_gallery":[],"jnews_single_post":[],"jnews_primary_category":[],"jnews_social_meta":[],"footnotes":""},"categories":[39],"tags":[715,35201,544],"class_list":["post-291835","post","type-post","status-publish","format-standard","has-post-thumbnail","hentry","category-viajes","tag-economia","tag-nota-informativa","tag-turismo"],"_links":{"self":[{"href":"https:\/\/dimensionturistica.com\/es\/wp-json\/wp\/v2\/posts\/291835","targetHints":{"allow":["GET"]}}],"collection":[{"href":"https:\/\/dimensionturistica.com\/es\/wp-json\/wp\/v2\/posts"}],"about":[{"href":"https:\/\/dimensionturistica.com\/es\/wp-json\/wp\/v2\/types\/post"}],"author":[{"embeddable":true,"href":"https:\/\/dimensionturistica.com\/es\/wp-json\/wp\/v2\/users\/4"}],"replies":[{"embeddable":true,"href":"https:\/\/dimensionturistica.com\/es\/wp-json\/wp\/v2\/comments?post=291835"}],"version-history":[{"count":0,"href":"https:\/\/dimensionturistica.com\/es\/wp-json\/wp\/v2\/posts\/291835\/revisions"}],"wp:featuredmedia":[{"embeddable":true,"href":"https:\/\/dimensionturistica.com\/es\/wp-json\/wp\/v2\/media\/221258"}],"wp:attachment":[{"href":"https:\/\/dimensionturistica.com\/es\/wp-json\/wp\/v2\/media?parent=291835"}],"wp:term":[{"taxonomy":"category","embeddable":true,"href":"https:\/\/dimensionturistica.com\/es\/wp-json\/wp\/v2\/categories?post=291835"},{"taxonomy":"post_tag","embeddable":true,"href":"https:\/\/dimensionturistica.com\/es\/wp-json\/wp\/v2\/tags?post=291835"}],"curies":[{"name":"wp","href":"https:\/\/api.w.org\/{rel}","templated":true}]}}