{"id":291472,"date":"2022-03-23T18:48:51","date_gmt":"2022-03-23T18:48:51","guid":{"rendered":"https:\/\/dimensionturistica.com\/es\/?p=291472"},"modified":"2022-03-23T18:48:51","modified_gmt":"2022-03-23T18:48:51","slug":"la-metro-lleva-a-cabo-su-2da-asamblea-de-promocion-turistica-reafirmando-la-necesidad-de-un-nuevo-rnt","status":"publish","type":"post","link":"https:\/\/dimensionturistica.com\/es\/la-metro-lleva-a-cabo-su-2da-asamblea-de-promocion-turistica-reafirmando-la-necesidad-de-un-nuevo-rnt\/","title":{"rendered":"La Metro lleva a cabo su 2da. Asamblea de Promoci\u00f3n Tur\u00edstica reafirmando la necesidad de un nuevo RNT"},"content":{"rendered":"<p><img decoding=\"async\" class=\"size-medium wp-image-291477 alignleft\" src=\"https:\/\/dimensionturistica.com\/es\/wp-content\/uploads\/2022\/03\/METRO0594-300x200.jpg\" alt=\"\" width=\"300\" height=\"200\" srcset=\"https:\/\/dimensionturistica.com\/es\/wp-content\/uploads\/2022\/03\/METRO0594-300x200.jpg 300w, https:\/\/dimensionturistica.com\/es\/wp-content\/uploads\/2022\/03\/METRO0594.jpg 400w\" sizes=\"(max-width: 300px) 100vw, 300px\" \/>En el hotel Presidente Intercontinental de la Ciudad de M\u00e9xico, se realiz\u00f3 la segunda Asamblea de Promoci\u00f3n Tur\u00edstica de la Metropolitana de Viajes. En la misma estuvieron como patrocinadores e invitados, Francisco Barriga, Director e-commerce, Tour &amp; Travel &amp; Crece de Grupo Presidente, qui\u00e9n mostr\u00f3 el portafolio de hoteles de la compa\u00f1\u00eda; Daniel Espinosa, Director General de Daniel Espinosa Soluciones Financieras; Octavio Aguilar, Consultor de Negocios de Sabre; Francisco Madrid, Director de Cicotur An\u00e1huac y Antoine Zervudacki, Director de Letsmake Innovation.<br \/>\nCon respecto a las finanzas, Daniel Espinosa comparti\u00f3 con los socios, que la administraci\u00f3n es la<img decoding=\"async\" class=\"size-medium wp-image-291481 alignleft\" src=\"https:\/\/dimensionturistica.com\/es\/wp-content\/uploads\/2022\/03\/METRO0581-300x200.jpg\" alt=\"\" width=\"300\" height=\"200\" srcset=\"https:\/\/dimensionturistica.com\/es\/wp-content\/uploads\/2022\/03\/METRO0581-300x200.jpg 300w, https:\/\/dimensionturistica.com\/es\/wp-content\/uploads\/2022\/03\/METRO0581.jpg 400w\" sizes=\"(max-width: 300px) 100vw, 300px\" \/> base de un buen negocio, que siempre hay que ver el factor humano de una organizaci\u00f3n y las modernas estrategias de ahorro que ya existen. Octavio Aguilar de Sabre, coment\u00f3 los porcentajes de recuperaci\u00f3n 2019-2021, 86% en vuelos dom\u00e9sticos, 75% vuelos internacionales, 0TA\u00b4S 49.3%, B&amp;M 40.7% y Globales 34.7%. Por su parte, Francisco Madrid de Cicotur An\u00e1huac, concluy\u00f3 con su equipo, que el gran valor de los agentes de viajes est\u00e1 en su enfoque en el cliente, en darle certeza y seguridad y que nunca lo dejen solo. Antoine Zervudacki, de Letsmake Innovation, fue enf\u00e1tico en asegurar que las empresas deben<img decoding=\"async\" class=\"size-medium wp-image-291482 alignleft\" src=\"https:\/\/dimensionturistica.com\/es\/wp-content\/uploads\/2022\/03\/METRO0587-300x200.jpg\" alt=\"\" width=\"300\" height=\"200\" srcset=\"https:\/\/dimensionturistica.com\/es\/wp-content\/uploads\/2022\/03\/METRO0587-300x200.jpg 300w, https:\/\/dimensionturistica.com\/es\/wp-content\/uploads\/2022\/03\/METRO0587.jpg 400w\" sizes=\"(max-width: 300px) 100vw, 300px\" \/> transformarse desde dentro y su enfoque debe ser en la persona, no solo el cliente sino el colaborador, a qui\u00e9n hay que empoderar, hacerlo mejor anfitri\u00f3n, con capacidad de resolver problemas y responsable; los mejores equipos ganan, si est\u00e1n formados por los mejores elementos.<br \/>\nJos\u00e9 Luis Medina, Presidente de la Metro, recibi\u00f3 a los participantes recordando el seguimiento que est\u00e1n dando con el gobierno federal a la creaci\u00f3n de mesas de trabajo para crear un RNT nuevo, el trabajo que desarrollar\u00e1n este a\u00f1o con diferentes universidades para compartir el valor de un agente de viajes hoy en d\u00eda y enfoque en apoyar la comercializaci\u00f3n de los productos de los socios y sus empresas.<\/p>\n","protected":false},"excerpt":{"rendered":"<p>En el hotel Presidente Intercontinental de la Ciudad de M\u00e9xico, se realiz\u00f3 la segunda Asamblea de Promoci\u00f3n Tur\u00edstica de la Metropolitana de Viajes. En la misma estuvieron como patrocinadores e invitados, Francisco Barriga, Director e-commerce, Tour &amp; Travel &amp; Crece de Grupo Presidente, qui\u00e9n mostr\u00f3 el portafolio de hoteles de la compa\u00f1\u00eda; Daniel Espinosa, Director [&hellip;]<\/p>\n","protected":false},"author":1,"featured_media":291485,"comment_status":"open","ping_status":"closed","sticky":false,"template":"","format":"standard","meta":{"om_disable_all_campaigns":false,"jnews-multi-image_gallery":[],"jnews_single_post":{"source_name":"","source_url":"","via_name":"","via_url":"","override_template":"0","override":[{"template":"1","single_blog_custom":"","parallax":"1","fullscreen":"1","layout":"right-sidebar","sidebar":"default-sidebar","second_sidebar":"default-sidebar","sticky_sidebar":"1","share_position":"top","share_float_style":"share-monocrhome","show_share_counter":"1","show_view_counter":"1","show_featured":"1","show_post_meta":"1","show_post_author":"1","show_post_author_image":"1","show_post_date":"1","post_date_format":"default","post_date_format_custom":"Y\/m\/d","show_post_category":"1","show_post_reading_time":"0","post_reading_time_wpm":"300","show_zoom_button":"0","zoom_button_out_step":"2","zoom_button_in_step":"3","show_post_tag":"1","show_prev_next_post":"1","show_popup_post":"1","number_popup_post":"1","show_author_box":"0","show_post_related":"0","show_inline_post_related":"0"}],"override_image_size":"0","image_override":[{"single_post_thumbnail_size":"crop-500","single_post_gallery_size":"crop-500"}],"trending_post":"0","trending_post_position":"meta","trending_post_label":"Trending","sponsored_post":"0","sponsored_post_label":"Sponsored by","sponsored_post_name":"","sponsored_post_url":"","sponsored_post_logo_enable":"0","sponsored_post_logo":"","sponsored_post_desc":"","disable_ad":"0"},"jnews_primary_category":{"id":""},"jnews_social_meta":{"fb_title":"","fb_description":"","fb_image":"","twitter_title":"","twitter_description":"","twitter_image":""},"footnotes":""},"categories":[39],"tags":[],"class_list":["post-291472","post","type-post","status-publish","format-standard","has-post-thumbnail","hentry","category-viajes"],"_links":{"self":[{"href":"https:\/\/dimensionturistica.com\/es\/wp-json\/wp\/v2\/posts\/291472","targetHints":{"allow":["GET"]}}],"collection":[{"href":"https:\/\/dimensionturistica.com\/es\/wp-json\/wp\/v2\/posts"}],"about":[{"href":"https:\/\/dimensionturistica.com\/es\/wp-json\/wp\/v2\/types\/post"}],"author":[{"embeddable":true,"href":"https:\/\/dimensionturistica.com\/es\/wp-json\/wp\/v2\/users\/1"}],"replies":[{"embeddable":true,"href":"https:\/\/dimensionturistica.com\/es\/wp-json\/wp\/v2\/comments?post=291472"}],"version-history":[{"count":0,"href":"https:\/\/dimensionturistica.com\/es\/wp-json\/wp\/v2\/posts\/291472\/revisions"}],"wp:featuredmedia":[{"embeddable":true,"href":"https:\/\/dimensionturistica.com\/es\/wp-json\/wp\/v2\/media\/291485"}],"wp:attachment":[{"href":"https:\/\/dimensionturistica.com\/es\/wp-json\/wp\/v2\/media?parent=291472"}],"wp:term":[{"taxonomy":"category","embeddable":true,"href":"https:\/\/dimensionturistica.com\/es\/wp-json\/wp\/v2\/categories?post=291472"},{"taxonomy":"post_tag","embeddable":true,"href":"https:\/\/dimensionturistica.com\/es\/wp-json\/wp\/v2\/tags?post=291472"}],"curies":[{"name":"wp","href":"https:\/\/api.w.org\/{rel}","templated":true}]}}