{"id":291457,"date":"2022-03-23T18:17:35","date_gmt":"2022-03-23T18:17:35","guid":{"rendered":"https:\/\/dimensionturistica.com\/es\/?p=291457"},"modified":"2022-03-23T18:17:35","modified_gmt":"2022-03-23T18:17:35","slug":"volaris-expande-presencia-en-sudamerica-con-vuelos-a-peru","status":"publish","type":"post","link":"https:\/\/dimensionturistica.com\/es\/volaris-expande-presencia-en-sudamerica-con-vuelos-a-peru\/","title":{"rendered":"Volaris expande presencia en Sudam\u00e9rica con vuelos a Per\u00fa"},"content":{"rendered":"<p><img decoding=\"async\" class=\"size-medium wp-image-291461 alignleft\" src=\"https:\/\/dimensionturistica.com\/es\/wp-content\/uploads\/2022\/03\/unnamed-22-300x169.jpg\" alt=\"\" width=\"300\" height=\"169\" srcset=\"https:\/\/dimensionturistica.com\/es\/wp-content\/uploads\/2022\/03\/unnamed-22-300x169.jpg 300w, https:\/\/dimensionturistica.com\/es\/wp-content\/uploads\/2022\/03\/unnamed-22-1024x575.jpg 1024w, https:\/\/dimensionturistica.com\/es\/wp-content\/uploads\/2022\/03\/unnamed-22-768x431.jpg 768w, https:\/\/dimensionturistica.com\/es\/wp-content\/uploads\/2022\/03\/unnamed-22-750x421.jpg 750w, https:\/\/dimensionturistica.com\/es\/wp-content\/uploads\/2022\/03\/unnamed-22-1140x640.jpg 1140w, https:\/\/dimensionturistica.com\/es\/wp-content\/uploads\/2022\/03\/unnamed-22.jpg 1280w\" sizes=\"(max-width: 300px) 100vw, 300px\" \/>Volaris, la aerol\u00ednea de ultra bajo costo que opera en M\u00e9xico, Estados Unidos, Centroam\u00e9rica y Sudam\u00e9rica, aterriza por primera vez en Per\u00fa con las rutas Ciudad de M\u00e9xico-Lima (MEX-LIM) y Canc\u00fan-Lima (CUN-LIM), que inician operaciones el 1 de junio.<br \/>\nPer\u00fa es uno de los mercados con mayor crecimiento en el n\u00famero de visitantes mexicanos. Datos de la Comisi\u00f3n de Promoci\u00f3n del Per\u00fa para la Exportaci\u00f3n y el Turismo (PromPer\u00fa) muestran que el n\u00famero de turistas provenientes de M\u00e9xico se duplic\u00f3 a finales de 2019, pasando de 12 por ciento a 24 por ciento. Adem\u00e1s, la estancia promedio del mexicano es de diez d\u00edas y el gasto promedio por persona ronda los mil 100 d\u00f3lares.<br \/>\n\u201cCon estas se\u00f1ales de recuperaci\u00f3n, este a\u00f1o, sumar Per\u00fa a nuestra red fue uno de los principales objetivos en la estrategia de expansi\u00f3n. Adem\u00e1s de unirnos el lenguaje y una composici\u00f3n demogr\u00e1fica similar, los mexicanos encuentran en este pa\u00eds la oportunidad de experimentar un viaje multicultural, gastron\u00f3mico, de aventura y misticismo por sus reservas naturales y patrimonios de la humanidad\u201d, se\u00f1al\u00f3 Holger Blankenstein, vicepresidente ejecutivo de Volaris.<br \/>\nLa ruta Ciudad de M\u00e9xico-Lima est\u00e1 pensada para ampliar la oferta de viajes de placer, as\u00ed como incentivar el intercambio comercial y de negocios, al unir dos capitales. Volaris ser\u00e1 la primera<img decoding=\"async\" class=\"size-medium wp-image-291462 alignleft\" src=\"https:\/\/dimensionturistica.com\/es\/wp-content\/uploads\/2022\/03\/MACHUPICHO-300x168.jpg\" alt=\"\" width=\"300\" height=\"168\" srcset=\"https:\/\/dimensionturistica.com\/es\/wp-content\/uploads\/2022\/03\/MACHUPICHO-300x168.jpg 300w, https:\/\/dimensionturistica.com\/es\/wp-content\/uploads\/2022\/03\/MACHUPICHO.jpg 400w\" sizes=\"(max-width: 300px) 100vw, 300px\" \/> aerol\u00ednea de ultra bajo costo nacional en volar a este destino. Desde su inicio de operaciones en el Aeropuerto Internacional de la Ciudad de M\u00e9xico, la aerol\u00ednea ha transportado m\u00e1s de 56 millones de pasajeros en 49 rutas.<br \/>\nPor su parte, la ruta Canc\u00fan-Lima atender\u00e1 principalmente el mercado de turismo recreativo, al conectar la capital peruana con el destino del Caribe m\u00e1s importante, donde Volaris ha transportado m\u00e1s de 26 millones de pasajeros, posicion\u00e1ndose como el operador m\u00e1s grande.<br \/>\nLos interesados en experimentar estas rutas pueden adquirir sus boletos desde $99 d\u00f3lares, vuelo sencillo e impuestos incluidos, a trav\u00e9s de www.volaris.com en los siguientes itinerarios:<br \/>\nMEX-LIM<br \/>\nFrecuencia: diario<br \/>\nSaliendo de Ciudad de M\u00e9xico a las 23:25 hrs., llegando a Lima a las 05:05 hrs.<br \/>\nSaliendo de Lima a las 06:05 hrs., llegando a Ciudad de M\u00e9xico a las 12:01 hrs.<br \/>\nCUN-LIM Frecuencia: diario<br \/>\nSaliendo de Canc\u00fan a las 00:14 hrs., llegando a Lima a las 05:30 hrs.<br \/>\nSaliendo de Lima a las 06:25 hrs., llegando a Canc\u00fan a las 11:58 hrs.<\/p>\n","protected":false},"excerpt":{"rendered":"<p>Volaris, la aerol\u00ednea de ultra bajo costo que opera en M\u00e9xico, Estados Unidos, Centroam\u00e9rica y Sudam\u00e9rica, aterriza por primera vez en Per\u00fa con las rutas Ciudad de M\u00e9xico-Lima (MEX-LIM) y Canc\u00fan-Lima (CUN-LIM), que inician operaciones el 1 de junio. Per\u00fa es uno de los mercados con mayor crecimiento en el n\u00famero de visitantes mexicanos. Datos [&hellip;]<\/p>\n","protected":false},"author":1,"featured_media":291463,"comment_status":"open","ping_status":"closed","sticky":false,"template":"","format":"standard","meta":{"om_disable_all_campaigns":false,"jnews-multi-image_gallery":[],"jnews_single_post":{"source_name":"","source_url":"","via_name":"","via_url":"","override_template":"0","override":[{"template":"1","single_blog_custom":"","parallax":"1","fullscreen":"1","layout":"right-sidebar","sidebar":"default-sidebar","second_sidebar":"default-sidebar","sticky_sidebar":"1","share_position":"top","share_float_style":"share-monocrhome","show_share_counter":"1","show_view_counter":"1","show_featured":"1","show_post_meta":"1","show_post_author":"1","show_post_author_image":"1","show_post_date":"1","post_date_format":"default","post_date_format_custom":"Y\/m\/d","show_post_category":"1","show_post_reading_time":"0","post_reading_time_wpm":"300","show_zoom_button":"0","zoom_button_out_step":"2","zoom_button_in_step":"3","show_post_tag":"1","show_prev_next_post":"1","show_popup_post":"1","number_popup_post":"1","show_author_box":"0","show_post_related":"0","show_inline_post_related":"0"}],"override_image_size":"0","image_override":[{"single_post_thumbnail_size":"crop-500","single_post_gallery_size":"crop-500"}],"trending_post":"0","trending_post_position":"meta","trending_post_label":"Trending","sponsored_post":"0","sponsored_post_label":"Sponsored by","sponsored_post_name":"","sponsored_post_url":"","sponsored_post_logo_enable":"0","sponsored_post_logo":"","sponsored_post_desc":"","disable_ad":"0"},"jnews_primary_category":{"id":""},"jnews_social_meta":{"fb_title":"","fb_description":"","fb_image":"","twitter_title":"","twitter_description":"","twitter_image":""},"footnotes":""},"categories":[39],"tags":[],"class_list":["post-291457","post","type-post","status-publish","format-standard","has-post-thumbnail","hentry","category-viajes"],"_links":{"self":[{"href":"https:\/\/dimensionturistica.com\/es\/wp-json\/wp\/v2\/posts\/291457","targetHints":{"allow":["GET"]}}],"collection":[{"href":"https:\/\/dimensionturistica.com\/es\/wp-json\/wp\/v2\/posts"}],"about":[{"href":"https:\/\/dimensionturistica.com\/es\/wp-json\/wp\/v2\/types\/post"}],"author":[{"embeddable":true,"href":"https:\/\/dimensionturistica.com\/es\/wp-json\/wp\/v2\/users\/1"}],"replies":[{"embeddable":true,"href":"https:\/\/dimensionturistica.com\/es\/wp-json\/wp\/v2\/comments?post=291457"}],"version-history":[{"count":0,"href":"https:\/\/dimensionturistica.com\/es\/wp-json\/wp\/v2\/posts\/291457\/revisions"}],"wp:featuredmedia":[{"embeddable":true,"href":"https:\/\/dimensionturistica.com\/es\/wp-json\/wp\/v2\/media\/291463"}],"wp:attachment":[{"href":"https:\/\/dimensionturistica.com\/es\/wp-json\/wp\/v2\/media?parent=291457"}],"wp:term":[{"taxonomy":"category","embeddable":true,"href":"https:\/\/dimensionturistica.com\/es\/wp-json\/wp\/v2\/categories?post=291457"},{"taxonomy":"post_tag","embeddable":true,"href":"https:\/\/dimensionturistica.com\/es\/wp-json\/wp\/v2\/tags?post=291457"}],"curies":[{"name":"wp","href":"https:\/\/api.w.org\/{rel}","templated":true}]}}