{"id":291405,"date":"2022-03-23T17:20:55","date_gmt":"2022-03-23T17:20:55","guid":{"rendered":"https:\/\/dimensionturistica.com\/es\/?p=291405"},"modified":"2022-03-23T17:20:55","modified_gmt":"2022-03-23T17:20:55","slug":"en-el-marco-del-dia-internacional-de-la-mujer-chable-hotels-celebra-la-huella-que-mujeres-han-y-siguen-dejado-en-sus-propiedades","status":"publish","type":"post","link":"https:\/\/dimensionturistica.com\/es\/en-el-marco-del-dia-internacional-de-la-mujer-chable-hotels-celebra-la-huella-que-mujeres-han-y-siguen-dejado-en-sus-propiedades\/","title":{"rendered":"En el marco del D\u00eda Internacional de la Mujer, Chabl\u00e9 Hotels celebra la huella que mujeres han y siguen dejado en sus propiedades"},"content":{"rendered":"<p>El 8 de marzo se recuerda y conmemora la lucha, que actualmente sigue vigente, de millones de mujeres que buscan la igualdad y un futuro sostenible, pac\u00edfico, con los mismos derechos y oportunidades para todas las personas. Teniendo esto en mente y como parte de su esencia, Chabl\u00e9 Hotels \u2013una marca mexicana sostenible de hoteles boutique de ultra lujo\u2013 ha buscado ser un activo<img decoding=\"async\" class=\"size-medium wp-image-291411 alignleft\" src=\"https:\/\/dimensionturistica.com\/es\/wp-content\/uploads\/2022\/03\/193721950_336962041313984_7641884145978245725_n-1-200x300.jpg\" alt=\"\" width=\"200\" height=\"300\" srcset=\"https:\/\/dimensionturistica.com\/es\/wp-content\/uploads\/2022\/03\/193721950_336962041313984_7641884145978245725_n-1-200x300.jpg 200w, https:\/\/dimensionturistica.com\/es\/wp-content\/uploads\/2022\/03\/193721950_336962041313984_7641884145978245725_n-1-683x1024.jpg 683w, https:\/\/dimensionturistica.com\/es\/wp-content\/uploads\/2022\/03\/193721950_336962041313984_7641884145978245725_n-1-768x1152.jpg 768w, https:\/\/dimensionturistica.com\/es\/wp-content\/uploads\/2022\/03\/193721950_336962041313984_7641884145978245725_n-1-1024x1536.jpg 1024w, https:\/\/dimensionturistica.com\/es\/wp-content\/uploads\/2022\/03\/193721950_336962041313984_7641884145978245725_n-1-750x1125.jpg 750w, https:\/\/dimensionturistica.com\/es\/wp-content\/uploads\/2022\/03\/193721950_336962041313984_7641884145978245725_n-1-1140x1710.jpg 1140w, https:\/\/dimensionturistica.com\/es\/wp-content\/uploads\/2022\/03\/193721950_336962041313984_7641884145978245725_n-1.jpg 1365w\" sizes=\"(max-width: 200px) 100vw, 200px\" \/> actor dentro de la sociedad impactando de manera positiva, promoviendo el desarrollo y el crecimiento de todos sus colaboradores, entre muchas otras iniciativas, as\u00ed como honrando y celebrando las aportaciones y el legado de valiosas mujeres que han marcado su historia dentro del sector de la hospitalidad.<br \/>\nTal es el caso de Teresa de Jes\u00fas Mart\u00edn Cocom, quien forma parte de Chabl\u00e9 Hotels desde hace tres a\u00f1os, actualmente es cocinera tradicional y con su labor ayuda a resguardar el conocimiento culinario de generaciones y una de las voces m\u00e1s importantes de Chabl\u00e9 Yucat\u00e1n.<br \/>\n\u201cDesde siempre me ha gustado la cocina. Cuando llegu\u00e9 al hotel, les ense\u00f1\u00e9 lo que sab\u00eda preparar y, despu\u00e9s de probar mis platillos, me dijeron que s\u00ed, que era bienvenida al equipo\u201d. As\u00ed, de manera rotunda e inmediata, Do\u00f1a Tere se uni\u00f3 Chabl\u00e9 Yucat\u00e1n gracias a su talento y, por supuesto, a su conocimiento sobre la cocina tradicional yucateca, heredado de su madre y el cual ha estado presente de generaci\u00f3n en generaci\u00f3n en su familia. \u201cDesde chica, mi mam\u00e1 me ense\u00f1\u00f3 a cocinar. Ten\u00eda como 10 o 12 a\u00f1os cuando me dijo \u2018ya est\u00e1s lista para aprender a preparar la comida\u2019. Primero aprend\u00ed a cocinar el frijol con puerco, algo que com\u00edamos mucho en familia; despu\u00e9s la cochinita y todos los platillos que pueden comerse en la Casita Maya\u201d, coment\u00f3.<br \/>\nCasita Maya es una palapa construida con las pautas ancestrales de la cultura maya, siendo fieles<img decoding=\"async\" class=\"size-medium wp-image-291412 alignright\" src=\"https:\/\/dimensionturistica.com\/es\/wp-content\/uploads\/2022\/03\/CMHEADE-300x165.jpg\" alt=\"\" width=\"300\" height=\"165\" srcset=\"https:\/\/dimensionturistica.com\/es\/wp-content\/uploads\/2022\/03\/CMHEADE-300x165.jpg 300w, https:\/\/dimensionturistica.com\/es\/wp-content\/uploads\/2022\/03\/CMHEADE-1024x564.jpg 1024w, https:\/\/dimensionturistica.com\/es\/wp-content\/uploads\/2022\/03\/CMHEADE-768x423.jpg 768w, https:\/\/dimensionturistica.com\/es\/wp-content\/uploads\/2022\/03\/CMHEADE-1536x846.jpg 1536w, https:\/\/dimensionturistica.com\/es\/wp-content\/uploads\/2022\/03\/CMHEADE-750x413.jpg 750w, https:\/\/dimensionturistica.com\/es\/wp-content\/uploads\/2022\/03\/CMHEADE-1140x628.jpg 1140w, https:\/\/dimensionturistica.com\/es\/wp-content\/uploads\/2022\/03\/CMHEADE.jpg 1920w\" sizes=\"(max-width: 300px) 100vw, 300px\" \/> casi en su totalidad a los materiales y dise\u00f1os originales de estas antiguas edificaciones. Es el lugar ideal para disfrutar de un guisado regional: cochinita pibil, sopa de lima, poc chuc o panuchos, preparados por Do\u00f1a Tere y su compa\u00f1era cocinera, quienes, de igual forma, emplean las t\u00e9cnicas tradicionales para preparar, paso a paso, cada una de estas delicias de la pen\u00ednsula.<br \/>\nLa historia de Do\u00f1a Tere es un reflejo del constante apoyo que Chabl\u00e9 Hotels busca brindar a las comunidades, donde muchas mujeres han encontrado una oportunidad de desarrollarse de manera profesional, as\u00ed como lo narra esta cocinera tradicional, quien adem\u00e1s de ser una pieza fundamental del equipo, se ha convertido en un caso de \u00e9xito y testimonio viviente de la relevancia cultural e incluso antropol\u00f3gica que tiene la cocina yucateca, creando un legado altamente valorado, respetado y promovido por Chabl\u00e9 Yucat\u00e1n.<br \/>\n\u201cEs la primera vez que trabajo en un lugar tan grande como Chabl\u00e9. Si las puertas estaban abiertas para m\u00ed, lo est\u00e1n todav\u00eda para muchas mujeres de mi comunidad y de otras m\u00e1s. Siempre es bueno aprender cosas buenas. Aunque yo soy de Yucat\u00e1n, por ejemplo, no conoc\u00eda muchas cosas de la cultura de mi estado y del mundo. He platicado con hu\u00e9spedes que vienen de otros pa\u00edses. Me <img decoding=\"async\" class=\"size-medium wp-image-291413 alignleft\" src=\"https:\/\/dimensionturistica.com\/es\/wp-content\/uploads\/2022\/03\/2-2-300x171.jpg\" alt=\"\" width=\"300\" height=\"171\" srcset=\"https:\/\/dimensionturistica.com\/es\/wp-content\/uploads\/2022\/03\/2-2-300x171.jpg 300w, https:\/\/dimensionturistica.com\/es\/wp-content\/uploads\/2022\/03\/2-2-768x437.jpg 768w, https:\/\/dimensionturistica.com\/es\/wp-content\/uploads\/2022\/03\/2-2-750x427.jpg 750w, https:\/\/dimensionturistica.com\/es\/wp-content\/uploads\/2022\/03\/2-2.jpg 967w\" sizes=\"(max-width: 300px) 100vw, 300px\" \/>escuchan, quieren conocer mi historia y yo escucho las de ellos. Nunca se deja de aprender: eso entend\u00ed en Chabl\u00e9, que se ha convertido ya en mi casa\u201d, finaliz\u00f3.<br \/>\nPara Chabl\u00e9 Yucat\u00e1n, Do\u00f1a Tere es sin\u00f3nimo de esfuerzo, una fuente de inspiraci\u00f3n que va m\u00e1s all\u00e1 de la Casita Maya, ese santuario en la que muestra sus habilidades culinarias a visitantes que vienen de todas las latitudes del mundo; pero tambi\u00e9n les ense\u00f1a el rostro m\u00e1s humano de este hotel, el de una mujer que sigue luchando por salir adelante sin dejar atr\u00e1s lo que la define, pero cambiando su realidad y la de sus compa\u00f1eras d\u00eda a d\u00eda.<br \/>\nPara conocer m\u00e1s acerca de esta y otras incre\u00edbles aportaciones de notables mujeres en Chabl\u00e9 Hotels, por favor visite ChableHotels.com o a trav\u00e9s de Instagram, Twitter y Facebook.<\/p>\n","protected":false},"excerpt":{"rendered":"<p>El 8 de marzo se recuerda y conmemora la lucha, que actualmente sigue vigente, de millones de mujeres que buscan la igualdad y un futuro sostenible, pac\u00edfico, con los mismos derechos y oportunidades para todas las personas. Teniendo esto en mente y como parte de su esencia, Chabl\u00e9 Hotels \u2013una marca mexicana sostenible de hoteles [&hellip;]<\/p>\n","protected":false},"author":1,"featured_media":291414,"comment_status":"open","ping_status":"closed","sticky":false,"template":"","format":"standard","meta":{"om_disable_all_campaigns":false,"jnews-multi-image_gallery":[],"jnews_single_post":{"source_name":"","source_url":"","via_name":"","via_url":"","override_template":"0","override":[{"template":"1","single_blog_custom":"","parallax":"1","fullscreen":"1","layout":"right-sidebar","sidebar":"default-sidebar","second_sidebar":"default-sidebar","sticky_sidebar":"1","share_position":"top","share_float_style":"share-monocrhome","show_share_counter":"1","show_view_counter":"1","show_featured":"1","show_post_meta":"1","show_post_author":"1","show_post_author_image":"1","show_post_date":"1","post_date_format":"default","post_date_format_custom":"Y\/m\/d","show_post_category":"1","show_post_reading_time":"0","post_reading_time_wpm":"300","show_zoom_button":"0","zoom_button_out_step":"2","zoom_button_in_step":"3","show_post_tag":"1","show_prev_next_post":"1","show_popup_post":"1","number_popup_post":"1","show_author_box":"0","show_post_related":"0","show_inline_post_related":"0"}],"override_image_size":"0","image_override":[{"single_post_thumbnail_size":"crop-500","single_post_gallery_size":"crop-500"}],"trending_post":"0","trending_post_position":"meta","trending_post_label":"Trending","sponsored_post":"0","sponsored_post_label":"Sponsored by","sponsored_post_name":"","sponsored_post_url":"","sponsored_post_logo_enable":"0","sponsored_post_logo":"","sponsored_post_desc":"","disable_ad":"0"},"jnews_primary_category":{"id":""},"jnews_social_meta":{"fb_title":"","fb_description":"","fb_image":"","twitter_title":"","twitter_description":"","twitter_image":""},"footnotes":""},"categories":[39],"tags":[],"class_list":["post-291405","post","type-post","status-publish","format-standard","has-post-thumbnail","hentry","category-viajes"],"_links":{"self":[{"href":"https:\/\/dimensionturistica.com\/es\/wp-json\/wp\/v2\/posts\/291405","targetHints":{"allow":["GET"]}}],"collection":[{"href":"https:\/\/dimensionturistica.com\/es\/wp-json\/wp\/v2\/posts"}],"about":[{"href":"https:\/\/dimensionturistica.com\/es\/wp-json\/wp\/v2\/types\/post"}],"author":[{"embeddable":true,"href":"https:\/\/dimensionturistica.com\/es\/wp-json\/wp\/v2\/users\/1"}],"replies":[{"embeddable":true,"href":"https:\/\/dimensionturistica.com\/es\/wp-json\/wp\/v2\/comments?post=291405"}],"version-history":[{"count":0,"href":"https:\/\/dimensionturistica.com\/es\/wp-json\/wp\/v2\/posts\/291405\/revisions"}],"wp:featuredmedia":[{"embeddable":true,"href":"https:\/\/dimensionturistica.com\/es\/wp-json\/wp\/v2\/media\/291414"}],"wp:attachment":[{"href":"https:\/\/dimensionturistica.com\/es\/wp-json\/wp\/v2\/media?parent=291405"}],"wp:term":[{"taxonomy":"category","embeddable":true,"href":"https:\/\/dimensionturistica.com\/es\/wp-json\/wp\/v2\/categories?post=291405"},{"taxonomy":"post_tag","embeddable":true,"href":"https:\/\/dimensionturistica.com\/es\/wp-json\/wp\/v2\/tags?post=291405"}],"curies":[{"name":"wp","href":"https:\/\/api.w.org\/{rel}","templated":true}]}}