{"id":291396,"date":"2022-03-23T17:09:36","date_gmt":"2022-03-23T17:09:36","guid":{"rendered":"https:\/\/dimensionturistica.com\/es\/?p=291396"},"modified":"2022-03-23T17:09:36","modified_gmt":"2022-03-23T17:09:36","slug":"iniciara-operaciones-tag-airlines-en-yucatan-desde-el-29-de-abril-2022","status":"publish","type":"post","link":"https:\/\/dimensionturistica.com\/es\/iniciara-operaciones-tag-airlines-en-yucatan-desde-el-29-de-abril-2022\/","title":{"rendered":"Iniciara operaciones TAG AIRLINES en Yucat\u00e1n desde el 29 de abril 2022"},"content":{"rendered":"<p>TAG Airlines, la aerol\u00ednea del Mundo Maya, anunci\u00f3 que el vuelo Guatemala-M\u00e9rida-Guatemala iniciar\u00e1 operaciones formales el pr\u00f3ximo 29 de abril, con cuatro frecuencias semanales y las tarifas m\u00e1s atractivas.<br \/>\nEn conferencia de prensa, Julio Gamero, CEO de TAG Airlines, y Michelle Fridman, titular de la<img decoding=\"async\" class=\"size-medium wp-image-291397 alignleft\" src=\"https:\/\/dimensionturistica.com\/es\/wp-content\/uploads\/2022\/03\/unnamed-1-7-300x200.jpg\" alt=\"\" width=\"300\" height=\"200\" srcset=\"https:\/\/dimensionturistica.com\/es\/wp-content\/uploads\/2022\/03\/unnamed-1-7-300x200.jpg 300w, https:\/\/dimensionturistica.com\/es\/wp-content\/uploads\/2022\/03\/unnamed-1-7-768x512.jpg 768w, https:\/\/dimensionturistica.com\/es\/wp-content\/uploads\/2022\/03\/unnamed-1-7-750x500.jpg 750w, https:\/\/dimensionturistica.com\/es\/wp-content\/uploads\/2022\/03\/unnamed-1-7.jpg 1024w\" sizes=\"(max-width: 300px) 100vw, 300px\" \/> Secretar\u00eda de Fomento Tur\u00edstico de Yucat\u00e1n (Sefotur), informaron que los preparativos para el nuevo vuelo \u201cavanzan de manera positiva\u201d.<br \/>\nJulio Gamero agradeci\u00f3 la confianza de las autoridades del estado de Yucat\u00e1n y se\u00f1al\u00f3 que el trabajo en equipo permitir\u00e1 fortalecer la conectividad a\u00e9rea en el Mundo Maya, el impulso al desarrollo de la industria de la aviaci\u00f3n y el turismo, que son motores importantes para el crecimiento econ\u00f3mico de nuestros pueblos.<br \/>\nPor su parte, Michelle Fridman destac\u00f3 que el inicio de operaciones de TAG Airlines en Yucat\u00e1n, permitir\u00e1 fortalecer la conectividad y la oferta tur\u00edstica que ofrece el estado a los visitantes nacionales y extranjeros.<br \/>\n\u201cEstamos muy contentos de seguir abriendo v\u00edas de comunicaci\u00f3n con otros mercados, la llegada del vuelo con Guatemala nos abre nuevas posibilidades de desarrollo tur\u00edstico\u201d, coment\u00f3 Fridman.<br \/>\nYucat\u00e1n es un punto estrat\u00e9gico para TAG Airlines, ya que ofrece un gran atractivo para los viajeros tanto de placer y de negocios. La regi\u00f3n del Mundo Maya se ha convertido en un referente de los viajes y el turismo a nivel global, y TAG Airlines tiene el firme objetivo de continuar el fortalecimiento de la la conectividad en esta regi\u00f3n.<br \/>\nCabe destacar que Yucat\u00e1n es uno de los destinos en M\u00e9xico donde la Cultura Maya se encuentra viva entre sus habitantes y comunidades; es un estado rico en tradiciones, cultura, historia y naturaleza, siendo la casa de m\u00e1s de 3,000 cenotes y 18 zonas arqueol\u00f3gicas, de estas, Chich\u00e9n Itz\u00e1 es una de las Siete Maravillas del Mundo Moderno y junto con Uxmal son Patrimonio Cultural de la<img decoding=\"async\" class=\"size-medium wp-image-291399 alignleft\" src=\"https:\/\/dimensionturistica.com\/es\/wp-content\/uploads\/2022\/03\/unnamed-21-300x200.jpg\" alt=\"\" width=\"300\" height=\"200\" srcset=\"https:\/\/dimensionturistica.com\/es\/wp-content\/uploads\/2022\/03\/unnamed-21-300x200.jpg 300w, https:\/\/dimensionturistica.com\/es\/wp-content\/uploads\/2022\/03\/unnamed-21-768x512.jpg 768w, https:\/\/dimensionturistica.com\/es\/wp-content\/uploads\/2022\/03\/unnamed-21-750x500.jpg 750w, https:\/\/dimensionturistica.com\/es\/wp-content\/uploads\/2022\/03\/unnamed-21.jpg 1024w\" sizes=\"(max-width: 300px) 100vw, 300px\" \/> Humanidad.<br \/>\nLa gastronom\u00eda yucateca es un \u00edcono en el mundo por sus sabores, olores y colores, que combinan una cultura milenaria con la contempor\u00e1nea. Yucat\u00e1n es un destino que, adem\u00e1s, une con facilidad a otros estados de la Rep\u00fablica Mexicana que son parte de la Regi\u00f3n Mundo Maya M\u00e9xico y, por lo tanto, un punto estrat\u00e9gico para la promoci\u00f3n de esta cultura ante el mundo.<br \/>\nJulio Gamero, CEO de TAG Airlines, aerol\u00ednea bandera de Guatemala, realiz\u00f3 una visita de trabajo a la la ciudad de M\u00e9rida, donde sostuvo reuniones de trabajo con autoridades de la Secretaer\u00eda de Fomento Econ\u00f3mico de Yucat\u00e1n, con la Asociaci\u00f3n de Agencias Promotoras de Turismo de Yucat\u00e1n y con la Direcci\u00f3n de Desarrollo Econ\u00f3mico y Turismo del Ayuntamiento de M\u00e9rida.<br \/>\nDe igual forma, se reuni\u00f3 con directivos de la C\u00e1mara Nacional de Comercio, Servicios y Turismo de M\u00e9rida (Concanaco Seritur) y de la Confederaci\u00f3n Patronal de la Rep\u00fablica Mexicana (Coparmex-M\u00e9rida), y con representantes de la Universidad del Mayab y de la Universidad del Valle de M\u00e9xico. El objetivo de esta visita, fue estrechar lazos de cooperaci\u00f3n para impulsar la promoci\u00f3n de los destinos del Mundo Maya, espec\u00edficamente del estado de Yucat\u00e1n.<br \/>\nTAG Airlines, aerol\u00ednea bandera de Guatemala, desde hace 60 a\u00f1os mantiene un firme compromiso con la conectividad a\u00e9rea y el desarrollo. Actualmente opera 27 vuelos diarios en Guatemala, Honduras, El Salvador, Belice y M\u00e9xico, con una moderna flota de m\u00e1s de 20 aeronaves.<\/p>\n","protected":false},"excerpt":{"rendered":"<p>TAG Airlines, la aerol\u00ednea del Mundo Maya, anunci\u00f3 que el vuelo Guatemala-M\u00e9rida-Guatemala iniciar\u00e1 operaciones formales el pr\u00f3ximo 29 de abril, con cuatro frecuencias semanales y las tarifas m\u00e1s atractivas. En conferencia de prensa, Julio Gamero, CEO de TAG Airlines, y Michelle Fridman, titular de la Secretar\u00eda de Fomento Tur\u00edstico de Yucat\u00e1n (Sefotur), informaron que los [&hellip;]<\/p>\n","protected":false},"author":1,"featured_media":291398,"comment_status":"open","ping_status":"closed","sticky":false,"template":"","format":"standard","meta":{"om_disable_all_campaigns":false,"jnews-multi-image_gallery":[],"jnews_single_post":{"source_name":"","source_url":"","via_name":"","via_url":"","override_template":"0","override":[{"template":"1","single_blog_custom":"","parallax":"1","fullscreen":"1","layout":"right-sidebar","sidebar":"default-sidebar","second_sidebar":"default-sidebar","sticky_sidebar":"1","share_position":"top","share_float_style":"share-monocrhome","show_share_counter":"1","show_view_counter":"1","show_featured":"1","show_post_meta":"1","show_post_author":"1","show_post_author_image":"1","show_post_date":"1","post_date_format":"default","post_date_format_custom":"Y\/m\/d","show_post_category":"1","show_post_reading_time":"0","post_reading_time_wpm":"300","show_zoom_button":"0","zoom_button_out_step":"2","zoom_button_in_step":"3","show_post_tag":"1","show_prev_next_post":"1","show_popup_post":"1","number_popup_post":"1","show_author_box":"0","show_post_related":"0","show_inline_post_related":"0"}],"override_image_size":"0","image_override":[{"single_post_thumbnail_size":"crop-500","single_post_gallery_size":"crop-500"}],"trending_post":"0","trending_post_position":"meta","trending_post_label":"Trending","sponsored_post":"0","sponsored_post_label":"Sponsored by","sponsored_post_name":"","sponsored_post_url":"","sponsored_post_logo_enable":"0","sponsored_post_logo":"","sponsored_post_desc":"","disable_ad":"0"},"jnews_primary_category":{"id":""},"jnews_social_meta":{"fb_title":"","fb_description":"","fb_image":"","twitter_title":"","twitter_description":"","twitter_image":""},"footnotes":""},"categories":[39],"tags":[],"class_list":["post-291396","post","type-post","status-publish","format-standard","has-post-thumbnail","hentry","category-viajes"],"_links":{"self":[{"href":"https:\/\/dimensionturistica.com\/es\/wp-json\/wp\/v2\/posts\/291396","targetHints":{"allow":["GET"]}}],"collection":[{"href":"https:\/\/dimensionturistica.com\/es\/wp-json\/wp\/v2\/posts"}],"about":[{"href":"https:\/\/dimensionturistica.com\/es\/wp-json\/wp\/v2\/types\/post"}],"author":[{"embeddable":true,"href":"https:\/\/dimensionturistica.com\/es\/wp-json\/wp\/v2\/users\/1"}],"replies":[{"embeddable":true,"href":"https:\/\/dimensionturistica.com\/es\/wp-json\/wp\/v2\/comments?post=291396"}],"version-history":[{"count":0,"href":"https:\/\/dimensionturistica.com\/es\/wp-json\/wp\/v2\/posts\/291396\/revisions"}],"wp:featuredmedia":[{"embeddable":true,"href":"https:\/\/dimensionturistica.com\/es\/wp-json\/wp\/v2\/media\/291398"}],"wp:attachment":[{"href":"https:\/\/dimensionturistica.com\/es\/wp-json\/wp\/v2\/media?parent=291396"}],"wp:term":[{"taxonomy":"category","embeddable":true,"href":"https:\/\/dimensionturistica.com\/es\/wp-json\/wp\/v2\/categories?post=291396"},{"taxonomy":"post_tag","embeddable":true,"href":"https:\/\/dimensionturistica.com\/es\/wp-json\/wp\/v2\/tags?post=291396"}],"curies":[{"name":"wp","href":"https:\/\/api.w.org\/{rel}","templated":true}]}}